{"id":7539,"date":"2025-12-16T18:02:16","date_gmt":"2025-12-16T18:02:16","guid":{"rendered":"https:\/\/blogsaverroes.juntadeandalucia.es\/ceipsjcalasanz\/?p=7539"},"modified":"2025-12-16T18:02:16","modified_gmt":"2025-12-16T18:02:16","slug":"desayuno-navideno","status":"publish","type":"post","link":"https:\/\/blogsaverroes.juntadeandalucia.es\/ceipsjcalasanz\/desayuno-navideno\/","title":{"rendered":"DESAYUNO NAVIDE\u00d1O"},"content":{"rendered":"<p>Coincidiendo con el <strong>3 de diciembre, D\u00eda Internacional de las Personas con Discapacidad<\/strong>, hemos organizado en el colegio un desayuno solidario navide\u00f1o.<\/p>\n<p style=\"text-align: justify\">Todas las familias que han querido colaborar se han sumado a esta iniciativa de <strong>Miriam Morales Villanueva<\/strong>, maestra especialista del <strong>Aula Espec\u00edfica<\/strong>, que prepar\u00f3 con ayuda de todo el alumnado un sabroso y nutritivo desayuno. Las actividades no terminaron ah\u00ed, pues, coincidiendo con este final de primer trimestre, el alumnado del Aula Espec\u00edfica ha tenido la oportunidad de cartearse con ni\u00f1os y ni\u00f1as de otros colegios. En concreto, han recibido y entregado simp\u00e1ticas postales y adornos para el \u00e1rbol de Navidad de un colegio de Marbella.<\/p>\n<p>Desde aqu\u00ed queremos agradecer a todas las personas que han hecho posible esta novedosa e interesante actividad.<\/p>\n<p>Os dejamos unas im\u00e1genes.<\/p>\nngg_shortcode_0_placeholder\n","protected":false},"excerpt":{"rendered":"<p>Coincidiendo con el 3 de diciembre, D\u00eda Internacional de las Personas con Discapacidad, hemos organizado en el colegio un desayuno solidario navide\u00f1o. Todas las familias que han querido colaborar se han sumado a esta iniciativa de Miriam Morales Villanueva, maestra especialista del Aula Espec\u00edfica, que prepar\u00f3 con ayuda de todo el alumnado un sabroso y nutritivo desayuno. Las actividades no terminaron ah\u00ed, pues, coincidiendo con este final de primer trimestre, el alumnado del Aula Espec\u00edfica ha tenido la oportunidad de&#46;&#46;&#46;<\/p>\n","protected":false},"author":11180,"featured_media":7549,"comment_status":"open","ping_status":"open","sticky":false,"template":"","format":"standard","meta":{"ngg_post_thumbnail":0,"footnotes":""},"categories":[2351952],"tags":[2351848],"aioseo_notices":[],"_links":{"self":[{"href":"https:\/\/blogsaverroes.juntadeandalucia.es\/ceipsjcalasanz\/wp-json\/wp\/v2\/posts\/7539"}],"collection":[{"href":"https:\/\/blogsaverroes.juntadeandalucia.es\/ceipsjcalasanz\/wp-json\/wp\/v2\/posts"}],"about":[{"href":"https:\/\/blogsaverroes.juntadeandalucia.es\/ceipsjcalasanz\/wp-json\/wp\/v2\/types\/post"}],"author":[{"embeddable":true,"href":"https:\/\/blogsaverroes.juntadeandalucia.es\/ceipsjcalasanz\/wp-json\/wp\/v2\/users\/11180"}],"replies":[{"embeddable":true,"href":"https:\/\/blogsaverroes.juntadeandalucia.es\/ceipsjcalasanz\/wp-json\/wp\/v2\/comments?post=7539"}],"version-history":[{"count":1,"href":"https:\/\/blogsaverroes.juntadeandalucia.es\/ceipsjcalasanz\/wp-json\/wp\/v2\/posts\/7539\/revisions"}],"predecessor-version":[{"id":7550,"href":"https:\/\/blogsaverroes.juntadeandalucia.es\/ceipsjcalasanz\/wp-json\/wp\/v2\/posts\/7539\/revisions\/7550"}],"wp:featuredmedia":[{"embeddable":true,"href":"https:\/\/blogsaverroes.juntadeandalucia.es\/ceipsjcalasanz\/wp-json\/wp\/v2\/media\/7549"}],"wp:attachment":[{"href":"https:\/\/blogsaverroes.juntadeandalucia.es\/ceipsjcalasanz\/wp-json\/wp\/v2\/media?parent=7539"}],"wp:term":[{"taxonomy":"category","embeddable":true,"href":"https:\/\/blogsaverroes.juntadeandalucia.es\/ceipsjcalasanz\/wp-json\/wp\/v2\/categories?post=7539"},{"taxonomy":"post_tag","embeddable":true,"href":"https:\/\/blogsaverroes.juntadeandalucia.es\/ceipsjcalasanz\/wp-json\/wp\/v2\/tags?post=7539"}],"curies":[{"name":"wp","href":"https:\/\/api.w.org\/{rel}","templated":true}]}}