{"id":1186,"date":"2022-06-21T11:21:01","date_gmt":"2022-06-21T10:21:01","guid":{"rendered":"https:\/\/blogsaverroes.juntadeandalucia.es\/ceipsotomayor\/?p=1186"},"modified":"2022-06-21T11:21:01","modified_gmt":"2022-06-21T10:21:01","slug":"biblioteca-2021-2022","status":"publish","type":"post","link":"https:\/\/blogsaverroes.juntadeandalucia.es\/ceipsotomayor\/biblioteca-2021-2022\/","title":{"rendered":"BIBLIOTECA 2021\/2022"},"content":{"rendered":"<p style=\"text-align: center\"><span style=\"font-size: 18pt\"><strong>CONOCE LA BIBLIOTECA DE COLEGIO<\/strong><\/span><\/p>\n<p><strong>La biblioteca del CEIP \u00c1lvarez de Sotomayor est\u00e1 ubicada en el edificio principal. El objetivo de todas las actividades que se proponen para este curso, es animar al alumnado hacia la lectura y m<\/strong><strong>ejorar los h\u00e1bitos lectores.<\/strong><\/p>\n<p><img loading=\"lazy\" decoding=\"async\" class=\"aligncenter\" src=\"https:\/\/i.pinimg.com\/originals\/82\/15\/1a\/82151a83010ed144ec008a53ff8cff3c.jpg\" alt=\"Pin en Frases\" width=\"421\" height=\"298\" \/><img loading=\"lazy\" decoding=\"async\" class=\"alignnone  wp-image-1195\" src=\"https:\/\/blogsaverroes.juntadeandalucia.es\/ceipsotomayor\/files\/2022\/06\/IMG_20220614_121422-300x225.jpg\" alt=\"\" width=\"258\" height=\"193\" \/> <img loading=\"lazy\" decoding=\"async\" class=\"alignnone  wp-image-1194\" src=\"https:\/\/blogsaverroes.juntadeandalucia.es\/ceipsotomayor\/files\/2022\/06\/IMG_20220614_121412-300x225.jpg\" alt=\"\" width=\"255\" height=\"191\" \/> <img loading=\"lazy\" decoding=\"async\" class=\"alignnone  wp-image-1197\" src=\"https:\/\/blogsaverroes.juntadeandalucia.es\/ceipsotomayor\/files\/2022\/06\/IMG_20220614_121434-300x225.jpg\" alt=\"\" width=\"251\" height=\"188\" \/><\/p>\n<p><strong>\u00a1\u00a1\u00a1Te esperamos en la biblioteca!!!<\/strong><\/p>\n<p>&nbsp;<\/p>\n<p style=\"text-align: center\"><span style=\"font-size: 18pt\"><strong>VISITA\u00a0 A \u00a0LA \u00a0BIBLIOTECA\u00a0 P\u00daBLICA DE CUEVAS DEL ALMANZORA<\/strong><\/span><\/p>\n<h2><span style=\"font-size: 12pt\">En el segundo trimestre visitamos el Castillo del Marqu\u00e9s de los V\u00e9lez para conocer la Biblioteca P\u00fablica Municipal Poeta \u00c1lvarez de Sotomayor, el Museo Arqueol\u00f3gico Municipal y Museo Antonio Manuel Campoy.<\/span><\/h2>\n<h2 style=\"text-align: center\"><strong><em><span style=\"font-size: 12pt\">\u00a1Qu\u00e9 bien lo pasaron nuestros alumnos\/as conociendo su <\/span><span style=\"font-size: 12pt\">entorno m\u00e1s cercano!<\/span><\/em><\/strong><\/h2>\n<p><img loading=\"lazy\" decoding=\"async\" class=\"aligncenter\" src=\"http:\/\/www.juntadeandalucia.es\/cultura\/recursos\/gmediaPro\/resources\/X0000\/R0596.jpg\" alt=\"Junta de Andaluc\u00eda - Biblioteca P\u00fablica Municipal &quot;Poeta \u00c1lvarez de  Sotomayor&quot; de Cuevas del Almanzora\" width=\"417\" height=\"288\" \/><\/p>\n<p><img loading=\"lazy\" decoding=\"async\" class=\"aligncenter\" src=\"https:\/\/www.monumentalnet.org\/datos\/almeria\/cuevas_del_almanzora\/cuevas_del_almanzora\/castillo_de_los_velez\/AL-CAS-057-1033001.jpg\" alt=\"Castillo de los V\u00e9lez en Cuevas del Almanzora, Almer\u00eda | MonumentalNet\" width=\"423\" height=\"317\" \/><\/p>\n<p>&nbsp;<\/p>\n<p style=\"text-align: center\"><span style=\"font-size: 18pt\"><strong>PR\u00c9STAMO DE LIBROS<\/strong><\/span><\/p>\n<p><span style=\"font-size: 12pt\"><strong>Durante este curso se han realizado pr\u00e9stamos de libros en las aulas y tambi\u00e9n se han podido reservar\u00a0 los libros expuestos en el Tabl\u00f3n de la Biblioteca. Muchos de esos libros son novedades de este curso y otros son recomendaciones que pueden ser interesantes para nuestro alumnado.<\/strong><\/span><\/p>\n<p><img loading=\"lazy\" decoding=\"async\" class=\"wp-image-1187 aligncenter\" src=\"https:\/\/blogsaverroes.juntadeandalucia.es\/ceipsotomayor\/files\/2022\/06\/IMG_20220608_124255-300x225.jpg\" alt=\"\" width=\"488\" height=\"366\" \/><\/p>\n<p style=\"text-align: center\"><span style=\"font-size: 18pt\"><strong>HALLOWEEN<\/strong><\/span><\/p>\n<p><strong>Nuestros alumnos\/as \u00a0m\u00e1s peque\u00f1os pudieron disfrutar de este terror\u00edfico pero divertido cuento en el\u00a0 aula.<\/strong><\/p>\n<p><strong>La cocina de la bruja. Cuentacuentos Beatriz Montero:<\/strong><\/p>\n<p><a href=\"https:\/\/youtu.be\/RQlCqVZ6QDU\">https:\/\/youtu.be\/RQlCqVZ6QDU<\/a><\/p>\n<p style=\"text-align: center\"><span style=\"font-size: 18pt\"><strong>CONCURSO DE TARJETAS DE NAVIDAD<\/strong><\/span><\/p>\n<p style=\"text-align: center\"><strong>Durante el mes de diciembre nuestros alumnos\/as participaron en el concurso de tarjetas de navidad.<\/strong><\/p>\n<p style=\"text-align: center\"><strong>Gracias a todos\/as por la gran colaboraci\u00f3n y participaci\u00f3n. <\/strong><\/p>\n<p style=\"text-align: center\"><strong>Los ganadores y ganadores se llevaron a casa un peque\u00f1o regalo.<\/strong><\/p>\n<p><strong> <img loading=\"lazy\" decoding=\"async\" class=\"aligncenter\" src=\"https:\/\/tienda.contraelcancer.es\/wp-content\/uploads\/online_tarjetas-navidad-2021-2.jpg\" alt=\"Tarjetas Navidad | Tienda Contra el C\u00e1ncer\" width=\"451\" height=\"338\" \/><\/strong><\/p>\n<p style=\"text-align: center\"><strong>\u00a1GRACIAS!<\/strong><\/p>\n<p><strong>\u00a0<\/strong><\/p>\n<p style=\"text-align: center\"><span style=\"font-size: 24pt\"><strong>D\u00cdA DEL LIBRO<\/strong><\/span><\/p>\n<p>Todo el alumnado del centro particip\u00f3 en la actividad organizada para celebrar el D\u00eda del Libro. El Apadrinamiento Lector se llevo a cabo durante la semana del 18 al 22 de abril.<\/p>\n<p>Algunos cursos contaron o representaron cuentos, recitaron poes\u00edas, adivinanzas y contaron\u00a0 historias inventadas por los alumnos\/as,<\/p>\n<p>Fue una gran experiencia \u00a1Todos se lo pasaron genial!!!<\/p>\n<p>Despu\u00e9s de la actuaci\u00f3n, algunos alumnos\/as prepararon marcap\u00e1ginas para regalar a los asistentes. Un precioso detalle.<\/p>\n<p>\u00a1\u00a1Gran trabajo chicos\/as y compa\u00f1eros\/as!!!!<\/p>\n<p>Tambi\u00e9n se realiz\u00f3 un taller de animaci\u00f3n a la lectura\u2026les encant\u00f3.<\/p>\n<ul>\n<li>Roberto pintor de nubes. Educaci\u00f3n Infantil y Primer ciclo<\/li>\n<\/ul>\n<p><a href=\"https:\/\/youtu.be\/c-eQCKYPM_c\">https:\/\/youtu.be\/c-eQCKYPM_c<\/a><\/p>\n<p><img loading=\"lazy\" decoding=\"async\" class=\"wp-image-1190 aligncenter\" src=\"https:\/\/blogsaverroes.juntadeandalucia.es\/ceipsotomayor\/files\/2022\/06\/20220422_110126-135x300.jpg\" alt=\"\" width=\"245\" height=\"544\" \/><\/p>\n<p><img loading=\"lazy\" decoding=\"async\" class=\"size-medium wp-image-1196 aligncenter\" src=\"https:\/\/blogsaverroes.juntadeandalucia.es\/ceipsotomayor\/files\/2022\/06\/IMG_20220610_110557-300x225.jpg\" alt=\"\" width=\"300\" height=\"225\" \/><\/p>\n<ul>\n<li>Los fant\u00e1sticos libros voladores del Sr Morris Lessmore.<\/li>\n<\/ul>\n<p>Segundo y Tercer ciclo de Educaci\u00f3n Primaria<\/p>\n<p><a href=\"https:\/\/youtu.be\/TFF6G6FQgyw\">https:\/\/youtu.be\/TFF6G6FQgyw<\/a><\/p>\n<p style=\"text-align: center\"><span style=\"font-size: 18pt\"><strong>NUESTRA BIBLIOTECA SIGUE CRECIENDO<\/strong><\/span><\/p>\n<p>Aqu\u00ed os mostramos algunos de los libros y colecciones que est\u00e1n disponibles en la biblioteca\u2026..<\/p>\n<p style=\"text-align: center\"><strong><em><span style=\"font-size: 18pt\">\u00a1An\u00edmate a leer !<\/span><\/em><\/strong><\/p>\n<p>\u00a0 \u00a0 \u00a0 <img loading=\"lazy\" decoding=\"async\" class=\"size-medium wp-image-1189 aligncenter\" src=\"https:\/\/blogsaverroes.juntadeandalucia.es\/ceipsotomayor\/files\/2022\/06\/IMG_20220609_112012-300x225.jpg\" alt=\"\" width=\"300\" height=\"225\" \/>\u00a0 \u00a0 <img loading=\"lazy\" decoding=\"async\" class=\"size-medium wp-image-1188 aligncenter\" src=\"https:\/\/blogsaverroes.juntadeandalucia.es\/ceipsotomayor\/files\/2022\/06\/IMG_20220609_111112-300x225.jpg\" alt=\"\" width=\"300\" height=\"225\" \/><\/p>\n<p>Y EL PR\u00d3XIMO CURSO\u2026\u2026<\/p>\n","protected":false},"excerpt":{"rendered":"<p>CONOCE LA BIBLIOTECA DE COLEGIO La biblioteca del CEIP \u00c1lvarez de Sotomayor est\u00e1 ubicada en el edificio principal. El objetivo de todas las actividades que se proponen para este curso, es animar al alumnado hacia la lectura y mejorar los h\u00e1bitos lectores. \u00a1\u00a1\u00a1Te esperamos en la biblioteca!!! &nbsp; VISITA\u00a0 A \u00a0LA \u00a0BIBLIOTECA\u00a0 P\u00daBLICA DE CUEVAS [&hellip;]<\/p>\n","protected":false},"author":14912,"featured_media":0,"comment_status":"closed","ping_status":"open","sticky":false,"template":"","format":"standard","meta":{"_et_pb_use_builder":"","_et_pb_old_content":"","_et_gb_content_width":"","ngg_post_thumbnail":0,"footnotes":""},"categories":[84,11,78],"tags":[],"aioseo_notices":[],"_links":{"self":[{"href":"https:\/\/blogsaverroes.juntadeandalucia.es\/ceipsotomayor\/wp-json\/wp\/v2\/posts\/1186"}],"collection":[{"href":"https:\/\/blogsaverroes.juntadeandalucia.es\/ceipsotomayor\/wp-json\/wp\/v2\/posts"}],"about":[{"href":"https:\/\/blogsaverroes.juntadeandalucia.es\/ceipsotomayor\/wp-json\/wp\/v2\/types\/post"}],"author":[{"embeddable":true,"href":"https:\/\/blogsaverroes.juntadeandalucia.es\/ceipsotomayor\/wp-json\/wp\/v2\/users\/14912"}],"replies":[{"embeddable":true,"href":"https:\/\/blogsaverroes.juntadeandalucia.es\/ceipsotomayor\/wp-json\/wp\/v2\/comments?post=1186"}],"version-history":[{"count":3,"href":"https:\/\/blogsaverroes.juntadeandalucia.es\/ceipsotomayor\/wp-json\/wp\/v2\/posts\/1186\/revisions"}],"predecessor-version":[{"id":1200,"href":"https:\/\/blogsaverroes.juntadeandalucia.es\/ceipsotomayor\/wp-json\/wp\/v2\/posts\/1186\/revisions\/1200"}],"wp:attachment":[{"href":"https:\/\/blogsaverroes.juntadeandalucia.es\/ceipsotomayor\/wp-json\/wp\/v2\/media?parent=1186"}],"wp:term":[{"taxonomy":"category","embeddable":true,"href":"https:\/\/blogsaverroes.juntadeandalucia.es\/ceipsotomayor\/wp-json\/wp\/v2\/categories?post=1186"},{"taxonomy":"post_tag","embeddable":true,"href":"https:\/\/blogsaverroes.juntadeandalucia.es\/ceipsotomayor\/wp-json\/wp\/v2\/tags?post=1186"}],"curies":[{"name":"wp","href":"https:\/\/api.w.org\/{rel}","templated":true}]}}