{"id":1295,"date":"2023-05-09T18:31:46","date_gmt":"2023-05-09T17:31:46","guid":{"rendered":"https:\/\/blogsaverroes.juntadeandalucia.es\/ceipsotomayor\/?p=1295"},"modified":"2023-05-09T18:34:03","modified_gmt":"2023-05-09T17:34:03","slug":"mercadillo-solidario-difusion","status":"publish","type":"post","link":"https:\/\/blogsaverroes.juntadeandalucia.es\/ceipsotomayor\/mercadillo-solidario-difusion\/","title":{"rendered":"Mercadillo Solidario &#8211; Difusi\u00f3n"},"content":{"rendered":"<p>Durante estos d\u00edas estamos centrados en darle difusi\u00f3n a nuestro mercadillo solidario para poder llegar al mayor n\u00famero de personas posibles.<\/p>\n<p>Para ello, un grupo de nuestro alumnado se acerc\u00f3 al CEIP Asensio Granados para invitarlos a participar en el mismo as\u00ed como a la pegada de carteles por los establecimientos comerciales de la localidad.<\/p>\n<p><img loading=\"lazy\" decoding=\"async\" class=\"alignnone size-medium wp-image-1296\" src=\"https:\/\/blogsaverroes.juntadeandalucia.es\/ceipsotomayor\/files\/2023\/05\/495c37fe-de68-4a99-904a-f016e3c27815-300x135.jpg\" alt=\"\" width=\"300\" height=\"135\" \/> <img loading=\"lazy\" decoding=\"async\" class=\"alignnone size-medium wp-image-1297\" src=\"https:\/\/blogsaverroes.juntadeandalucia.es\/ceipsotomayor\/files\/2023\/05\/0c0896dd-2dcc-45ed-a738-0bb6df748581-300x225.jpg\" alt=\"\" width=\"300\" height=\"225\" \/><\/p>\n","protected":false},"excerpt":{"rendered":"<p>Durante estos d\u00edas estamos centrados en darle difusi\u00f3n a nuestro mercadillo solidario para poder llegar al mayor n\u00famero de personas posibles. Para ello, un grupo de nuestro alumnado se acerc\u00f3 al CEIP Asensio Granados para invitarlos a participar en el mismo as\u00ed como a la pegada de carteles por los establecimientos comerciales de la localidad.<\/p>\n","protected":false},"author":8627,"featured_media":0,"comment_status":"closed","ping_status":"open","sticky":false,"template":"","format":"standard","meta":{"_et_pb_use_builder":"","_et_pb_old_content":"","_et_gb_content_width":"","ngg_post_thumbnail":0,"footnotes":""},"categories":[3,4],"tags":[],"aioseo_notices":[],"_links":{"self":[{"href":"https:\/\/blogsaverroes.juntadeandalucia.es\/ceipsotomayor\/wp-json\/wp\/v2\/posts\/1295"}],"collection":[{"href":"https:\/\/blogsaverroes.juntadeandalucia.es\/ceipsotomayor\/wp-json\/wp\/v2\/posts"}],"about":[{"href":"https:\/\/blogsaverroes.juntadeandalucia.es\/ceipsotomayor\/wp-json\/wp\/v2\/types\/post"}],"author":[{"embeddable":true,"href":"https:\/\/blogsaverroes.juntadeandalucia.es\/ceipsotomayor\/wp-json\/wp\/v2\/users\/8627"}],"replies":[{"embeddable":true,"href":"https:\/\/blogsaverroes.juntadeandalucia.es\/ceipsotomayor\/wp-json\/wp\/v2\/comments?post=1295"}],"version-history":[{"count":2,"href":"https:\/\/blogsaverroes.juntadeandalucia.es\/ceipsotomayor\/wp-json\/wp\/v2\/posts\/1295\/revisions"}],"predecessor-version":[{"id":1299,"href":"https:\/\/blogsaverroes.juntadeandalucia.es\/ceipsotomayor\/wp-json\/wp\/v2\/posts\/1295\/revisions\/1299"}],"wp:attachment":[{"href":"https:\/\/blogsaverroes.juntadeandalucia.es\/ceipsotomayor\/wp-json\/wp\/v2\/media?parent=1295"}],"wp:term":[{"taxonomy":"category","embeddable":true,"href":"https:\/\/blogsaverroes.juntadeandalucia.es\/ceipsotomayor\/wp-json\/wp\/v2\/categories?post=1295"},{"taxonomy":"post_tag","embeddable":true,"href":"https:\/\/blogsaverroes.juntadeandalucia.es\/ceipsotomayor\/wp-json\/wp\/v2\/tags?post=1295"}],"curies":[{"name":"wp","href":"https:\/\/api.w.org\/{rel}","templated":true}]}}