{"id":1185,"date":"2023-06-14T10:58:04","date_gmt":"2023-06-14T10:58:04","guid":{"rendered":"https:\/\/blogsaverroes.juntadeandalucia.es\/ceiptartessos\/?p=1185"},"modified":"2023-06-14T11:05:12","modified_gmt":"2023-06-14T11:05:12","slug":"listado-provisional-servicios-complementarios-am-c-y-aaee","status":"publish","type":"post","link":"https:\/\/blogsaverroes.juntadeandalucia.es\/ceiptartessos\/listado-provisional-servicios-complementarios-am-c-y-aaee\/","title":{"rendered":"Listado Provisional Servicios Complementarios (AM, C, y AAEE)"},"content":{"rendered":"<p>Se ha publicado en el tabl\u00f3n de anunci\u00f3n del colegio los listados provisionales de admitidos y suplentes para los Servicios Complementarios (Aula Matinal, Comedor y Actividades Extraescolares) para el curso 23\/24.<\/p>\n<p>Tambi\u00e9n se puede hacer la consulta a trav\u00e9s de la Secretar\u00eda Virtual de la Junta de Andaluc\u00eda:<\/p>\n<h3 class=\"panel-title\"><a href=\"https:\/\/www.juntadeandalucia.es\/educacion\/secretariavirtual\/accesoConsultas\/1507\/\" target=\"_blank\" rel=\"noopener noreferrer\">Acceso a Consulta de la adjudicaci\u00f3n provisional de Servicios Complementarios (aula matinal, comedor escolar y actividades extraescolares).<\/a><\/h3>\n<p>&nbsp;<\/p>\n<p style=\"text-align: left\"><span style=\"text-decoration: underline\"><span style=\"font-size: 14pt\"><strong>Del 15 al 28 de junio (ambos incluidos) estar\u00e1 abierto el plazo de alegaciones.<\/strong><\/span><\/span><\/p>\n<p>&nbsp;<\/p>\n<p><strong>El d\u00eda 30 de junio se publicar\u00e1 la adjudicaci\u00f3n definitiva.<\/strong><\/p>\n","protected":false},"excerpt":{"rendered":"<p>Se ha publicado en el tabl\u00f3n de anunci\u00f3n del colegio los listados provisionales de admitidos y suplentes para los Servicios Complementarios (Aula Matinal, Comedor y Actividades Extraescolares) para el curso 23\/24. Tambi\u00e9n se puede&#46;&#46;&#46;<\/p>\n","protected":false},"author":11117,"featured_media":0,"comment_status":"closed","ping_status":"closed","sticky":false,"template":"","format":"standard","meta":{"ngg_post_thumbnail":0,"footnotes":""},"categories":[11],"tags":[],"aioseo_notices":[],"post_mailing_queue_ids":[],"_links":{"self":[{"href":"https:\/\/blogsaverroes.juntadeandalucia.es\/ceiptartessos\/wp-json\/wp\/v2\/posts\/1185"}],"collection":[{"href":"https:\/\/blogsaverroes.juntadeandalucia.es\/ceiptartessos\/wp-json\/wp\/v2\/posts"}],"about":[{"href":"https:\/\/blogsaverroes.juntadeandalucia.es\/ceiptartessos\/wp-json\/wp\/v2\/types\/post"}],"author":[{"embeddable":true,"href":"https:\/\/blogsaverroes.juntadeandalucia.es\/ceiptartessos\/wp-json\/wp\/v2\/users\/11117"}],"replies":[{"embeddable":true,"href":"https:\/\/blogsaverroes.juntadeandalucia.es\/ceiptartessos\/wp-json\/wp\/v2\/comments?post=1185"}],"version-history":[{"count":1,"href":"https:\/\/blogsaverroes.juntadeandalucia.es\/ceiptartessos\/wp-json\/wp\/v2\/posts\/1185\/revisions"}],"predecessor-version":[{"id":1186,"href":"https:\/\/blogsaverroes.juntadeandalucia.es\/ceiptartessos\/wp-json\/wp\/v2\/posts\/1185\/revisions\/1186"}],"wp:attachment":[{"href":"https:\/\/blogsaverroes.juntadeandalucia.es\/ceiptartessos\/wp-json\/wp\/v2\/media?parent=1185"}],"wp:term":[{"taxonomy":"category","embeddable":true,"href":"https:\/\/blogsaverroes.juntadeandalucia.es\/ceiptartessos\/wp-json\/wp\/v2\/categories?post=1185"},{"taxonomy":"post_tag","embeddable":true,"href":"https:\/\/blogsaverroes.juntadeandalucia.es\/ceiptartessos\/wp-json\/wp\/v2\/tags?post=1185"}],"curies":[{"name":"wp","href":"https:\/\/api.w.org\/{rel}","templated":true}]}}