{"id":1339,"date":"2024-09-13T08:50:57","date_gmt":"2024-09-13T08:50:57","guid":{"rendered":"https:\/\/blogsaverroes.juntadeandalucia.es\/ceiptartessos\/?p=1339"},"modified":"2024-09-13T09:02:29","modified_gmt":"2024-09-13T09:02:29","slug":"condiciones-uso-del-servicio-de-comedor","status":"publish","type":"post","link":"https:\/\/blogsaverroes.juntadeandalucia.es\/ceiptartessos\/condiciones-uso-del-servicio-de-comedor\/","title":{"rendered":"CONDICIONES USO DEL SERVICIO DE COMEDOR"},"content":{"rendered":"<p>Estimadas familias usuarias del servicio de comedor,<\/p>\n<p>De cara a la futura inauguraci\u00f3n del comedor para el presente curso se ofrece informaci\u00f3n muy importante relativa a las condiciones del uso del servicio.<\/p>\n<p>Para este nuevo curso se ha adjudicado un nuevo expediente para la contrataci\u00f3n del servicio p\u00fablico de comedor escolar y&nbsp; la empresa adjudicataria ha sido COMERTEL (GRUPO ARAMARK).<\/p>\n<p>A continuaci\u00f3n se adjunta una circular informativa sobre las condiciones de uso del servicio de comedor. Es muy importante leer detenidamente el documento para evitar cobros indeseados u otro tipo de problemas. Se recuerda que el sericio lo presta una empresa ajena a nuestro centro y que el colegio solo se encarga de tramitar las altas y las bajas.<\/p>\n<p style=\"text-align: center\"><a href=\"https:\/\/blogsaverroes.juntadeandalucia.es\/ceiptartessos\/files\/2024\/09\/Circular-a-Familias-Curso-2024-2025-COMERTEL.pdf\" target=\"_blank\" rel=\"noopener\"><strong>CIRCULAR CONDICIONES DE USO DEL SERVICIO DE COMEDOR<\/strong><\/a><\/p>\n<p>&nbsp;<\/p>\n<p>A continuac\u00f3n se ofrece un resumen con las circusntancias que suelen generar m\u00e1 dudas:<\/p>\n<p>&nbsp;<\/p>\n<ul style=\"font-weight: 400\">\n<li>No deben tener deuda de curos anteriores, en unos d\u00edas pasaremos listados de morosos hasta la fecha y esas familias NO PODR\u00c1N HACER USO DEL SERVICIO hasta que no sea abonada AL COMPLETO.<\/li>\n<\/ul>\n<p style=\"font-weight: 400\">&nbsp;<\/p>\n<ul style=\"font-weight: 400\">\n<li>Para cualquier cambio en los d\u00edas de uso o bajas en el servicio de comedor se deber\u00e1 notificar una semana antes de finalizar el mes y se notificar\u00e1 en el &nbsp;centro y a la empresa v\u00eda email <a href=\"mailto:andaluciafacturacion@aramark.es\">andaluciafacturacion@aramark.es<\/a>&nbsp;. NO SE HACEN CAMBIOS EN MEDIO MES NI SE TRAMITAN BAJAS A MEDIADO DE MES, si estoy en septiembre, los cambios se reflejaran en octubre y siempre que sea notificado una semana antes, si no se notifica en ese per\u00edodo se har\u00e1 efectivo en noviembre. &nbsp;LOS ALUMNOS BONIFICADOS 100% SIGUEN LA MISMA NORMATIVA, SI CAUSAN BAJA DEBE SER EL \u00daLTIMO DIA DEL MES. A TENER EN CUENTA &nbsp;que si no quieren acudir al comedor &nbsp;y no quiere que se le cobre siempre tienen a disposici\u00f3n la app EL GUSTO DE CRECER para justificar ausencias. Si no justifican ausencias y tiene notificada la presencia, el comedor se les cobra. &nbsp;Las familias que hacen uso por primera vez deber\u00e1n registrarse en la app para poder hacer todas estas gestiones, los primeros d\u00edas pueden tener problemas hasta que no se vuelquen datos s\u00e9neca padre-alumno.<\/li>\n<\/ul>\n<p style=\"font-weight: 400\">&nbsp;<\/p>\n<p style=\"font-weight: 400\">&nbsp;<\/p>\n<ul style=\"font-weight: 400\">\n<li>Las AUSENCIAS ser\u00e1n notificadas a trav\u00e9s de la app con una antelaci\u00f3n de 3 d\u00edas, no se aceptar\u00e1n en el mismo d\u00eda ni en dos d\u00edas, antelaci\u00f3n 3 d\u00edas. En caso de ausencia por enfermedad deber\u00e1n presentar cualquier justificante v\u00e1lido antes de los siguientes 5 d\u00edas de la ausencia a trav\u00e9s de email a&nbsp;<a href=\"mailto:andaluciafacturacion@aramark.es\">andaluciafacturacion@aramark.es<\/a>, siempre se les justificar\u00e1n 3 d\u00edas, a partir del 4to d\u00eda deber\u00e1n hacerlo por la app.<\/li>\n<\/ul>\n<p style=\"font-weight: 400\">&nbsp;<\/p>\n<ul style=\"font-weight: 400\">\n<li><strong>Coste del men\u00fa 5,54\u20ac sin bonificaci\u00f3n.<\/strong><\/li>\n<\/ul>\n<p style=\"font-weight: 400\">&nbsp;<\/p>\n<ul style=\"font-weight: 400\">\n<li>Dieta blanda deber\u00e1 ser solicitada antes de las 9:30 a&nbsp;<a href=\"mailto:andaluciafacturacion@aramark.es\">andaluciafacturacion@aramark.es<\/a><\/li>\n<\/ul>\n<p style=\"font-weight: 400\">&nbsp;<\/p>\n<ul style=\"font-weight: 400\">\n<li>Para poder solicitar alguna dieta especial ES OBLIGATORIO presentar informe m\u00e9dico y &nbsp;no se podr\u00e1 empezar hasta que no se le notifique al centro.<\/li>\n<\/ul>\n<p style=\"font-weight: 400\">&nbsp;<\/p>\n<ul style=\"font-weight: 400\">\n<li>Los men\u00fas estar\u00e1n publicados en la app el gusto de crecer al igual que otra informaci\u00f3n de inter\u00e9s.<\/li>\n<\/ul>\n<p style=\"font-weight: 400\">&nbsp;<\/p>\n<ul style=\"font-weight: 400\">\n<li>Atenci\u00f3n al cliente:&nbsp;<a href=\"mailto:andaluciafacturacion@aramark.es\">andaluciafacturacion@aramark.es<\/a>&nbsp;\/ 954 46 10 35 \/&nbsp;<a href=\"mailto:orellana-carolina@aramark.es\">orellana-carolina@aramark.es<\/a><\/li>\n<\/ul>\n<p>&nbsp;<\/p>\n<p>Muchas gracias.<\/p>\n","protected":false},"excerpt":{"rendered":"<p>Estimadas familias usuarias del servicio de comedor, De cara a la futura inauguraci\u00f3n del comedor para el presente curso se ofrece informaci\u00f3n muy importante relativa a las condiciones del uso del servicio. Para este&#46;&#46;&#46;<\/p>\n","protected":false},"author":11117,"featured_media":633,"comment_status":"closed","ping_status":"closed","sticky":false,"template":"","format":"standard","meta":{"ngg_post_thumbnail":0,"footnotes":""},"categories":[11],"tags":[],"aioseo_notices":[],"post_mailing_queue_ids":[],"_links":{"self":[{"href":"https:\/\/blogsaverroes.juntadeandalucia.es\/ceiptartessos\/wp-json\/wp\/v2\/posts\/1339"}],"collection":[{"href":"https:\/\/blogsaverroes.juntadeandalucia.es\/ceiptartessos\/wp-json\/wp\/v2\/posts"}],"about":[{"href":"https:\/\/blogsaverroes.juntadeandalucia.es\/ceiptartessos\/wp-json\/wp\/v2\/types\/post"}],"author":[{"embeddable":true,"href":"https:\/\/blogsaverroes.juntadeandalucia.es\/ceiptartessos\/wp-json\/wp\/v2\/users\/11117"}],"replies":[{"embeddable":true,"href":"https:\/\/blogsaverroes.juntadeandalucia.es\/ceiptartessos\/wp-json\/wp\/v2\/comments?post=1339"}],"version-history":[{"count":2,"href":"https:\/\/blogsaverroes.juntadeandalucia.es\/ceiptartessos\/wp-json\/wp\/v2\/posts\/1339\/revisions"}],"predecessor-version":[{"id":1341,"href":"https:\/\/blogsaverroes.juntadeandalucia.es\/ceiptartessos\/wp-json\/wp\/v2\/posts\/1339\/revisions\/1341"}],"wp:featuredmedia":[{"embeddable":true,"href":"https:\/\/blogsaverroes.juntadeandalucia.es\/ceiptartessos\/wp-json\/wp\/v2\/media\/633"}],"wp:attachment":[{"href":"https:\/\/blogsaverroes.juntadeandalucia.es\/ceiptartessos\/wp-json\/wp\/v2\/media?parent=1339"}],"wp:term":[{"taxonomy":"category","embeddable":true,"href":"https:\/\/blogsaverroes.juntadeandalucia.es\/ceiptartessos\/wp-json\/wp\/v2\/categories?post=1339"},{"taxonomy":"post_tag","embeddable":true,"href":"https:\/\/blogsaverroes.juntadeandalucia.es\/ceiptartessos\/wp-json\/wp\/v2\/tags?post=1339"}],"curies":[{"name":"wp","href":"https:\/\/api.w.org\/{rel}","templated":true}]}}