{"id":832,"date":"2021-09-10T08:01:12","date_gmt":"2021-09-10T08:01:12","guid":{"rendered":"https:\/\/blogsaverroes.juntadeandalucia.es\/ceiptartessos\/?p=832"},"modified":"2021-09-10T08:01:12","modified_gmt":"2021-09-10T08:01:12","slug":"aula-de-mediodia-cancelada","status":"publish","type":"post","link":"https:\/\/blogsaverroes.juntadeandalucia.es\/ceiptartessos\/aula-de-mediodia-cancelada\/","title":{"rendered":"AULA DE MEDIOD\u00cdA CANCELADA"},"content":{"rendered":"<p>Estimadas familias,<\/p>\n<p>Les informamos que debido al escaso n\u00famero de solicitudes presentadas,<\/p>\n<p><strong><u>EL SERVICIO DE AULA DE MEDIOD\u00cdA QUEDA CANCELADO.<\/u><\/strong><\/p>\n<p>Finalizado el plazo de presentaci\u00f3n de solicitudes, no se alcanz\u00f3 el m\u00ednimo necesario para poder iniciar el servicio.<\/p>\n<p>&nbsp;<\/p>\n","protected":false},"excerpt":{"rendered":"<p>Estimadas familias, Les informamos que debido al escaso n\u00famero de solicitudes presentadas, EL SERVICIO DE AULA DE MEDIOD\u00cdA QUEDA CANCELADO. Finalizado el plazo de presentaci\u00f3n de solicitudes, no se alcanz\u00f3 el m\u00ednimo necesario para&#46;&#46;&#46;<\/p>\n","protected":false},"author":11117,"featured_media":633,"comment_status":"closed","ping_status":"closed","sticky":false,"template":"","format":"standard","meta":{"ngg_post_thumbnail":0,"footnotes":""},"categories":[11],"tags":[],"aioseo_notices":[],"post_mailing_queue_ids":[],"_links":{"self":[{"href":"https:\/\/blogsaverroes.juntadeandalucia.es\/ceiptartessos\/wp-json\/wp\/v2\/posts\/832"}],"collection":[{"href":"https:\/\/blogsaverroes.juntadeandalucia.es\/ceiptartessos\/wp-json\/wp\/v2\/posts"}],"about":[{"href":"https:\/\/blogsaverroes.juntadeandalucia.es\/ceiptartessos\/wp-json\/wp\/v2\/types\/post"}],"author":[{"embeddable":true,"href":"https:\/\/blogsaverroes.juntadeandalucia.es\/ceiptartessos\/wp-json\/wp\/v2\/users\/11117"}],"replies":[{"embeddable":true,"href":"https:\/\/blogsaverroes.juntadeandalucia.es\/ceiptartessos\/wp-json\/wp\/v2\/comments?post=832"}],"version-history":[{"count":2,"href":"https:\/\/blogsaverroes.juntadeandalucia.es\/ceiptartessos\/wp-json\/wp\/v2\/posts\/832\/revisions"}],"predecessor-version":[{"id":834,"href":"https:\/\/blogsaverroes.juntadeandalucia.es\/ceiptartessos\/wp-json\/wp\/v2\/posts\/832\/revisions\/834"}],"wp:featuredmedia":[{"embeddable":true,"href":"https:\/\/blogsaverroes.juntadeandalucia.es\/ceiptartessos\/wp-json\/wp\/v2\/media\/633"}],"wp:attachment":[{"href":"https:\/\/blogsaverroes.juntadeandalucia.es\/ceiptartessos\/wp-json\/wp\/v2\/media?parent=832"}],"wp:term":[{"taxonomy":"category","embeddable":true,"href":"https:\/\/blogsaverroes.juntadeandalucia.es\/ceiptartessos\/wp-json\/wp\/v2\/categories?post=832"},{"taxonomy":"post_tag","embeddable":true,"href":"https:\/\/blogsaverroes.juntadeandalucia.es\/ceiptartessos\/wp-json\/wp\/v2\/tags?post=832"}],"curies":[{"name":"wp","href":"https:\/\/api.w.org\/{rel}","templated":true}]}}