{"id":925,"date":"2021-11-17T08:35:01","date_gmt":"2021-11-17T08:35:01","guid":{"rendered":"https:\/\/blogsaverroes.juntadeandalucia.es\/ceiptartessos\/?p=925"},"modified":"2021-11-17T08:35:34","modified_gmt":"2021-11-17T08:35:34","slug":"redes-sociales","status":"publish","type":"post","link":"https:\/\/blogsaverroes.juntadeandalucia.es\/ceiptartessos\/redes-sociales\/","title":{"rendered":"ESTRENAMOS REDES SOCIALES"},"content":{"rendered":"<p>Con la idea de estar conectados de la manera m\u00e1s pr\u00e1ctica posible y con el fin de mejorar a\u00fan m\u00e1s la comunicaci\u00f3n entre toda la comunidad educativa, os informamos de que este viernes, d\u00eda 19 se van a inaugurar los perfiles de Facebook e Instagram de nuestro Centro. Os mantendremos informados.<\/p>\n","protected":false},"excerpt":{"rendered":"<p>Con la idea de estar conectados de la manera m\u00e1s pr\u00e1ctica posible y con el fin de mejorar a\u00fan m\u00e1s la comunicaci\u00f3n entre toda la comunidad educativa, os informamos de que este viernes, d\u00eda&#46;&#46;&#46;<\/p>\n","protected":false},"author":11117,"featured_media":633,"comment_status":"closed","ping_status":"closed","sticky":false,"template":"","format":"standard","meta":{"ngg_post_thumbnail":0,"footnotes":""},"categories":[11],"tags":[],"aioseo_notices":[],"post_mailing_queue_ids":[],"_links":{"self":[{"href":"https:\/\/blogsaverroes.juntadeandalucia.es\/ceiptartessos\/wp-json\/wp\/v2\/posts\/925"}],"collection":[{"href":"https:\/\/blogsaverroes.juntadeandalucia.es\/ceiptartessos\/wp-json\/wp\/v2\/posts"}],"about":[{"href":"https:\/\/blogsaverroes.juntadeandalucia.es\/ceiptartessos\/wp-json\/wp\/v2\/types\/post"}],"author":[{"embeddable":true,"href":"https:\/\/blogsaverroes.juntadeandalucia.es\/ceiptartessos\/wp-json\/wp\/v2\/users\/11117"}],"replies":[{"embeddable":true,"href":"https:\/\/blogsaverroes.juntadeandalucia.es\/ceiptartessos\/wp-json\/wp\/v2\/comments?post=925"}],"version-history":[{"count":2,"href":"https:\/\/blogsaverroes.juntadeandalucia.es\/ceiptartessos\/wp-json\/wp\/v2\/posts\/925\/revisions"}],"predecessor-version":[{"id":927,"href":"https:\/\/blogsaverroes.juntadeandalucia.es\/ceiptartessos\/wp-json\/wp\/v2\/posts\/925\/revisions\/927"}],"wp:featuredmedia":[{"embeddable":true,"href":"https:\/\/blogsaverroes.juntadeandalucia.es\/ceiptartessos\/wp-json\/wp\/v2\/media\/633"}],"wp:attachment":[{"href":"https:\/\/blogsaverroes.juntadeandalucia.es\/ceiptartessos\/wp-json\/wp\/v2\/media?parent=925"}],"wp:term":[{"taxonomy":"category","embeddable":true,"href":"https:\/\/blogsaverroes.juntadeandalucia.es\/ceiptartessos\/wp-json\/wp\/v2\/categories?post=925"},{"taxonomy":"post_tag","embeddable":true,"href":"https:\/\/blogsaverroes.juntadeandalucia.es\/ceiptartessos\/wp-json\/wp\/v2\/tags?post=925"}],"curies":[{"name":"wp","href":"https:\/\/api.w.org\/{rel}","templated":true}]}}