{"id":3435,"date":"2021-05-13T20:13:59","date_gmt":"2021-05-13T18:13:59","guid":{"rendered":"https:\/\/blogsaverroes.juntadeandalucia.es\/ceiptartessoshuelva\/?p=3435"},"modified":"2021-05-13T20:36:03","modified_gmt":"2021-05-13T18:36:03","slug":"listado-de-admitidos-en-el-proceso-de-matriculacion-para-el-curso-20","status":"publish","type":"post","link":"https:\/\/blogsaverroes.juntadeandalucia.es\/ceiptartessoshuelva\/listado-de-admitidos-en-el-proceso-de-matriculacion-para-el-curso-20\/","title":{"rendered":"Listado de admitidos proceso de matriculaci\u00f3n curso 2021\/2022"},"content":{"rendered":"\t\t<div data-elementor-type=\"wp-post\" data-elementor-id=\"3435\" class=\"elementor elementor-3435\">\n\t\t\t\t\t\t<section class=\"elementor-section elementor-top-section elementor-element elementor-element-ab02527 elementor-section-boxed elementor-section-height-default elementor-section-height-default\" data-id=\"ab02527\" data-element_type=\"section\">\n\t\t\t\t\t\t<div class=\"elementor-container elementor-column-gap-default\">\n\t\t\t\t\t<div class=\"elementor-column elementor-col-100 elementor-top-column elementor-element elementor-element-123287c\" data-id=\"123287c\" data-element_type=\"column\">\n\t\t\t<div class=\"elementor-widget-wrap elementor-element-populated\">\n\t\t\t\t\t\t<div class=\"elementor-element elementor-element-948978a elementor-widget elementor-widget-text-editor\" data-id=\"948978a\" data-element_type=\"widget\" data-widget_type=\"text-editor.default\">\n\t\t\t\t<div class=\"elementor-widget-container\">\n\t\t\t\t\t\t\t\t\t<p>Pueden consultar el listado de admitidos en el centro para el curso pr\u00f3ximo en el siguiente enlace:<\/p>\t\t\t\t\t\t\t\t<\/div>\n\t\t\t\t<\/div>\n\t\t\t\t\t<\/div>\n\t\t<\/div>\n\t\t\t\t\t<\/div>\n\t\t<\/section>\n\t\t\t\t<section class=\"elementor-section elementor-top-section elementor-element elementor-element-0bbff99 elementor-section-boxed elementor-section-height-default elementor-section-height-default\" data-id=\"0bbff99\" data-element_type=\"section\">\n\t\t\t\t\t\t<div class=\"elementor-container elementor-column-gap-default\">\n\t\t\t\t\t<div class=\"elementor-column elementor-col-100 elementor-top-column elementor-element elementor-element-4f43d03\" data-id=\"4f43d03\" data-element_type=\"column\">\n\t\t\t<div class=\"elementor-widget-wrap elementor-element-populated\">\n\t\t\t\t\t\t<div class=\"elementor-element elementor-element-d98e996 elementor-icon-list--layout-traditional elementor-list-item-link-full_width elementor-widget elementor-widget-icon-list\" data-id=\"d98e996\" data-element_type=\"widget\" data-widget_type=\"icon-list.default\">\n\t\t\t\t<div class=\"elementor-widget-container\">\n\t\t\t\t\t\t\t<ul class=\"elementor-icon-list-items\">\n\t\t\t\t\t\t\t<li class=\"elementor-icon-list-item\">\n\t\t\t\t\t\t\t\t\t\t\t<a href=\"https:\/\/blogsaverroes.juntadeandalucia.es\/ceiptartessoshuelva\/files\/2021\/05\/Listado-admitidos-21-22.pdf\" target=\"_blank\">\n\n\t\t\t\t\t\t\t\t\t\t\t\t<span class=\"elementor-icon-list-icon\">\n\t\t\t\t\t\t\t<i aria-hidden=\"true\" class=\"fas fa-file-pdf\"><\/i>\t\t\t\t\t\t<\/span>\n\t\t\t\t\t\t\t\t\t\t<span class=\"elementor-icon-list-text\">RESOLUCI\u00d3N DEL PROCEDIMIENTO DE ADMISI\u00d3N DEL ALUMNADO Curso 2021-2022<\/span>\n\t\t\t\t\t\t\t\t\t\t\t<\/a>\n\t\t\t\t\t\t\t\t\t<\/li>\n\t\t\t\t\t\t<\/ul>\n\t\t\t\t\t\t<\/div>\n\t\t\t\t<\/div>\n\t\t\t\t\t<\/div>\n\t\t<\/div>\n\t\t\t\t\t<\/div>\n\t\t<\/section>\n\t\t\t\t<\/div>\n\t\t","protected":false},"excerpt":{"rendered":"<p>Pueden consultar el listado de admitidos en el centro para el curso pr\u00f3ximo en el siguiente enlace: RESOLUCI\u00d3N DEL PROCEDIMIENTO DE ADMISI\u00d3N DEL ALUMNADO Curso 2021-2022<\/p>\n","protected":false},"author":11314,"featured_media":0,"comment_status":"closed","ping_status":"open","sticky":false,"template":"","format":"standard","meta":{"ngg_post_thumbnail":0,"footnotes":""},"categories":[11909],"tags":[],"aioseo_notices":[],"_links":{"self":[{"href":"https:\/\/blogsaverroes.juntadeandalucia.es\/ceiptartessoshuelva\/wp-json\/wp\/v2\/posts\/3435"}],"collection":[{"href":"https:\/\/blogsaverroes.juntadeandalucia.es\/ceiptartessoshuelva\/wp-json\/wp\/v2\/posts"}],"about":[{"href":"https:\/\/blogsaverroes.juntadeandalucia.es\/ceiptartessoshuelva\/wp-json\/wp\/v2\/types\/post"}],"author":[{"embeddable":true,"href":"https:\/\/blogsaverroes.juntadeandalucia.es\/ceiptartessoshuelva\/wp-json\/wp\/v2\/users\/11314"}],"replies":[{"embeddable":true,"href":"https:\/\/blogsaverroes.juntadeandalucia.es\/ceiptartessoshuelva\/wp-json\/wp\/v2\/comments?post=3435"}],"version-history":[{"count":5,"href":"https:\/\/blogsaverroes.juntadeandalucia.es\/ceiptartessoshuelva\/wp-json\/wp\/v2\/posts\/3435\/revisions"}],"predecessor-version":[{"id":3442,"href":"https:\/\/blogsaverroes.juntadeandalucia.es\/ceiptartessoshuelva\/wp-json\/wp\/v2\/posts\/3435\/revisions\/3442"}],"wp:attachment":[{"href":"https:\/\/blogsaverroes.juntadeandalucia.es\/ceiptartessoshuelva\/wp-json\/wp\/v2\/media?parent=3435"}],"wp:term":[{"taxonomy":"category","embeddable":true,"href":"https:\/\/blogsaverroes.juntadeandalucia.es\/ceiptartessoshuelva\/wp-json\/wp\/v2\/categories?post=3435"},{"taxonomy":"post_tag","embeddable":true,"href":"https:\/\/blogsaverroes.juntadeandalucia.es\/ceiptartessoshuelva\/wp-json\/wp\/v2\/tags?post=3435"}],"curies":[{"name":"wp","href":"https:\/\/api.w.org\/{rel}","templated":true}]}}