{"id":2672,"date":"2022-05-16T14:13:28","date_gmt":"2022-05-16T14:13:28","guid":{"rendered":"https:\/\/blogsaverroes.juntadeandalucia.es\/ceiptartessospedrera\/?p=2672"},"modified":"2022-05-16T14:22:01","modified_gmt":"2022-05-16T14:22:01","slug":"jornada-de-educacion-vial","status":"publish","type":"post","link":"https:\/\/blogsaverroes.juntadeandalucia.es\/ceiptartessospedrera\/jornada-de-educacion-vial\/","title":{"rendered":"Jornada de Educaci\u00f3n Vial"},"content":{"rendered":"<p>El pasado 10 de mayo celebramos una jornada de educaci\u00f3n vial d\u00f3nde la polic\u00eda local de Pedrera mostr\u00f3 a nuestro alumnado de Infantil 5 a\u00f1os y de 3\u00ba de primaria la importancia de conocer y respetar las normas de tr\u00e1fico. Gracias a la polic\u00eda local por su colaboraci\u00f3n y por ayudarnos a hacer un mundo un poco m\u00e1s seguro.<\/p>\n<p><a href=\"https:\/\/www.youtube.com\/watch?v=F0xxhCB9EXo\">Educaci\u00f3n vial en el CEIP TARTESSOS &#8211; YouTube<\/a><\/p>\n","protected":false},"excerpt":{"rendered":"<p>El pasado 10 de mayo celebramos una jornada de educaci\u00f3n vial d\u00f3nde la polic\u00eda local de Pedrera mostr\u00f3 a nuestro alumnado de Infantil 5 a\u00f1os y de 3\u00ba de primaria la importancia de conocer&#46;&#46;&#46;<\/p>\n","protected":false},"author":10814,"featured_media":564,"comment_status":"open","ping_status":"open","sticky":false,"template":"","format":"standard","meta":{"ngg_post_thumbnail":0,"footnotes":""},"categories":[2351658],"tags":[],"aioseo_notices":[],"_links":{"self":[{"href":"https:\/\/blogsaverroes.juntadeandalucia.es\/ceiptartessospedrera\/wp-json\/wp\/v2\/posts\/2672"}],"collection":[{"href":"https:\/\/blogsaverroes.juntadeandalucia.es\/ceiptartessospedrera\/wp-json\/wp\/v2\/posts"}],"about":[{"href":"https:\/\/blogsaverroes.juntadeandalucia.es\/ceiptartessospedrera\/wp-json\/wp\/v2\/types\/post"}],"author":[{"embeddable":true,"href":"https:\/\/blogsaverroes.juntadeandalucia.es\/ceiptartessospedrera\/wp-json\/wp\/v2\/users\/10814"}],"replies":[{"embeddable":true,"href":"https:\/\/blogsaverroes.juntadeandalucia.es\/ceiptartessospedrera\/wp-json\/wp\/v2\/comments?post=2672"}],"version-history":[{"count":2,"href":"https:\/\/blogsaverroes.juntadeandalucia.es\/ceiptartessospedrera\/wp-json\/wp\/v2\/posts\/2672\/revisions"}],"predecessor-version":[{"id":2674,"href":"https:\/\/blogsaverroes.juntadeandalucia.es\/ceiptartessospedrera\/wp-json\/wp\/v2\/posts\/2672\/revisions\/2674"}],"wp:featuredmedia":[{"embeddable":true,"href":"https:\/\/blogsaverroes.juntadeandalucia.es\/ceiptartessospedrera\/wp-json\/wp\/v2\/media\/564"}],"wp:attachment":[{"href":"https:\/\/blogsaverroes.juntadeandalucia.es\/ceiptartessospedrera\/wp-json\/wp\/v2\/media?parent=2672"}],"wp:term":[{"taxonomy":"category","embeddable":true,"href":"https:\/\/blogsaverroes.juntadeandalucia.es\/ceiptartessospedrera\/wp-json\/wp\/v2\/categories?post=2672"},{"taxonomy":"post_tag","embeddable":true,"href":"https:\/\/blogsaverroes.juntadeandalucia.es\/ceiptartessospedrera\/wp-json\/wp\/v2\/tags?post=2672"}],"curies":[{"name":"wp","href":"https:\/\/api.w.org\/{rel}","templated":true}]}}