{"id":2800,"date":"2023-01-24T12:13:17","date_gmt":"2023-01-24T12:13:17","guid":{"rendered":"https:\/\/blogsaverroes.juntadeandalucia.es\/ceiptartessospedrera\/?p=2800"},"modified":"2023-01-24T12:13:17","modified_gmt":"2023-01-24T12:13:17","slug":"todos-as-olimpicos-as","status":"publish","type":"post","link":"https:\/\/blogsaverroes.juntadeandalucia.es\/ceiptartessospedrera\/todos-as-olimpicos-as\/","title":{"rendered":"Todos\/as ol\u00edmpicos\/as"},"content":{"rendered":"<p>Durante la semana pasada, nuestro centro, dentro del programa \u00abTodos\/as ol\u00edmpicos\/as\u00bbrecibi\u00f3 la visita de dos atletas ol\u00edmpicos. Yulena Panadero (Hockey Hierba) y Adri\u00e1n Ortol\u00e1 (Balonmano) nos han acercado la historia de los Juegos Ol\u00edmpicos y sus disciplinas inculcando valores ol\u00edmpicos en nuestro alumnado.<\/p>\n<p><a href=\"https:\/\/blogsaverroes.juntadeandalucia.es\/ceiptartessospedrera\/files\/2023\/01\/foto-ol\u00edmpica.jpg\"><img loading=\"lazy\" decoding=\"async\" class=\"alignnone size-medium wp-image-2801\" src=\"https:\/\/blogsaverroes.juntadeandalucia.es\/ceiptartessospedrera\/files\/2023\/01\/foto-ol\u00edmpica-300x220.jpg\" alt=\"\" width=\"300\" height=\"220\" srcset=\"https:\/\/blogsaverroes.juntadeandalucia.es\/ceiptartessospedrera\/files\/2023\/01\/foto-ol\u00edmpica-300x220.jpg 300w, https:\/\/blogsaverroes.juntadeandalucia.es\/ceiptartessospedrera\/files\/2023\/01\/foto-ol\u00edmpica-768x563.jpg 768w, https:\/\/blogsaverroes.juntadeandalucia.es\/ceiptartessospedrera\/files\/2023\/01\/foto-ol\u00edmpica.jpg 1024w\" sizes=\"(max-width: 300px) 100vw, 300px\" \/><\/a><\/p>\n","protected":false},"excerpt":{"rendered":"<p>Durante la semana pasada, nuestro centro, dentro del programa \u00abTodos\/as ol\u00edmpicos\/as\u00bbrecibi\u00f3 la visita de dos atletas ol\u00edmpicos. Yulena Panadero (Hockey Hierba) y Adri\u00e1n Ortol\u00e1 (Balonmano) nos han acercado la historia de los Juegos Ol\u00edmpicos&#46;&#46;&#46;<\/p>\n","protected":false},"author":10814,"featured_media":2801,"comment_status":"open","ping_status":"open","sticky":false,"template":"","format":"standard","meta":{"ngg_post_thumbnail":0,"footnotes":""},"categories":[11909],"tags":[],"aioseo_notices":[],"_links":{"self":[{"href":"https:\/\/blogsaverroes.juntadeandalucia.es\/ceiptartessospedrera\/wp-json\/wp\/v2\/posts\/2800"}],"collection":[{"href":"https:\/\/blogsaverroes.juntadeandalucia.es\/ceiptartessospedrera\/wp-json\/wp\/v2\/posts"}],"about":[{"href":"https:\/\/blogsaverroes.juntadeandalucia.es\/ceiptartessospedrera\/wp-json\/wp\/v2\/types\/post"}],"author":[{"embeddable":true,"href":"https:\/\/blogsaverroes.juntadeandalucia.es\/ceiptartessospedrera\/wp-json\/wp\/v2\/users\/10814"}],"replies":[{"embeddable":true,"href":"https:\/\/blogsaverroes.juntadeandalucia.es\/ceiptartessospedrera\/wp-json\/wp\/v2\/comments?post=2800"}],"version-history":[{"count":1,"href":"https:\/\/blogsaverroes.juntadeandalucia.es\/ceiptartessospedrera\/wp-json\/wp\/v2\/posts\/2800\/revisions"}],"predecessor-version":[{"id":2802,"href":"https:\/\/blogsaverroes.juntadeandalucia.es\/ceiptartessospedrera\/wp-json\/wp\/v2\/posts\/2800\/revisions\/2802"}],"wp:featuredmedia":[{"embeddable":true,"href":"https:\/\/blogsaverroes.juntadeandalucia.es\/ceiptartessospedrera\/wp-json\/wp\/v2\/media\/2801"}],"wp:attachment":[{"href":"https:\/\/blogsaverroes.juntadeandalucia.es\/ceiptartessospedrera\/wp-json\/wp\/v2\/media?parent=2800"}],"wp:term":[{"taxonomy":"category","embeddable":true,"href":"https:\/\/blogsaverroes.juntadeandalucia.es\/ceiptartessospedrera\/wp-json\/wp\/v2\/categories?post=2800"},{"taxonomy":"post_tag","embeddable":true,"href":"https:\/\/blogsaverroes.juntadeandalucia.es\/ceiptartessospedrera\/wp-json\/wp\/v2\/tags?post=2800"}],"curies":[{"name":"wp","href":"https:\/\/api.w.org\/{rel}","templated":true}]}}