{"id":3170,"date":"2025-02-20T09:36:22","date_gmt":"2025-02-20T09:36:22","guid":{"rendered":"https:\/\/blogsaverroes.juntadeandalucia.es\/ceiptartessospedrera\/?p=3170"},"modified":"2025-02-20T09:36:22","modified_gmt":"2025-02-20T09:36:22","slug":"novedades-en-nuestra-biblioteca","status":"publish","type":"post","link":"https:\/\/blogsaverroes.juntadeandalucia.es\/ceiptartessospedrera\/novedades-en-nuestra-biblioteca\/","title":{"rendered":"Novedades en nuestra biblioteca."},"content":{"rendered":"<p>Ya est\u00e1n disponibles las \u00abnuevas\u00bb estanter\u00edas con las \u00faltimas novedades que se han adquirido en nuestra biblioteca escolar.<\/p>\n<p>Nuestra nueva biblioteca est\u00e1 quedando genial.&nbsp;<\/p>\n<p>Os adjuntamos algunas fotos.&nbsp;<\/p>\n<p>Un saludo.<\/p>\n<p><a href=\"https:\/\/blogsaverroes.juntadeandalucia.es\/ceiptartessospedrera\/files\/2025\/02\/Novedades-2-1.jpg\"><img loading=\"lazy\" decoding=\"async\" class=\"alignnone size-medium wp-image-3171\" src=\"https:\/\/blogsaverroes.juntadeandalucia.es\/ceiptartessospedrera\/files\/2025\/02\/Novedades-2-1-225x300.jpg\" alt=\"\" width=\"225\" height=\"300\" srcset=\"https:\/\/blogsaverroes.juntadeandalucia.es\/ceiptartessospedrera\/files\/2025\/02\/Novedades-2-1-225x300.jpg 225w, https:\/\/blogsaverroes.juntadeandalucia.es\/ceiptartessospedrera\/files\/2025\/02\/Novedades-2-1-768x1024.jpg 768w, https:\/\/blogsaverroes.juntadeandalucia.es\/ceiptartessospedrera\/files\/2025\/02\/Novedades-2-1-1152x1536.jpg 1152w, https:\/\/blogsaverroes.juntadeandalucia.es\/ceiptartessospedrera\/files\/2025\/02\/Novedades-2-1-1536x2048.jpg 1536w, https:\/\/blogsaverroes.juntadeandalucia.es\/ceiptartessospedrera\/files\/2025\/02\/Novedades-2-1.jpg 1200w\" sizes=\"(max-width: 225px) 100vw, 225px\" \/><\/a><\/p>\n<p>&nbsp;<\/p>\n<p><a href=\"https:\/\/blogsaverroes.juntadeandalucia.es\/ceiptartessospedrera\/files\/2025\/02\/Novedades-2-2.jpg\"><img loading=\"lazy\" decoding=\"async\" class=\"alignnone size-medium wp-image-3172\" src=\"https:\/\/blogsaverroes.juntadeandalucia.es\/ceiptartessospedrera\/files\/2025\/02\/Novedades-2-2-225x300.jpg\" alt=\"\" width=\"225\" height=\"300\" srcset=\"https:\/\/blogsaverroes.juntadeandalucia.es\/ceiptartessospedrera\/files\/2025\/02\/Novedades-2-2-225x300.jpg 225w, https:\/\/blogsaverroes.juntadeandalucia.es\/ceiptartessospedrera\/files\/2025\/02\/Novedades-2-2-768x1024.jpg 768w, https:\/\/blogsaverroes.juntadeandalucia.es\/ceiptartessospedrera\/files\/2025\/02\/Novedades-2-2-1152x1536.jpg 1152w, https:\/\/blogsaverroes.juntadeandalucia.es\/ceiptartessospedrera\/files\/2025\/02\/Novedades-2-2-1536x2048.jpg 1536w, https:\/\/blogsaverroes.juntadeandalucia.es\/ceiptartessospedrera\/files\/2025\/02\/Novedades-2-2.jpg 1200w\" sizes=\"(max-width: 225px) 100vw, 225px\" \/><\/a><\/p>\n","protected":false},"excerpt":{"rendered":"<p>Ya est\u00e1n disponibles las \u00abnuevas\u00bb estanter\u00edas con las \u00faltimas novedades que se han adquirido en nuestra biblioteca escolar. Nuestra nueva biblioteca est\u00e1 quedando genial.&nbsp; Os adjuntamos algunas fotos.&nbsp; Un saludo. &nbsp;<\/p>\n","protected":false},"author":10814,"featured_media":3172,"comment_status":"open","ping_status":"open","sticky":false,"template":"","format":"standard","meta":{"ngg_post_thumbnail":0,"footnotes":""},"categories":[11909],"tags":[],"aioseo_notices":[],"_links":{"self":[{"href":"https:\/\/blogsaverroes.juntadeandalucia.es\/ceiptartessospedrera\/wp-json\/wp\/v2\/posts\/3170"}],"collection":[{"href":"https:\/\/blogsaverroes.juntadeandalucia.es\/ceiptartessospedrera\/wp-json\/wp\/v2\/posts"}],"about":[{"href":"https:\/\/blogsaverroes.juntadeandalucia.es\/ceiptartessospedrera\/wp-json\/wp\/v2\/types\/post"}],"author":[{"embeddable":true,"href":"https:\/\/blogsaverroes.juntadeandalucia.es\/ceiptartessospedrera\/wp-json\/wp\/v2\/users\/10814"}],"replies":[{"embeddable":true,"href":"https:\/\/blogsaverroes.juntadeandalucia.es\/ceiptartessospedrera\/wp-json\/wp\/v2\/comments?post=3170"}],"version-history":[{"count":1,"href":"https:\/\/blogsaverroes.juntadeandalucia.es\/ceiptartessospedrera\/wp-json\/wp\/v2\/posts\/3170\/revisions"}],"predecessor-version":[{"id":3173,"href":"https:\/\/blogsaverroes.juntadeandalucia.es\/ceiptartessospedrera\/wp-json\/wp\/v2\/posts\/3170\/revisions\/3173"}],"wp:featuredmedia":[{"embeddable":true,"href":"https:\/\/blogsaverroes.juntadeandalucia.es\/ceiptartessospedrera\/wp-json\/wp\/v2\/media\/3172"}],"wp:attachment":[{"href":"https:\/\/blogsaverroes.juntadeandalucia.es\/ceiptartessospedrera\/wp-json\/wp\/v2\/media?parent=3170"}],"wp:term":[{"taxonomy":"category","embeddable":true,"href":"https:\/\/blogsaverroes.juntadeandalucia.es\/ceiptartessospedrera\/wp-json\/wp\/v2\/categories?post=3170"},{"taxonomy":"post_tag","embeddable":true,"href":"https:\/\/blogsaverroes.juntadeandalucia.es\/ceiptartessospedrera\/wp-json\/wp\/v2\/tags?post=3170"}],"curies":[{"name":"wp","href":"https:\/\/api.w.org\/{rel}","templated":true}]}}