{"id":3304,"date":"2026-02-25T11:51:13","date_gmt":"2026-02-25T11:51:13","guid":{"rendered":"https:\/\/blogsaverroes.juntadeandalucia.es\/ceiptartessospedrera\/?p=3304"},"modified":"2026-02-25T11:51:13","modified_gmt":"2026-02-25T11:51:13","slug":"tods-olimpics-2026","status":"publish","type":"post","link":"https:\/\/blogsaverroes.juntadeandalucia.es\/ceiptartessospedrera\/tods-olimpics-2026\/","title":{"rendered":"Tod@s olimpic@s 2026"},"content":{"rendered":"<p>Ya tenemos nuestro diploma de participaci\u00f3n en el programa \u00abTodos Ol\u00edmpicos\u00bb en este curso 2026. Dicho programa pretende difundir los valores ol\u00edmpicos entre el alumnado.<\/p>\n<p>Dar las gracias a Manuel Olmedo por su participaci\u00f3n en nuestro centro. Manuel es un atleta espa\u00f1ol especializado en medio fondo. Disput\u00f3 los Juegos Ol\u00edmpicos de Atenas 2004 y Pek\u00edn 2008.<\/p>\n<p>Un saludo.<\/p>\n<p><a href=\"https:\/\/blogsaverroes.juntadeandalucia.es\/ceiptartessospedrera\/files\/2026\/02\/CEIP-TARTESSOS.jpg\"><img loading=\"lazy\" decoding=\"async\" class=\"alignnone size-medium wp-image-3305\" src=\"https:\/\/blogsaverroes.juntadeandalucia.es\/ceiptartessospedrera\/files\/2026\/02\/CEIP-TARTESSOS-300x214.jpg\" alt=\"\" width=\"300\" height=\"214\" srcset=\"https:\/\/blogsaverroes.juntadeandalucia.es\/ceiptartessospedrera\/files\/2026\/02\/CEIP-TARTESSOS-300x214.jpg 300w, https:\/\/blogsaverroes.juntadeandalucia.es\/ceiptartessospedrera\/files\/2026\/02\/CEIP-TARTESSOS-1024x730.jpg 1024w, https:\/\/blogsaverroes.juntadeandalucia.es\/ceiptartessospedrera\/files\/2026\/02\/CEIP-TARTESSOS-768x548.jpg 768w, https:\/\/blogsaverroes.juntadeandalucia.es\/ceiptartessospedrera\/files\/2026\/02\/CEIP-TARTESSOS.jpg 1080w\" sizes=\"(max-width: 300px) 100vw, 300px\" \/><\/a><\/p>\n<p>&nbsp;<\/p>\n","protected":false},"excerpt":{"rendered":"<p>Ya tenemos nuestro diploma de participaci\u00f3n en el programa \u00abTodos Ol\u00edmpicos\u00bb en este curso 2026. Dicho programa pretende difundir los valores ol\u00edmpicos entre el alumnado. Dar las gracias a Manuel Olmedo por su participaci\u00f3n&#46;&#46;&#46;<\/p>\n","protected":false},"author":10814,"featured_media":3305,"comment_status":"open","ping_status":"open","sticky":false,"template":"","format":"standard","meta":{"ngg_post_thumbnail":0,"footnotes":""},"categories":[11909],"tags":[],"aioseo_notices":[],"_links":{"self":[{"href":"https:\/\/blogsaverroes.juntadeandalucia.es\/ceiptartessospedrera\/wp-json\/wp\/v2\/posts\/3304"}],"collection":[{"href":"https:\/\/blogsaverroes.juntadeandalucia.es\/ceiptartessospedrera\/wp-json\/wp\/v2\/posts"}],"about":[{"href":"https:\/\/blogsaverroes.juntadeandalucia.es\/ceiptartessospedrera\/wp-json\/wp\/v2\/types\/post"}],"author":[{"embeddable":true,"href":"https:\/\/blogsaverroes.juntadeandalucia.es\/ceiptartessospedrera\/wp-json\/wp\/v2\/users\/10814"}],"replies":[{"embeddable":true,"href":"https:\/\/blogsaverroes.juntadeandalucia.es\/ceiptartessospedrera\/wp-json\/wp\/v2\/comments?post=3304"}],"version-history":[{"count":1,"href":"https:\/\/blogsaverroes.juntadeandalucia.es\/ceiptartessospedrera\/wp-json\/wp\/v2\/posts\/3304\/revisions"}],"predecessor-version":[{"id":3306,"href":"https:\/\/blogsaverroes.juntadeandalucia.es\/ceiptartessospedrera\/wp-json\/wp\/v2\/posts\/3304\/revisions\/3306"}],"wp:featuredmedia":[{"embeddable":true,"href":"https:\/\/blogsaverroes.juntadeandalucia.es\/ceiptartessospedrera\/wp-json\/wp\/v2\/media\/3305"}],"wp:attachment":[{"href":"https:\/\/blogsaverroes.juntadeandalucia.es\/ceiptartessospedrera\/wp-json\/wp\/v2\/media?parent=3304"}],"wp:term":[{"taxonomy":"category","embeddable":true,"href":"https:\/\/blogsaverroes.juntadeandalucia.es\/ceiptartessospedrera\/wp-json\/wp\/v2\/categories?post=3304"},{"taxonomy":"post_tag","embeddable":true,"href":"https:\/\/blogsaverroes.juntadeandalucia.es\/ceiptartessospedrera\/wp-json\/wp\/v2\/tags?post=3304"}],"curies":[{"name":"wp","href":"https:\/\/api.w.org\/{rel}","templated":true}]}}