{"id":2215,"date":"2020-06-21T07:00:00","date_gmt":"2020-06-21T07:00:00","guid":{"rendered":"https:\/\/blogsaverroes.juntadeandalucia.es\/ceiptetuan\/dia-internacional-del-sol-21-de-junio\/"},"modified":"2020-07-14T01:23:47","modified_gmt":"2020-07-13T23:23:47","slug":"dia-internacional-del-sol-21-de-junio","status":"publish","type":"post","link":"https:\/\/blogsaverroes.juntadeandalucia.es\/ceiptetuan\/dia-internacional-del-sol-21-de-junio\/","title":{"rendered":"D\u00cdA INTERNACIONAL DEL SOL, 21 DE JUNIO"},"content":{"rendered":"<div style=\"clear: both;text-align: center\">&nbsp;<\/div>\n<div style=\"clear: both;text-align: center\"><a style=\"margin-left: 1em;margin-right: 1em\" href=\"https:\/\/blogsaverroes.juntadeandalucia.es\/ceiptetuan\/files\/2020\/06\/sol.jpg\"><img loading=\"lazy\" decoding=\"async\" src=\"https:\/\/blogsaverroes.juntadeandalucia.es\/ceiptetuan\/files\/2020\/06\/sol.jpg\" width=\"400\" height=\"278\" border=\"0\" data-original-height=\"155\" data-original-width=\"223\"\/><\/a><\/div>\n<div style=\"clear: both;text-align: center\">&nbsp;<\/div>\n<div style=\"text-align: justify\"><strong><span style=\"font-size: large\">Coincidiendo con el solsticio de verano en el hemisferio norte, el 21 de junio se celebra el D\u00eda Internacional del Sol, una fecha en la que el astro rey es el protagonista de las agendas de todo el mundo, ya que se celebran eventos destinados a concienciar sobre la importancia del sol para nuestro planeta.<\/span><\/strong><\/div>\n<p>&nbsp;<\/p>\n<div style=\"text-align: justify\"><strong>Asociaciones ecologistas usan esta celebraci\u00f3n para promocionar y apoyar las fuentes de energ\u00eda renovable, sobretodo en pa\u00edses como Espa\u00f1a donde el nivel de explotaci\u00f3n de la energ\u00eda solar es bastante bajo en comparaci\u00f3n con otros pa\u00edses con niveles inferiores de exposici\u00f3n al sol.<\/strong><\/div>\n<p>&nbsp;<\/p>\n<div style=\"text-align: justify\"><strong>El 21 de junio es el primer d\u00eda del verano y a su vez, es el d\u00eda m\u00e1s largo del a\u00f1o en cuanto a horas de luz se refiere. Por ello, en los pa\u00edses del hemisferio norte se suelen celebrar eventos y actividades que evidencian la importancia del astro rey para el planeta y para la vida en la Tierra.Y no es que sea importante, el Sol es fundamental. No en vano, el Sol es la fuente de energ\u00eda.<\/strong><\/div>\n<div style=\"text-align: justify\"><strong>El 21 de junio es el primer d\u00eda del verano y a su vez, es el d\u00eda m\u00e1s largo del a\u00f1o en cuanto a horas de luz se refiere. Por ello, en los pa\u00edses del hemisferio norte se suelen celebrar eventos y actividades que evidencian la importancia del astro rey para el planeta y para la vida en la Tierra.<\/strong><\/div>\n<div style=\"text-align: justify\">\n<p><strong>Os dejamos este v\u00eddeo<\/strong><\/p>\n<\/div>\n<p>&nbsp; &nbsp; &nbsp; &nbsp; &nbsp; &nbsp; &nbsp; &nbsp;<iframe loading=\"lazy\" src=\"https:\/\/www.youtube.com\/embed\/n_G4RkjeNjE\" width=\"560\" height=\"315\" frameborder=\"0\"><\/iframe><\/p>\n","protected":false},"excerpt":{"rendered":"<p>&nbsp; &nbsp; Coincidiendo con el solsticio de verano en el hemisferio norte, el 21 de junio se celebra el D\u00eda Internacional del Sol, una fecha en la que el astro rey es el protagonista&#46;&#46;&#46;<\/p>\n","protected":false},"author":10292,"featured_media":2718,"comment_status":"open","ping_status":"open","sticky":true,"template":"","format":"standard","meta":{"ngg_post_thumbnail":0,"footnotes":""},"categories":[2352021,2351697],"tags":[2352232],"aioseo_notices":[],"_links":{"self":[{"href":"https:\/\/blogsaverroes.juntadeandalucia.es\/ceiptetuan\/wp-json\/wp\/v2\/posts\/2215"}],"collection":[{"href":"https:\/\/blogsaverroes.juntadeandalucia.es\/ceiptetuan\/wp-json\/wp\/v2\/posts"}],"about":[{"href":"https:\/\/blogsaverroes.juntadeandalucia.es\/ceiptetuan\/wp-json\/wp\/v2\/types\/post"}],"author":[{"embeddable":true,"href":"https:\/\/blogsaverroes.juntadeandalucia.es\/ceiptetuan\/wp-json\/wp\/v2\/users\/10292"}],"replies":[{"embeddable":true,"href":"https:\/\/blogsaverroes.juntadeandalucia.es\/ceiptetuan\/wp-json\/wp\/v2\/comments?post=2215"}],"version-history":[{"count":7,"href":"https:\/\/blogsaverroes.juntadeandalucia.es\/ceiptetuan\/wp-json\/wp\/v2\/posts\/2215\/revisions"}],"predecessor-version":[{"id":3499,"href":"https:\/\/blogsaverroes.juntadeandalucia.es\/ceiptetuan\/wp-json\/wp\/v2\/posts\/2215\/revisions\/3499"}],"wp:featuredmedia":[{"embeddable":true,"href":"https:\/\/blogsaverroes.juntadeandalucia.es\/ceiptetuan\/wp-json\/wp\/v2\/media\/2718"}],"wp:attachment":[{"href":"https:\/\/blogsaverroes.juntadeandalucia.es\/ceiptetuan\/wp-json\/wp\/v2\/media?parent=2215"}],"wp:term":[{"taxonomy":"category","embeddable":true,"href":"https:\/\/blogsaverroes.juntadeandalucia.es\/ceiptetuan\/wp-json\/wp\/v2\/categories?post=2215"},{"taxonomy":"post_tag","embeddable":true,"href":"https:\/\/blogsaverroes.juntadeandalucia.es\/ceiptetuan\/wp-json\/wp\/v2\/tags?post=2215"}],"curies":[{"name":"wp","href":"https:\/\/api.w.org\/{rel}","templated":true}]}}