{"id":2260,"date":"2020-05-23T07:00:00","date_gmt":"2020-05-23T07:00:00","guid":{"rendered":"https:\/\/blogsaverroes.juntadeandalucia.es\/ceiptetuan\/programa-de-refuerzo-estival-curso-2019-20\/"},"modified":"2020-08-01T20:53:10","modified_gmt":"2020-08-01T18:53:10","slug":"programa-de-refuerzo-estival-curso-2019-20","status":"publish","type":"post","link":"https:\/\/blogsaverroes.juntadeandalucia.es\/ceiptetuan\/programa-de-refuerzo-estival-curso-2019-20\/","title":{"rendered":"PROGRAMA DE REFUERZO ESTIVAL CURSO 2019-20"},"content":{"rendered":"<div style=\"text-align: justify\"><b><span style=\"font-size: large\">&nbsp; &nbsp; &nbsp;La Junta de Andaluc\u00eda,&nbsp; a trav\u00e9s de la Resoluci\u00f3n de 19 de mayo de 2020, de la Direcci\u00f3n General de Atenci\u00f3n a la Diversidad, Participaci\u00f3n y Convivencia Escolar, convoca el Programa de Refuerzo Educativo en Periodo Estival en los Centros Docentes P\u00fablicos de Andaluc\u00eda, durante el curso 2019-20.&nbsp;<\/span><\/b><\/div>\n<div style=\"text-align: justify\">\n<p><b><span style=\"font-size: large\">&nbsp; &nbsp; &nbsp; &nbsp; &nbsp; &nbsp; &nbsp; &nbsp; &nbsp; &nbsp; &nbsp; &nbsp; &nbsp; &nbsp; &nbsp; &nbsp; &nbsp; &nbsp; &nbsp; &nbsp; &nbsp; &nbsp; &nbsp; &nbsp; &nbsp;&nbsp;<\/span><\/b><\/p>\n<div style=\"clear: both;text-align: center\"><b><span style=\"font-size: large\"><a style=\"margin-left: 1em;margin-right: 1em\" href=\"https:\/\/www.juntadeandalucia.es\/educacion\/portals\/delegate\/thumbnail\/abaco_big\/ab89de9c-2482-4ad4-8fe8-800dd72b2722\"><img loading=\"lazy\" decoding=\"async\" src=\"https:\/\/www.juntadeandalucia.es\/educacion\/portals\/delegate\/thumbnail\/abaco_big\/ab89de9c-2482-4ad4-8fe8-800dd72b2722\" width=\"640\" height=\"264\" border=\"0\" data-original-height=\"165\" data-original-width=\"400\"\/><\/a><\/span><\/b><\/div>\n<p>&nbsp;<\/p>\n<\/div>\n<div style=\"text-align: justify\"><b><span style=\"font-size: large\">&nbsp; &nbsp; &nbsp; &nbsp; &nbsp; &nbsp; &nbsp; &nbsp; &nbsp; &nbsp; &nbsp; &nbsp; &nbsp; &nbsp; &nbsp; &nbsp; &nbsp; &nbsp; &nbsp; &nbsp; &nbsp; &nbsp; &nbsp; &nbsp; &nbsp; &nbsp; &nbsp; &nbsp; &nbsp; &nbsp; &nbsp; &nbsp; &nbsp; &nbsp; &nbsp;&nbsp;<\/span><\/b><\/div>\n<div style=\"text-align: justify\"><b><span style=\"font-size: large\">El plan est\u00e1 destinado al alumnado de Educaci\u00f3n Primaria y, por primera vez, a los estudiantes de 1\u00ba y 2\u00ba de Educaci\u00f3n Secundaria Obligatoria (ESO) escolarizado en centros sostenidos con fondos p\u00fablicos, que presente dificultad para alcanzar las competencias o superar los objetivos del curso en el que se encuentre matriculado precisando refuerzo en \u00e1reas y materias como Lengua Castellana, Matem\u00e1ticas y Lengua extranjera Ingl\u00e9s.<\/span><\/b><\/div>\n<div style=\"text-align: justify\"><b><span style=\"font-size: large\">Adem\u00e1s, dada la situaci\u00f3n extraordinaria causada por el cierre de los centros para contener el COVID-19, este programa servir\u00e1 para reforzar los aprendizajes adquiridos y consolidar las destrezas y competencias b\u00e1sicas de los estudiantes.<\/span><\/b><\/div>\n<div style=\"text-align: justify\"><b><span style=\"font-size: large\">Las familias andaluzas que deseen que sus hijos\/as participen en el Programa de Refuerzo Educativo Estival tendr\u00e1n del 12 al 18 de junio para inscribirlos.<\/span><\/b><\/div>\n<div style=\"text-align: justify\"><b><span style=\"font-size: large\">Para ello, deber\u00e1n cumplimentar la solicitud, preferentemente, por v\u00eda telem\u00e1tica en la web de la Consejer\u00eda de Educaci\u00f3n y Deporte. Os dejamos el enlace para poder acceder desde aqu\u00ed:<\/span><\/b><\/div>\n<div style=\"text-align: justify\"><a href=\"https:\/\/www.juntadeandalucia.es\/educacion\/portals\/web\/ced\/programa-de-refuerzo-estival\/-\/normativas\/detalle\/resolucion-de-19-de-mayo-de-2020-de-la-direccion-general-de-atencion-a-la-diversidad-participacion-y-convivencia\"><b><span style=\"font-size: large\">https:\/\/www.juntadeandalucia.es\/educacion\/portals\/web\/ced\/programa-de-refuerzo-estival\/-\/normativas\/detalle\/resolucion-de-19-de-mayo-de-2020-de-la-direccion-general-de-atencion-a-la-diversidad-participacion-y-convivencia<\/span><\/b><\/a><\/div>\n<div style=\"text-align: justify\"><b><span style=\"font-size: large\">Los padres, madres o tutores legales del alumnado deber\u00e1n solicitar su participaci\u00f3n en el programa en el&nbsp; propio centro.&nbsp;<\/span><\/b><\/div>\n<div style=\"text-align: justify\"><span style=\"font-size: large\"><b>Nuestro&nbsp; colegio Tetu\u00e1n, no ofrecer\u00e1 el programa, pero&nbsp; las familias interesadas,&nbsp; lo podr\u00e9is&nbsp; hacer en alguno de los centros participantes de la&nbsp; localidad. Previamente, a la inscripci\u00f3n deb\u00e9is&nbsp;solicitar&nbsp; un informe al Equipo Educativo,&nbsp; que justifique la necesidad de participaci\u00f3n.<\/b><\/span><\/div>\n<div style=\"text-align: justify\">&nbsp;<\/div>\n<div style=\"text-align: justify\">\n<p>&nbsp;<\/p>\n<div style=\"clear: both;text-align: center\"><span style=\"font-size: large\"><b><a style=\"margin-left: 1em;margin-right: 1em\" href=\"https:\/\/1.bp.blogspot.com\/-6csNRDW1wTY\/XsmqyIHojiI\/AAAAAAAANm4\/sb9K87U0MOUrCTOyCjbTe1ih1tbREsoSwCLcBGAsYHQ\/s1600\/infograf%25C3%25ADa%2Bcompleta_page-0001.jpg\"><img loading=\"lazy\" decoding=\"async\" src=\"https:\/\/1.bp.blogspot.com\/-6csNRDW1wTY\/XsmqyIHojiI\/AAAAAAAANm4\/sb9K87U0MOUrCTOyCjbTe1ih1tbREsoSwCLcBGAsYHQ\/s640\/infograf%25C3%25ADa%2Bcompleta_page-0001.jpg\" width=\"452\" height=\"640\" border=\"0\" data-original-height=\"1600\" data-original-width=\"1132\"\/><\/a><\/b><\/span><\/div>\n<p>&nbsp;<\/p>\n<\/div>\n<div style=\"text-align: justify\">&nbsp;<\/div>\n<div style=\"text-align: justify\"><b><span style=\"font-size: x-large\">El plan se desarrollar\u00e1 en el mes de julio, siempre que las autoridades sanitarias lo autoricen.<\/span><\/b><\/div>\n","protected":false},"excerpt":{"rendered":"<p>&nbsp; &nbsp; &nbsp;La Junta de Andaluc\u00eda,&nbsp; a trav\u00e9s de la Resoluci\u00f3n de 19 de mayo de 2020, de la Direcci\u00f3n General de Atenci\u00f3n a la Diversidad, Participaci\u00f3n y Convivencia Escolar, convoca el Programa de&#46;&#46;&#46;<\/p>\n","protected":false},"author":10292,"featured_media":2934,"comment_status":"open","ping_status":"open","sticky":true,"template":"","format":"standard","meta":{"ngg_post_thumbnail":0,"footnotes":""},"categories":[2352021,2351966],"tags":[2352244],"aioseo_notices":[],"_links":{"self":[{"href":"https:\/\/blogsaverroes.juntadeandalucia.es\/ceiptetuan\/wp-json\/wp\/v2\/posts\/2260"}],"collection":[{"href":"https:\/\/blogsaverroes.juntadeandalucia.es\/ceiptetuan\/wp-json\/wp\/v2\/posts"}],"about":[{"href":"https:\/\/blogsaverroes.juntadeandalucia.es\/ceiptetuan\/wp-json\/wp\/v2\/types\/post"}],"author":[{"embeddable":true,"href":"https:\/\/blogsaverroes.juntadeandalucia.es\/ceiptetuan\/wp-json\/wp\/v2\/users\/10292"}],"replies":[{"embeddable":true,"href":"https:\/\/blogsaverroes.juntadeandalucia.es\/ceiptetuan\/wp-json\/wp\/v2\/comments?post=2260"}],"version-history":[{"count":3,"href":"https:\/\/blogsaverroes.juntadeandalucia.es\/ceiptetuan\/wp-json\/wp\/v2\/posts\/2260\/revisions"}],"predecessor-version":[{"id":3780,"href":"https:\/\/blogsaverroes.juntadeandalucia.es\/ceiptetuan\/wp-json\/wp\/v2\/posts\/2260\/revisions\/3780"}],"wp:featuredmedia":[{"embeddable":true,"href":"https:\/\/blogsaverroes.juntadeandalucia.es\/ceiptetuan\/wp-json\/wp\/v2\/media\/2934"}],"wp:attachment":[{"href":"https:\/\/blogsaverroes.juntadeandalucia.es\/ceiptetuan\/wp-json\/wp\/v2\/media?parent=2260"}],"wp:term":[{"taxonomy":"category","embeddable":true,"href":"https:\/\/blogsaverroes.juntadeandalucia.es\/ceiptetuan\/wp-json\/wp\/v2\/categories?post=2260"},{"taxonomy":"post_tag","embeddable":true,"href":"https:\/\/blogsaverroes.juntadeandalucia.es\/ceiptetuan\/wp-json\/wp\/v2\/tags?post=2260"}],"curies":[{"name":"wp","href":"https:\/\/api.w.org\/{rel}","templated":true}]}}