{"id":2356,"date":"2020-04-03T23:23:00","date_gmt":"2020-04-03T23:23:00","guid":{"rendered":"https:\/\/blogsaverroes.juntadeandalucia.es\/ceiptetuan\/viernes-de-dolores-2020\/"},"modified":"2020-04-03T23:23:00","modified_gmt":"2020-04-03T23:23:00","slug":"viernes-de-dolores-2020","status":"publish","type":"post","link":"https:\/\/blogsaverroes.juntadeandalucia.es\/ceiptetuan\/viernes-de-dolores-2020\/","title":{"rendered":"VIERNES DE DOLORES, 2020"},"content":{"rendered":"<div>\n<div style=\"clear: both;text-align: center\"><a href=\"https:\/\/1.bp.blogspot.com\/-3OuuAkRfq9A\/XoZwWmXU_SI\/AAAAAAAANAQ\/PI2vtEQ-LdsZldiqVi9so976COgkt-ktwCLcBGAsYHQ\/s1600\/dolores.gif\" style=\"margin-left: 1em;margin-right: 1em\"><img decoding=\"async\" border=\"0\" data-original-height=\"117\" data-original-width=\"211\" src=\"https:\/\/1.bp.blogspot.com\/-3OuuAkRfq9A\/XoZwWmXU_SI\/AAAAAAAANAQ\/PI2vtEQ-LdsZldiqVi9so976COgkt-ktwCLcBGAsYHQ\/s1600\/dolores.gif\" \/><\/a><\/div>\n<p><span style=\"font-size: large\"><b><br \/><\/b><\/span><span style=\"font-size: large\"><b>&nbsp; &nbsp; &nbsp; &nbsp; &nbsp; &nbsp; &nbsp; &nbsp; &nbsp; &nbsp; &nbsp; &nbsp; &nbsp; &nbsp; &nbsp; &nbsp; &nbsp; &nbsp; &nbsp; &nbsp; &nbsp;<\/b><\/span><\/p>\n<div style=\"text-align: justify\"><span style=\"font-size: large\"><b>El &nbsp;3 de abril de 2020 es \u201cViernes de Dolores\u201d. Se corresponde con el viernes anterior al&nbsp;Domingo de Ramos. Est\u00e1 dentro de la \u201c\u00faltima semana de la&nbsp;Cuaresma\u201d, conocida como la Semana de Pasi\u00f3n. En algunas localidades es considerado como el comienzo de la<\/b><\/span><b><span style=\"font-size: large\">&nbsp;Semana Santa<\/span><\/b><span style=\"font-size: large\"><b>, al iniciarse en esta fecha algunos desfiles procesionales, este a\u00f1o por el coronavirus no se podr\u00e1 realizar.<\/b><\/span><\/div>\n<\/div>\n<div style=\"text-align: justify\"><b><span style=\"font-size: large\">En el Viernes de Dolores, para las personas &nbsp;creyentes cat\u00f3licos\/cas, &nbsp;se recuerda el sufrimiento de la Virgen Mar\u00eda cuando su hijo Jes\u00fas fue crucificado. Es la antesala de Semana Santa y en algunos lugares es un d\u00eda de ayuno y abstinencia, quedando prohibido comer carne.<\/span><\/b><\/div>\n<div style=\"text-align: justify\"><b><span style=\"font-size: large\">Hoy desde aqu\u00ed, todas y todos vamos a felicitar a nuestro querida se\u00f1o \u00bb LOLA\u00bb.<\/span><\/b><br \/><b><span style=\"font-size: large\"><br \/><\/span><\/b><\/p>\n<div style=\"clear: both;text-align: center\"><a href=\"https:\/\/1.bp.blogspot.com\/-cjIgTZTsV4g\/XoZzmvj5EzI\/AAAAAAAANAc\/o7Guf_DyM50cb8lT1mHJDxlWV-a5bCxDwCLcBGAsYHQ\/s1600\/lola.jpg\" style=\"margin-left: 1em;margin-right: 1em\"><img loading=\"lazy\" decoding=\"async\" border=\"0\" data-original-height=\"999\" data-original-width=\"750\" height=\"400\" src=\"https:\/\/1.bp.blogspot.com\/-cjIgTZTsV4g\/XoZzmvj5EzI\/AAAAAAAANAc\/o7Guf_DyM50cb8lT1mHJDxlWV-a5bCxDwCLcBGAsYHQ\/s400\/lola.jpg\" width=\"300\" \/><\/a><\/div>\n<p><b><span style=\"font-size: large\"><br \/><\/span><\/b><b><span style=\"font-size: large\">As\u00ed como a todas nuestras alumnas del Colegio Tetu\u00e1n que llevan este bonito nombre: Lola, Lolilla, Loles, etc.<\/span><\/b><br \/><b><span style=\"font-size: large\">Que lo pas\u00e9is genial, en compa\u00f1\u00eda de vuestros seres queridos, dentro de casa, para ganar la batalla al COVID-19. \u00a1Va por todas vosotras! Este bonito v\u00eddeo con el significado y origen del nombre Dolores:<\/span><\/b><br \/><b><span style=\"font-size: large\"><br \/><\/span><\/b><\/div>\n<div style=\"text-align: justify\"><\/div>\n<p>&nbsp; &nbsp; &nbsp; &nbsp; &nbsp; &nbsp;<iframe loading=\"lazy\" frameborder=\"0\" height=\"315\" src=\"https:\/\/www.youtube.com\/embed\/aRR8O4TWqYw\" width=\"560\"><\/iframe><br \/><span style=\"font-size: large\"><br \/><\/span><\/p>\n<div style=\"text-align: justify\"><b><span style=\"font-size: large\"><span style=\"font-size: medium\">Para celebrar vuestro santo, que mejor forma de hacerlo &nbsp;viendo &nbsp;el Circo del Sol, en espect\u00e1culo on-line a partir del 3 de abril.<\/span><span style=\"font-size: large\">&nbsp;El Circo de Sol ya que &nbsp;arrancar\u00e1 el viernes 3 de abril a las 21.00 h. (hora espa\u00f1ola) la emisi\u00f3n en directo de un montaje recopilatorio de una hora de duraci\u00f3n con los mejores momentos de sus &#8216;shows&#8217; Kurios, O y Luzia.<\/span><\/span><\/b><\/div>\n<div style=\"text-align: justify\"><span style=\"font-size: large\"><b><span style=\"font-size: large\">\u00abIt\u2019s Friday and we have a new CirqueConnect hour-long special for you! Enjoy a front-row seat to awe-inspiring moments of some of our iconic shows. Stay safe\u00bb.<\/span><\/b><\/span><\/div>\n<div style=\"text-align: justify\"><b><span style=\"font-size: large\">Es el mensaje difundido&nbsp;<\/span><span style=\"font-size: large\">a trav\u00e9s de la plataforma <\/span><span style=\"font-size: large\">especialmente dise\u00f1ada por el confinamiento. Pinchad aqu\u00ed y disfrutad, de este maravilloso espect\u00e1culo:<\/span><\/b><\/div>\n<div style=\"text-align: justify\"><span style=\"font-size: large\"><b><a href=\"https:\/\/www.cirquedusoleil.com\/cirqueconnect\">https:\/\/www.cirquedusoleil.com\/cirqueconnect<\/a>.<\/b><\/span><\/div>\n","protected":false},"excerpt":{"rendered":"<p>&nbsp; &nbsp; &nbsp; &nbsp; &nbsp; &nbsp; &nbsp; &nbsp; &nbsp; &nbsp; &nbsp; &nbsp; &nbsp; &nbsp; &nbsp; &nbsp; &nbsp; &nbsp; &nbsp; &nbsp; &nbsp; El &nbsp;3 de abril de 2020 es \u201cViernes de Dolores\u201d. Se corresponde con&#46;&#46;&#46;<\/p>\n","protected":false},"author":10292,"featured_media":0,"comment_status":"open","ping_status":"open","sticky":false,"template":"","format":"standard","meta":{"ngg_post_thumbnail":0,"footnotes":""},"categories":[11909],"tags":[],"aioseo_notices":[],"_links":{"self":[{"href":"https:\/\/blogsaverroes.juntadeandalucia.es\/ceiptetuan\/wp-json\/wp\/v2\/posts\/2356"}],"collection":[{"href":"https:\/\/blogsaverroes.juntadeandalucia.es\/ceiptetuan\/wp-json\/wp\/v2\/posts"}],"about":[{"href":"https:\/\/blogsaverroes.juntadeandalucia.es\/ceiptetuan\/wp-json\/wp\/v2\/types\/post"}],"author":[{"embeddable":true,"href":"https:\/\/blogsaverroes.juntadeandalucia.es\/ceiptetuan\/wp-json\/wp\/v2\/users\/10292"}],"replies":[{"embeddable":true,"href":"https:\/\/blogsaverroes.juntadeandalucia.es\/ceiptetuan\/wp-json\/wp\/v2\/comments?post=2356"}],"version-history":[{"count":0,"href":"https:\/\/blogsaverroes.juntadeandalucia.es\/ceiptetuan\/wp-json\/wp\/v2\/posts\/2356\/revisions"}],"wp:attachment":[{"href":"https:\/\/blogsaverroes.juntadeandalucia.es\/ceiptetuan\/wp-json\/wp\/v2\/media?parent=2356"}],"wp:term":[{"taxonomy":"category","embeddable":true,"href":"https:\/\/blogsaverroes.juntadeandalucia.es\/ceiptetuan\/wp-json\/wp\/v2\/categories?post=2356"},{"taxonomy":"post_tag","embeddable":true,"href":"https:\/\/blogsaverroes.juntadeandalucia.es\/ceiptetuan\/wp-json\/wp\/v2\/tags?post=2356"}],"curies":[{"name":"wp","href":"https:\/\/api.w.org\/{rel}","templated":true}]}}