{"id":2365,"date":"2020-03-28T11:33:00","date_gmt":"2020-03-28T11:33:00","guid":{"rendered":"https:\/\/blogsaverroes.juntadeandalucia.es\/ceiptetuan\/cambio-de-hora-marzo-2020\/"},"modified":"2020-03-28T11:33:00","modified_gmt":"2020-03-28T11:33:00","slug":"cambio-de-hora-marzo-2020","status":"publish","type":"post","link":"https:\/\/blogsaverroes.juntadeandalucia.es\/ceiptetuan\/cambio-de-hora-marzo-2020\/","title":{"rendered":"CAMBIO DE HORA MARZO 2020"},"content":{"rendered":"<div style=\"clear: both;text-align: center\"><a href=\"https:\/\/1.bp.blogspot.com\/-c7ZC5vREg0A\/Xn8yebdPxwI\/AAAAAAAAM8c\/XlbYho8xUcYjlGOD3J-KLawZNVPr4Us_gCLcBGAsYHQ\/s1600\/relooj.gif\" style=\"margin-left: 1em;margin-right: 1em\"><img loading=\"lazy\" decoding=\"async\" border=\"0\" data-original-height=\"298\" data-original-width=\"480\" height=\"247\" src=\"https:\/\/1.bp.blogspot.com\/-c7ZC5vREg0A\/Xn8yebdPxwI\/AAAAAAAAM8c\/XlbYho8xUcYjlGOD3J-KLawZNVPr4Us_gCLcBGAsYHQ\/s400\/relooj.gif\" width=\"400\" \/><\/a><\/div>\n<p><b><\/b><\/p>\n<div style=\"text-align: justify\"><b><b><span style=\"font-size: large\">Estimada Comunidad Educativa, el  cambio de hora de marzo del 2020 tendr\u00e1 lugar en una Espa\u00f1a confinada por el COVI-19. Este a\u00f1o se producir\u00e1 en la noche del s\u00e1bado 28 al domingo 29, cuando los relojes deber\u00e1n adelantarse una hora para entrar en el horario de verano. Cuando las agujas del reloj marquen las dos de la madrugada, se tendr\u00e1n que avanzar hasta las tres. La modificaci\u00f3n horaria de primavera se aplica en todos los pa\u00edses de la Uni\u00f3n Europea (UE), con la intenci\u00f3n de ajustar la jornada laboral a las horas de luz natural. A partir del domingo amanecer\u00e1 y anochecer\u00e1 m\u00e1s tarde, hasta oto\u00f1o.<\/span><\/b><\/b><\/div>\n<p><b><\/b><\/p>\n<div style=\"text-align: justify\"><b><span style=\"font-size: large\">El efecto m\u00e1s inmediato del cambio de hora es que amanecer\u00e1 y anochecer\u00e1 una hora despu\u00e9s, por lo que dispondremos de m\u00e1s tiempo de luz solar por las tardes.&nbsp;<\/span><\/b><\/div>\n<div style=\"text-align: justify\"><span style=\"font-size: large\"><b>Os dejamos este v\u00eddeo, que informa sobre todo lo que nos afecta el cambio horario en las personas.<\/b><\/span><br \/><span style=\"font-size: large\"><b><br \/><\/b><\/span><\/div>\n<p>&nbsp; &nbsp; &nbsp; &nbsp; &nbsp; &nbsp; &nbsp; &nbsp; &nbsp; &nbsp; &nbsp; &nbsp; &nbsp; &nbsp; &nbsp; &nbsp; &nbsp; &nbsp; &nbsp; &nbsp; &nbsp; &nbsp; &nbsp; &nbsp; &nbsp; &nbsp; &nbsp;<iframe frameborder=\"20\" src=\"\/\/players.brightcove.net\/3251589525001\/SyQNALa5l_default\/index.html?videoId=6121402787001\"><\/iframe><\/p>\n","protected":false},"excerpt":{"rendered":"<p>Estimada Comunidad Educativa, el cambio de hora de marzo del 2020 tendr\u00e1 lugar en una Espa\u00f1a confinada por el COVI-19. Este a\u00f1o se producir\u00e1 en la noche del s\u00e1bado 28 al domingo 29, cuando&#46;&#46;&#46;<\/p>\n","protected":false},"author":10292,"featured_media":0,"comment_status":"open","ping_status":"open","sticky":false,"template":"","format":"standard","meta":{"ngg_post_thumbnail":0,"footnotes":""},"categories":[11909],"tags":[],"aioseo_notices":[],"_links":{"self":[{"href":"https:\/\/blogsaverroes.juntadeandalucia.es\/ceiptetuan\/wp-json\/wp\/v2\/posts\/2365"}],"collection":[{"href":"https:\/\/blogsaverroes.juntadeandalucia.es\/ceiptetuan\/wp-json\/wp\/v2\/posts"}],"about":[{"href":"https:\/\/blogsaverroes.juntadeandalucia.es\/ceiptetuan\/wp-json\/wp\/v2\/types\/post"}],"author":[{"embeddable":true,"href":"https:\/\/blogsaverroes.juntadeandalucia.es\/ceiptetuan\/wp-json\/wp\/v2\/users\/10292"}],"replies":[{"embeddable":true,"href":"https:\/\/blogsaverroes.juntadeandalucia.es\/ceiptetuan\/wp-json\/wp\/v2\/comments?post=2365"}],"version-history":[{"count":0,"href":"https:\/\/blogsaverroes.juntadeandalucia.es\/ceiptetuan\/wp-json\/wp\/v2\/posts\/2365\/revisions"}],"wp:attachment":[{"href":"https:\/\/blogsaverroes.juntadeandalucia.es\/ceiptetuan\/wp-json\/wp\/v2\/media?parent=2365"}],"wp:term":[{"taxonomy":"category","embeddable":true,"href":"https:\/\/blogsaverroes.juntadeandalucia.es\/ceiptetuan\/wp-json\/wp\/v2\/categories?post=2365"},{"taxonomy":"post_tag","embeddable":true,"href":"https:\/\/blogsaverroes.juntadeandalucia.es\/ceiptetuan\/wp-json\/wp\/v2\/tags?post=2365"}],"curies":[{"name":"wp","href":"https:\/\/api.w.org\/{rel}","templated":true}]}}