{"id":2419,"date":"2020-02-22T01:02:00","date_gmt":"2020-02-22T01:02:00","guid":{"rendered":"https:\/\/blogsaverroes.juntadeandalucia.es\/ceiptetuan\/carnaval-cuando-nacio\/"},"modified":"2020-02-22T01:02:00","modified_gmt":"2020-02-22T01:02:00","slug":"carnaval-cuando-nacio","status":"publish","type":"post","link":"https:\/\/blogsaverroes.juntadeandalucia.es\/ceiptetuan\/carnaval-cuando-nacio\/","title":{"rendered":"CARNAVAL \u00bfCU\u00c1NDO NACI\u00d3?"},"content":{"rendered":"<div style=\"clear: both;text-align: center\"><\/div>\n<div style=\"clear: both;text-align: center\"><iframe loading=\"lazy\" frameborder=\"0\" height=\"315\" src=\"https:\/\/www.youtube.com\/embed\/eJI-tIPjEuQ\" width=\"560\"><\/iframe><\/div>\n<section style=\"clear: both;line-height: 21.275px;margin-top: 1.5em\">\n<div style=\"line-height: 1.7em\">\n<div style=\"color: #4a8ad8;, helvetica, sans-serif;font-weight: 600\"><span style=\"font-size: 18.5px\">Se celebra: 23 de febrero de<\/span><span style=\"font-size: large\"> 2020<\/span><\/div>\n<p><span style=\", sans-serif;font-size: large\"><b><br \/>El Carnaval es una fiesta que se celebra en todo el mundo con ligeras variaciones en el tipo de celebraciones que depende mucho del car\u00e1cter de cada regi\u00f3n.<\/b><\/span><\/div>\n<div style=\"line-height: 1.7em\"><span style=\", sans-serif;font-size: large\"><b><br \/><\/b><\/span><\/div>\n<\/section>\n<p><span style=\", sans-serif;font-size: medium\"><b><span style=\"font-size: large\">Lo que si es cierto es que el Carnaval est\u00e1 estrechamente ligado a la Semana Santa y a la Cuaresma Cristiana. Es una fecha variable que depende del calendario lunar, ya que el inicio del Carnaval tiene lugar el jueves anterior al Mi\u00e9rcoles de Ceniza, que es el d\u00eda en que comienza la Cuaresma. Y a su vez la Cuaresma comienza 40 d\u00edas antes que la Semana Santa.<\/span><\/b><\/span><\/p>\n<div><span style=\", sans-serif;font-size: x-small\"><b><br \/><\/b><\/span><\/p>\n<div>\n<table align=\"center\" cellpadding=\"0\" cellspacing=\"0\" style=\"float: left;margin-right: 1em;text-align: left\">\n<tbody>\n<tr>\n<td style=\"text-align: center\"><a href=\"https:\/\/1.bp.blogspot.com\/-RNOA3AdPjn4\/XlB9eHUjwNI\/AAAAAAAAMTg\/9cTn4Ar96X8QvTws9UYW1fvKeBkjejirwCLcBGAsYHQ\/s1600\/giphy%2BCARNAVAL.gif\" style=\"margin-left: auto;margin-right: auto\"><img loading=\"lazy\" decoding=\"async\" border=\"0\" data-original-height=\"235\" data-original-width=\"420\" height=\"200\" src=\"https:\/\/1.bp.blogspot.com\/-RNOA3AdPjn4\/XlB9eHUjwNI\/AAAAAAAAMTg\/9cTn4Ar96X8QvTws9UYW1fvKeBkjejirwCLcBGAsYHQ\/s200\/giphy%2BCARNAVAL.gif\" width=\"186\" \/><\/a><\/td>\n<\/tr>\n<tr>\n<td style=\"text-align: center\"><b style=\"font-family: arial, helvetica, sans-serif;font-size: x-large;text-align: start\">Lo qu\u00e9 debes saber del mi\u00e9rcoles de Ceniza:<\/b><\/td>\n<\/tr>\n<\/tbody>\n<\/table>\n<div style=\"clear: both;text-align: center\"><iframe loading=\"lazy\" width=\"320\" height=\"266\" src=\"https:\/\/www.youtube.com\/embed\/IH_4m0Y3_FU?feature=player_embedded\" frameborder=\"0\"><\/iframe><\/div>\n<div style=\"clear: both;text-align: center\">&nbsp; &nbsp; &nbsp; &nbsp; &nbsp; &nbsp; &nbsp; &nbsp; &nbsp; &nbsp; &nbsp; &nbsp; &nbsp; &nbsp; &nbsp; &nbsp; &nbsp; &nbsp; &nbsp; &nbsp; &nbsp; &nbsp; &nbsp; &nbsp; &nbsp; &nbsp; &nbsp; &nbsp; &nbsp; &nbsp;<\/div>\n<div style=\"text-align: justify\"><span style=\", sans-serif;font-size: large\"><b>El Centro Tetu\u00e1n realizar\u00e1 su Carnaval con alegr\u00eda e ilusi\u00f3n apostando toda la Comunidad Educativa relacionar nuestros disfraces con nuestros Planes Educativos, as\u00ed que el curso pasado lo relacionamos con el Plan Creciendo en Salud, dando vida e importancia a las frutas y este curso escolar nos toca  apostar por defender el Medio Ambiente, relacionado con nuestro  Plan Aldea  de Recapacicla. Por lo tanto nos tomaremos con humor y responsabilidad defender el planeta realiz\u00e1ndolo desde lo m\u00e1s cercano a nosotros, por ello representaremos ser contenedores de papel, envases, etc, as\u00ed como Eco-H\u00e9roes del planeta estamos todos y todas invitados a Defender el planeta inclusive desde el Carnaval, el mi\u00e9rcoles 26 de febrero de 2020.<\/b><\/span><\/div>\n<div style=\"text-align: center\"><b><br \/><\/b><\/div>\n<div style=\"clear: both;text-align: center\"><a href=\"https:\/\/1.bp.blogspot.com\/-HnHOoWB3mRI\/XlJwK1jY_5I\/AAAAAAAAMWM\/CNGCROOon6QRpu88eTMA1A-zoZ2vSYkdACLcBGAsYHQ\/s1600\/ecoheroes.jpg\" style=\"clear: left;float: left;margin-bottom: 1em;margin-right: 1em\"><img loading=\"lazy\" decoding=\"async\" border=\"0\" data-original-height=\"137\" data-original-width=\"367\" height=\"118\" src=\"https:\/\/1.bp.blogspot.com\/-HnHOoWB3mRI\/XlJwK1jY_5I\/AAAAAAAAMWM\/CNGCROOon6QRpu88eTMA1A-zoZ2vSYkdACLcBGAsYHQ\/s320\/ecoheroes.jpg\" width=\"320\" \/><\/a>&nbsp;<a href=\"https:\/\/1.bp.blogspot.com\/-he5zfslXZQ8\/XlJwU5W_SgI\/AAAAAAAAMWQ\/PWUgyb_g7dMxC1sB93FMvXk9e63ddAJCQCLcBGAsYHQ\/s1600\/signos%2Breciclar.jpg\" style=\"margin-left: 1em;margin-right: 1em\"><img loading=\"lazy\" decoding=\"async\" border=\"0\" data-original-height=\"225\" data-original-width=\"225\" height=\"200\" src=\"https:\/\/1.bp.blogspot.com\/-he5zfslXZQ8\/XlJwU5W_SgI\/AAAAAAAAMWQ\/PWUgyb_g7dMxC1sB93FMvXk9e63ddAJCQCLcBGAsYHQ\/s200\/signos%2Breciclar.jpg\" width=\"200\" \/><\/a><\/div>\n<div style=\"text-align: center\">\n<div style=\"text-align: justify\"><b><span style=\"font-size: large\">Pinchando en este enlace pod\u00e9is acceder con detalle a todas las actividades realizadas de nuestro Centro:<\/span><\/b><br \/><b><span style=\"font-size: large\"><br \/><\/span><\/b><\/div>\n<div style=\"text-align: justify\"><b><span style=\"font-size: large\"><a href=\"https:\/\/vuelaconmigobiblioteca.blogspot.com\/2020\/02\/actividades-realizadas-en-el-dia-de.html\">https:\/\/vuelaconmigobiblioteca.blogspot.com\/2020\/02\/actividades-realizadas-en-el-dia-de.html<\/a><\/span><\/b><\/div>\n<div style=\"text-align: justify\"><b><br \/><\/b><\/div>\n<\/div>\n<\/div>\n<\/div>\n","protected":false},"excerpt":{"rendered":"<p>Se celebra: 23 de febrero de 2020 El Carnaval es una fiesta que se celebra en todo el mundo con ligeras variaciones en el tipo de celebraciones que depende mucho del car\u00e1cter de cada&#46;&#46;&#46;<\/p>\n","protected":false},"author":10292,"featured_media":0,"comment_status":"open","ping_status":"open","sticky":false,"template":"","format":"standard","meta":{"ngg_post_thumbnail":0,"footnotes":""},"categories":[11909],"tags":[],"aioseo_notices":[],"_links":{"self":[{"href":"https:\/\/blogsaverroes.juntadeandalucia.es\/ceiptetuan\/wp-json\/wp\/v2\/posts\/2419"}],"collection":[{"href":"https:\/\/blogsaverroes.juntadeandalucia.es\/ceiptetuan\/wp-json\/wp\/v2\/posts"}],"about":[{"href":"https:\/\/blogsaverroes.juntadeandalucia.es\/ceiptetuan\/wp-json\/wp\/v2\/types\/post"}],"author":[{"embeddable":true,"href":"https:\/\/blogsaverroes.juntadeandalucia.es\/ceiptetuan\/wp-json\/wp\/v2\/users\/10292"}],"replies":[{"embeddable":true,"href":"https:\/\/blogsaverroes.juntadeandalucia.es\/ceiptetuan\/wp-json\/wp\/v2\/comments?post=2419"}],"version-history":[{"count":0,"href":"https:\/\/blogsaverroes.juntadeandalucia.es\/ceiptetuan\/wp-json\/wp\/v2\/posts\/2419\/revisions"}],"wp:attachment":[{"href":"https:\/\/blogsaverroes.juntadeandalucia.es\/ceiptetuan\/wp-json\/wp\/v2\/media?parent=2419"}],"wp:term":[{"taxonomy":"category","embeddable":true,"href":"https:\/\/blogsaverroes.juntadeandalucia.es\/ceiptetuan\/wp-json\/wp\/v2\/categories?post=2419"},{"taxonomy":"post_tag","embeddable":true,"href":"https:\/\/blogsaverroes.juntadeandalucia.es\/ceiptetuan\/wp-json\/wp\/v2\/tags?post=2419"}],"curies":[{"name":"wp","href":"https:\/\/api.w.org\/{rel}","templated":true}]}}