{"id":2431,"date":"2020-02-13T20:24:00","date_gmt":"2020-02-13T20:24:00","guid":{"rendered":"https:\/\/blogsaverroes.juntadeandalucia.es\/ceiptetuan\/canal-prioritario\/"},"modified":"2020-02-13T20:24:00","modified_gmt":"2020-02-13T20:24:00","slug":"canal-prioritario","status":"publish","type":"post","link":"https:\/\/blogsaverroes.juntadeandalucia.es\/ceiptetuan\/canal-prioritario\/","title":{"rendered":"CANAL PRIORITARIO"},"content":{"rendered":"<div><span style=\", sans-serif;font-size: large\"><b>El pasado 28 de enero, la Agencia Espa\u00f1ola de Protecci\u00f3n de Datos lanz\u00f3 la campa\u00f1a \u201cPor todo lo que hay detr\u00e1s\u201d, dirigida a sensibilizar sobre las situaciones de riesgo y de violencia digital, que afectan de manera particular a los menores y a las mujeres, e informar del <a href=\"https:\/\/www.aepd.es\/canalprioritario\/\">Canal Prioritario<\/a> que la Agencia ha puesto en marcha para comunicar aquellos contenidos que circulan en internet, como im\u00e1genes, v\u00eddeos o audios de car\u00e1cter sexual o que muestran actos de agresi\u00f3n, que humillan, denigran y da\u00f1an a las v\u00edctimas y solicitar su retirada de manera urgente ofreciendo una r\u00e1pida respuesta para aquellas situaciones excepcionalmente delicadas y gravosas.<\/b><\/span><\/div>\n<div><span style=\", sans-serif;font-size: large\"><br \/><span style=\"font-weight: bold\">Pero como no s\u00f3lo se trata de reaccionar frente a hechos cumplidos, que en ocasiones no logran reparar, o no del todo, el da\u00f1o causado, sino de llevar a cabo una labor de prevenci\u00f3n, resulta imprescindible formar y sensibilizar a nuestros menores sobre los efectos y las consecuencias de este tipo de comportamientos.<\/span><\/p>\n<p><span style=\"font-weight: bold\">En este cartel de informaci\u00f3n del Canal, que cuenta con la colaboraci\u00f3n del Ministerio de Educaci\u00f3n y Formaci\u00f3n Profesional, se trata de fomentar entre el alumnado un comportamiento y un uso razonable de las redes sociales y dem\u00e1s servicios y aplicaciones en internet con el que evitar o disminuir este tipo de situaciones en nada deseables. <\/span><\/span><\/div>\n<div><span style=\", sans-serif;font-size: large\"><span style=\"font-weight: bold\"><br \/><\/span><\/span><\/div>\n<div style=\"clear: both;text-align: center\"><span style=\", sans-serif;font-size: large\"><a href=\"https:\/\/1.bp.blogspot.com\/-s4IdyVYMDY0\/XkWuDXLuAHI\/AAAAAAAAL10\/zyGrzDXpEJ4Oz9ow_YRpsrACHEGddqsvgCLcBGAsYHQ\/s1600\/Sin%2Bt%25C3%25ADtulo.jpg\" style=\"margin-left: 1em;margin-right: 1em\"><img loading=\"lazy\" decoding=\"async\" border=\"0\" data-original-height=\"855\" data-original-width=\"606\" height=\"640\" src=\"https:\/\/1.bp.blogspot.com\/-s4IdyVYMDY0\/XkWuDXLuAHI\/AAAAAAAAL10\/zyGrzDXpEJ4Oz9ow_YRpsrACHEGddqsvgCLcBGAsYHQ\/s640\/Sin%2Bt%25C3%25ADtulo.jpg\" width=\"452\" \/><\/a><\/span><\/div>\n<div style=\"text-align: center\"><span style=\", sans-serif;font-size: large\"><span style=\"font-weight: 700\"><br \/><\/span><\/span><\/div>\n<p><span style=\", sans-serif;font-size: large\"><span style=\"font-weight: bold\">As\u00ed mismo, en el siguiente enlace <\/span><a href=\"https:\/\/www.aepd.es\/canalprioritario\/\" style=\"font-weight: bold\">https:\/\/www.aepd.es\/canalprioritario\/<\/a><span style=\"font-weight: bold\"> se pueden descargar todos los v\u00eddeos de sensibilizaci\u00f3n publicados.<\/span><\/span><br \/><span style=\"background-color: white;color: black;, sans-serif;font-size: x-small\"><br \/><\/span><\/p>\n<div style=\"clear: both;text-align: left\">&nbsp; &nbsp; &nbsp;&nbsp;<a href=\"https:\/\/www.aepd.es\/canalprioritario\/assets\/video\/por-todo-lo-que-hay-detras-instituto.mp4\"><img loading=\"lazy\" decoding=\"async\" border=\"0\" data-original-height=\"1600\" data-original-width=\"1132\" height=\"320\" src=\"https:\/\/1.bp.blogspot.com\/-QQfMWB8CHqI\/XkWv4J_BQKI\/AAAAAAAAMOQ\/TXsRZWSIGf4wSceWrzkp8JhHvh25gegUQCLcBGAsYHQ\/s320\/grafica-Instituto.png\" width=\"226\" \/><\/a>&nbsp; &nbsp; &nbsp; &nbsp; &nbsp; &nbsp; &nbsp; &nbsp; &nbsp; &nbsp; &nbsp; &nbsp; &nbsp; &nbsp;<a href=\"https:\/\/www.aepd.es\/canalprioritario\/assets\/video\/por-todo-lo-que-hay-detras-suicidio.mp4\"><img loading=\"lazy\" decoding=\"async\" border=\"0\" data-original-height=\"1600\" data-original-width=\"1132\" height=\"320\" src=\"https:\/\/1.bp.blogspot.com\/-V7y3bcDHrKU\/XkWwLMjnabI\/AAAAAAAAMOY\/sulWsM-7E90fm5ZhlpcKhlDAjb0zLCcAACLcBGAsYHQ\/s320\/grafica-suicidio.png\" width=\"226\" \/><\/a>&nbsp; &nbsp; &nbsp; &nbsp;&nbsp;<\/div>\n<div style=\"text-align: center\"><span style=\"background-color: white;color: black;, sans-serif;font-size: x-small\"><br \/><\/span><\/div>\n<div style=\"background-color: white;color: #222222;font-family: Arial, Helvetica, sans-serif;font-size: small\"><\/div>\n","protected":false},"excerpt":{"rendered":"<p>El pasado 28 de enero, la Agencia Espa\u00f1ola de Protecci\u00f3n de Datos lanz\u00f3 la campa\u00f1a \u201cPor todo lo que hay detr\u00e1s\u201d, dirigida a sensibilizar sobre las situaciones de riesgo y de violencia digital, que&#46;&#46;&#46;<\/p>\n","protected":false},"author":10292,"featured_media":0,"comment_status":"open","ping_status":"open","sticky":false,"template":"","format":"standard","meta":{"ngg_post_thumbnail":0,"footnotes":""},"categories":[2351960],"tags":[],"aioseo_notices":[],"_links":{"self":[{"href":"https:\/\/blogsaverroes.juntadeandalucia.es\/ceiptetuan\/wp-json\/wp\/v2\/posts\/2431"}],"collection":[{"href":"https:\/\/blogsaverroes.juntadeandalucia.es\/ceiptetuan\/wp-json\/wp\/v2\/posts"}],"about":[{"href":"https:\/\/blogsaverroes.juntadeandalucia.es\/ceiptetuan\/wp-json\/wp\/v2\/types\/post"}],"author":[{"embeddable":true,"href":"https:\/\/blogsaverroes.juntadeandalucia.es\/ceiptetuan\/wp-json\/wp\/v2\/users\/10292"}],"replies":[{"embeddable":true,"href":"https:\/\/blogsaverroes.juntadeandalucia.es\/ceiptetuan\/wp-json\/wp\/v2\/comments?post=2431"}],"version-history":[{"count":0,"href":"https:\/\/blogsaverroes.juntadeandalucia.es\/ceiptetuan\/wp-json\/wp\/v2\/posts\/2431\/revisions"}],"wp:attachment":[{"href":"https:\/\/blogsaverroes.juntadeandalucia.es\/ceiptetuan\/wp-json\/wp\/v2\/media?parent=2431"}],"wp:term":[{"taxonomy":"category","embeddable":true,"href":"https:\/\/blogsaverroes.juntadeandalucia.es\/ceiptetuan\/wp-json\/wp\/v2\/categories?post=2431"},{"taxonomy":"post_tag","embeddable":true,"href":"https:\/\/blogsaverroes.juntadeandalucia.es\/ceiptetuan\/wp-json\/wp\/v2\/tags?post=2431"}],"curies":[{"name":"wp","href":"https:\/\/api.w.org\/{rel}","templated":true}]}}