{"id":2438,"date":"2019-09-07T13:55:00","date_gmt":"2019-09-07T13:55:00","guid":{"rendered":"https:\/\/blogsaverroes.juntadeandalucia.es\/ceiptetuan\/feliz-curso-2019-2020\/"},"modified":"2019-09-07T13:55:00","modified_gmt":"2019-09-07T13:55:00","slug":"feliz-curso-2019-2020","status":"publish","type":"post","link":"https:\/\/blogsaverroes.juntadeandalucia.es\/ceiptetuan\/feliz-curso-2019-2020\/","title":{"rendered":"FELIZ CURSO 2019-2020!"},"content":{"rendered":"<div style=\"text-align: center\"><span style=\"color: blue;font-size: x-large\"><b>INICIAMOS EL CURSO&nbsp;<\/b><\/span><\/div>\n<div style=\"text-align: center\"><span style=\"color: blue;font-size: x-large\"><b>EL PR\u00d3XIMO D\u00cdA <u>10<\/u> DE SEPTIEMBRE<\/b><\/span><\/div>\n<div style=\"clear: both;text-align: center\"><a href=\"https:\/\/1.bp.blogspot.com\/-TFpRJU-A71U\/XW5uVJL7OGI\/AAAAAAAAMGo\/gWGs6BO8T740E5-FJLqpGUWjYGmAB_cYACLcBGAs\/s1600\/clasesanimada.gif\" style=\"margin-left: 1em;margin-right: 1em\"><img loading=\"lazy\" decoding=\"async\" border=\"0\" data-original-height=\"291\" data-original-width=\"375\" height=\"496\" src=\"https:\/\/1.bp.blogspot.com\/-TFpRJU-A71U\/XW5uVJL7OGI\/AAAAAAAAMGo\/gWGs6BO8T740E5-FJLqpGUWjYGmAB_cYACLcBGAs\/s640\/clasesanimada.gif\" width=\"640\" \/><\/a><\/div>\n<div style=\"clear: both;text-align: center\"><span style=\"color: blue;font-size: large\"><b>EL MARTES, D\u00cdA 10 ENTRAREMOS&nbsp;<\/b><\/span><\/div>\n<div style=\"clear: both;text-align: center\"><span style=\"color: blue;font-size: large\"><b>A LAS 11:00 DE LA MA\u00d1ANA.<\/b><\/span><\/div>\n<div style=\"clear: both;text-align: center\"><span style=\"color: blue;font-size: large\"><b>ESTE MISMO D\u00cdA COMENZAR\u00c1 EL COMEDOR.<\/b><\/span><\/div>\n<div style=\"clear: both;text-align: center\"><span style=\"color: blue;font-size: large\"><b>ESTE A\u00d1O ESTAMOS MUY CONTENTOS\/AS DE COMENZAR, REENCOTRARNOS CON AMIGOS\/AS Y CONOCER NUEVOS, PARA APRENDER JUNTOS.<\/b><\/span><\/div>\n<div style=\"clear: both;text-align: center\"><a href=\"https:\/\/1.bp.blogspot.com\/-2wGypLjKubY\/XW5v66zGAPI\/AAAAAAAAMG0\/LWiKtVoIk2ocCcmveZBrmFsL3pHtgOCkwCLcBGAs\/s1600\/BIENVENIDOS.gif\" style=\"margin-left: 1em;margin-right: 1em\"><img loading=\"lazy\" decoding=\"async\" border=\"0\" data-original-height=\"129\" data-original-width=\"452\" height=\"182\" src=\"https:\/\/1.bp.blogspot.com\/-2wGypLjKubY\/XW5v66zGAPI\/AAAAAAAAMG0\/LWiKtVoIk2ocCcmveZBrmFsL3pHtgOCkwCLcBGAs\/s640\/BIENVENIDOS.gif\" width=\"640\" \/><\/a><\/div>\n<div style=\"clear: both;text-align: center\"><span style=\"color: blue;font-size: x-large\"><b>COURSE 2019\/2020<\/b><\/span><\/div>\n<div style=\"clear: both;text-align: center\"><span style=\"color: blue;font-size: large\"><b><br \/><\/b><\/span><\/div>\n","protected":false},"excerpt":{"rendered":"<p>INICIAMOS EL CURSO&nbsp; EL PR\u00d3XIMO D\u00cdA 10 DE SEPTIEMBRE EL MARTES, D\u00cdA 10 ENTRAREMOS&nbsp; A LAS 11:00 DE LA MA\u00d1ANA. ESTE MISMO D\u00cdA COMENZAR\u00c1 EL COMEDOR. ESTE A\u00d1O ESTAMOS MUY CONTENTOS\/AS DE COMENZAR, REENCOTRARNOS&#46;&#46;&#46;<\/p>\n","protected":false},"author":10292,"featured_media":0,"comment_status":"open","ping_status":"open","sticky":false,"template":"","format":"standard","meta":{"ngg_post_thumbnail":0,"footnotes":""},"categories":[2351966],"tags":[],"aioseo_notices":[],"_links":{"self":[{"href":"https:\/\/blogsaverroes.juntadeandalucia.es\/ceiptetuan\/wp-json\/wp\/v2\/posts\/2438"}],"collection":[{"href":"https:\/\/blogsaverroes.juntadeandalucia.es\/ceiptetuan\/wp-json\/wp\/v2\/posts"}],"about":[{"href":"https:\/\/blogsaverroes.juntadeandalucia.es\/ceiptetuan\/wp-json\/wp\/v2\/types\/post"}],"author":[{"embeddable":true,"href":"https:\/\/blogsaverroes.juntadeandalucia.es\/ceiptetuan\/wp-json\/wp\/v2\/users\/10292"}],"replies":[{"embeddable":true,"href":"https:\/\/blogsaverroes.juntadeandalucia.es\/ceiptetuan\/wp-json\/wp\/v2\/comments?post=2438"}],"version-history":[{"count":0,"href":"https:\/\/blogsaverroes.juntadeandalucia.es\/ceiptetuan\/wp-json\/wp\/v2\/posts\/2438\/revisions"}],"wp:attachment":[{"href":"https:\/\/blogsaverroes.juntadeandalucia.es\/ceiptetuan\/wp-json\/wp\/v2\/media?parent=2438"}],"wp:term":[{"taxonomy":"category","embeddable":true,"href":"https:\/\/blogsaverroes.juntadeandalucia.es\/ceiptetuan\/wp-json\/wp\/v2\/categories?post=2438"},{"taxonomy":"post_tag","embeddable":true,"href":"https:\/\/blogsaverroes.juntadeandalucia.es\/ceiptetuan\/wp-json\/wp\/v2\/tags?post=2438"}],"curies":[{"name":"wp","href":"https:\/\/api.w.org\/{rel}","templated":true}]}}