{"id":2470,"date":"2019-03-31T21:53:00","date_gmt":"2019-03-31T21:53:00","guid":{"rendered":"https:\/\/blogsaverroes.juntadeandalucia.es\/ceiptetuan\/cambio-de-hora-marzo-2019\/"},"modified":"2019-03-31T21:53:00","modified_gmt":"2019-03-31T21:53:00","slug":"cambio-de-hora-marzo-2019","status":"publish","type":"post","link":"https:\/\/blogsaverroes.juntadeandalucia.es\/ceiptetuan\/cambio-de-hora-marzo-2019\/","title":{"rendered":"CAMBIO DE HORA MARZO 2019"},"content":{"rendered":"<div style=\"text-align: justify\"><span style=\"color: #990000;font-size: large\"><b>EL PR\u00d3XIMO 31 DE MARZO TODOS VOLVEREMOS A ADELANTAR UNA HORA EN LA MADRUGADA:<\/b><\/span><\/div>\n<div style=\"text-align: right\"><a href=\"https:\/\/2.bp.blogspot.com\/--neutjnpUQc\/XJgRMasqckI\/AAAAAAAALyg\/SuT2tKmMdNwiwV7tlE2L_g4miXJBLuEjACLcBGAs\/s1600\/reloj%2B.JPEG.jpg\" style=\"clear: left;float: left;margin-bottom: 1em;margin-right: 1em\"><img loading=\"lazy\" decoding=\"async\" border=\"0\" data-original-height=\"246\" data-original-width=\"420\" height=\"187\" src=\"https:\/\/2.bp.blogspot.com\/--neutjnpUQc\/XJgRMasqckI\/AAAAAAAALyg\/SuT2tKmMdNwiwV7tlE2L_g4miXJBLuEjACLcBGAs\/s320\/reloj%2B.JPEG.jpg\" width=\"320\" \/><\/a><span style=\"color: #990000;font-size: x-large\"><b><\/b><\/span><br \/><span style=\"color: #990000;font-size: x-large\"><b><span style=\"color: #990000;font-size: x-large\"><b><br \/><\/b><\/span><\/b><\/span><span style=\"color: #990000;font-size: x-large\"><b>A LAS 02:00<\/b><\/span><\/div>\n<div style=\"text-align: right\"><span style=\"color: #990000;font-size: x-large\"><b>SER\u00c1N LAS 03:00<\/b><\/span><\/div>\n<div>\n<div style=\"text-align: justify\"><\/div>\n<p><span style=\"color: #990000;font-size: large\"><span style=\"font-weight: bold\"><\/p>\n<div style=\"text-align: justify\">La madrugada del pr\u00f3ximo s\u00e1bado 30 de marzo al domingo 31 habr\u00e1 que adelantar los relojes una hora, de manera que a las 02:00 ser\u00e1n las 03:00, mientras que en las Islas Canarias a la 01:00 ser\u00e1n 02:00. Esto significa que se perder\u00e1 una hora de sue\u00f1o y que a partir de ese d\u00eda los d\u00edas ser\u00e1n m\u00e1s largos, ya que el sol saldr\u00e1 m\u00e1s tarde pero tambi\u00e9n se pondr\u00e1 a \u00faltima hora.<\/div>\n<p><\/span><span style=\"font-weight: bold\"><\/p>\n<div style=\"text-align: justify\">Con este cambio de hora, en marzo de 2019 comienza el &#8216;horario de verano&#8217; en Espa\u00f1a, que supone adelantar una hora los relojes para aprovechar mejor la luz solar por las tardes, una pr\u00e1ctica que se lleva a cabo todos los \u00faltimos domingos del mes de marzo y cuyos antecedentes m\u00e1s lejanos se remontan al imperio romano. M\u00c1S EN <a href=\"https:\/\/m.europapress.es\/sociedad\/noticia-espana-mantendra-huso-horario-actual-cambio-hora-estacional-produce-nuevo-31-marzo-20190322131527.html\">europapress.es<\/a><\/div>\n<p><\/span><\/span><\/div>\n","protected":false},"excerpt":{"rendered":"<p>EL PR\u00d3XIMO 31 DE MARZO TODOS VOLVEREMOS A ADELANTAR UNA HORA EN LA MADRUGADA: A LAS 02:00 SER\u00c1N LAS 03:00 La madrugada del pr\u00f3ximo s\u00e1bado 30 de marzo al domingo 31 habr\u00e1 que adelantar&#46;&#46;&#46;<\/p>\n","protected":false},"author":10292,"featured_media":0,"comment_status":"open","ping_status":"open","sticky":false,"template":"","format":"standard","meta":{"ngg_post_thumbnail":0,"footnotes":""},"categories":[11909],"tags":[],"aioseo_notices":[],"_links":{"self":[{"href":"https:\/\/blogsaverroes.juntadeandalucia.es\/ceiptetuan\/wp-json\/wp\/v2\/posts\/2470"}],"collection":[{"href":"https:\/\/blogsaverroes.juntadeandalucia.es\/ceiptetuan\/wp-json\/wp\/v2\/posts"}],"about":[{"href":"https:\/\/blogsaverroes.juntadeandalucia.es\/ceiptetuan\/wp-json\/wp\/v2\/types\/post"}],"author":[{"embeddable":true,"href":"https:\/\/blogsaverroes.juntadeandalucia.es\/ceiptetuan\/wp-json\/wp\/v2\/users\/10292"}],"replies":[{"embeddable":true,"href":"https:\/\/blogsaverroes.juntadeandalucia.es\/ceiptetuan\/wp-json\/wp\/v2\/comments?post=2470"}],"version-history":[{"count":0,"href":"https:\/\/blogsaverroes.juntadeandalucia.es\/ceiptetuan\/wp-json\/wp\/v2\/posts\/2470\/revisions"}],"wp:attachment":[{"href":"https:\/\/blogsaverroes.juntadeandalucia.es\/ceiptetuan\/wp-json\/wp\/v2\/media?parent=2470"}],"wp:term":[{"taxonomy":"category","embeddable":true,"href":"https:\/\/blogsaverroes.juntadeandalucia.es\/ceiptetuan\/wp-json\/wp\/v2\/categories?post=2470"},{"taxonomy":"post_tag","embeddable":true,"href":"https:\/\/blogsaverroes.juntadeandalucia.es\/ceiptetuan\/wp-json\/wp\/v2\/tags?post=2470"}],"curies":[{"name":"wp","href":"https:\/\/api.w.org\/{rel}","templated":true}]}}