{"id":2547,"date":"2018-10-26T23:04:00","date_gmt":"2018-10-26T23:04:00","guid":{"rendered":"https:\/\/blogsaverroes.juntadeandalucia.es\/ceiptetuan\/cuaderno-de-aula-maestra-pt\/"},"modified":"2018-10-26T23:04:00","modified_gmt":"2018-10-26T23:04:00","slug":"cuaderno-de-aula-maestra-pt","status":"publish","type":"post","link":"https:\/\/blogsaverroes.juntadeandalucia.es\/ceiptetuan\/cuaderno-de-aula-maestra-pt\/","title":{"rendered":"CUADERNO DE AULA. MAESTRA PT"},"content":{"rendered":"<h2 style=\"border: 0px;line-height: 24px;margin: 0px 0px 10px;padding: 0px;vertical-align: baseline\">\n<div style=\"text-align: justify\"><span style=\", serif\"><span style=\"font-size: small\"><br \/><\/span><\/span><\/div>\n<p><span style=\", serif\"><\/p>\n<div style=\"text-align: justify\"><span style=\"font-size: small\">CUADERNO DE AULA: Organigrama-Pictocalendario-Pictoagenda Escolar 2018-19<\/span><\/div>\n<div style=\"text-align: justify\"><span style=\"font-size: small\"><a href=\"http:\/\/maestraespecialpt.com\/category\/material-de-elaboracion-propia\">Material de Elaboraci\u00f3n Propia<\/a>, <a href=\"http:\/\/maestraespecialpt.com\/category\/materiales\">Materiales<\/a>, <a href=\"http:\/\/maestraespecialpt.com\/category\/ser-pt\">Ser PT<\/a>&nbsp;<\/span><\/div>\n<div style=\"text-align: justify\"><span style=\"font-size: small\">Con la colaboraci\u00f3n de Nerea Ortiz Moreno <a href=\"https:\/\/compartiresvivirweb.wordpress.com\/\">Compartir es Vivir. Ense\u00f1anza y Aprendizaje en Positivo.<\/a><\/span><\/div>\n<div style=\"text-align: justify\"><span style=\", serif;font-size: small\">A continuaci\u00f3n os dejamos un enlace para tener recursos para el registro y control de conductas, as\u00ed como actividades para la celebraci\u00f3n de efem\u00e9rides. pincha la imagen;<\/span><\/div>\n<div style=\"text-align: justify\"><a href=\"http:\/\/maestraespecialpt.com\/cuaderno-de-aula-2018-19\" style=\"font-family: Arial, Helvetica, sans-serif;font-size: 24px\"><span style=\"color: blue\">Fuente: maestraescpecialpt<\/span><\/a><\/div>\n<p><\/span><\/h2>\n<div style=\"border: 0px;line-height: 18px;margin: 0px;padding: 0px 0px 10px;vertical-align: baseline\">\n<div style=\"clear: both;text-align: center\"><span style=\"margin-left: 1em;margin-right: 1em\"><a href=\"http:\/\/maestraespecialpt.com\/cuaderno-de-aula-2018-19\"><img loading=\"lazy\" decoding=\"async\" alt=\"http:\/\/maestraespecialpt.com\/cuaderno-de-aula-2018-19\" border=\"0\" data-original-height=\"225\" data-original-width=\"300\" height=\"480\" src=\"https:\/\/2.bp.blogspot.com\/-oB-4CBWGYDY\/W-dv63zqe2I\/AAAAAAAALUA\/dXNt3Mhf9WQFY6ux4GRKA9-CJe_apg91wCLcBGAs\/s640\/MATERIAL-TRABAJO.jpg\" width=\"640\" \/><\/a><\/span><\/div>\n<div style=\"text-align: center\"><\/div>\n<\/div>\n","protected":false},"excerpt":{"rendered":"<p>CUADERNO DE AULA: Organigrama-Pictocalendario-Pictoagenda Escolar 2018-19 Material de Elaboraci\u00f3n Propia, Materiales, Ser PT&nbsp; Con la colaboraci\u00f3n de Nerea Ortiz Moreno Compartir es Vivir. Ense\u00f1anza y Aprendizaje en Positivo. A continuaci\u00f3n os dejamos un enlace&#46;&#46;&#46;<\/p>\n","protected":false},"author":10292,"featured_media":0,"comment_status":"open","ping_status":"open","sticky":false,"template":"","format":"standard","meta":{"ngg_post_thumbnail":0,"footnotes":""},"categories":[11909],"tags":[],"aioseo_notices":[],"_links":{"self":[{"href":"https:\/\/blogsaverroes.juntadeandalucia.es\/ceiptetuan\/wp-json\/wp\/v2\/posts\/2547"}],"collection":[{"href":"https:\/\/blogsaverroes.juntadeandalucia.es\/ceiptetuan\/wp-json\/wp\/v2\/posts"}],"about":[{"href":"https:\/\/blogsaverroes.juntadeandalucia.es\/ceiptetuan\/wp-json\/wp\/v2\/types\/post"}],"author":[{"embeddable":true,"href":"https:\/\/blogsaverroes.juntadeandalucia.es\/ceiptetuan\/wp-json\/wp\/v2\/users\/10292"}],"replies":[{"embeddable":true,"href":"https:\/\/blogsaverroes.juntadeandalucia.es\/ceiptetuan\/wp-json\/wp\/v2\/comments?post=2547"}],"version-history":[{"count":0,"href":"https:\/\/blogsaverroes.juntadeandalucia.es\/ceiptetuan\/wp-json\/wp\/v2\/posts\/2547\/revisions"}],"wp:attachment":[{"href":"https:\/\/blogsaverroes.juntadeandalucia.es\/ceiptetuan\/wp-json\/wp\/v2\/media?parent=2547"}],"wp:term":[{"taxonomy":"category","embeddable":true,"href":"https:\/\/blogsaverroes.juntadeandalucia.es\/ceiptetuan\/wp-json\/wp\/v2\/categories?post=2547"},{"taxonomy":"post_tag","embeddable":true,"href":"https:\/\/blogsaverroes.juntadeandalucia.es\/ceiptetuan\/wp-json\/wp\/v2\/tags?post=2547"}],"curies":[{"name":"wp","href":"https:\/\/api.w.org\/{rel}","templated":true}]}}