{"id":2682,"date":"2017-10-29T18:58:00","date_gmt":"2017-10-29T18:58:00","guid":{"rendered":"https:\/\/blogsaverroes.juntadeandalucia.es\/ceiptetuan\/cambio-de-hora-en-invierno\/"},"modified":"2017-10-29T18:58:00","modified_gmt":"2017-10-29T18:58:00","slug":"cambio-de-hora-en-invierno","status":"publish","type":"post","link":"https:\/\/blogsaverroes.juntadeandalucia.es\/ceiptetuan\/cambio-de-hora-en-invierno\/","title":{"rendered":"CAMBIO DE HORA EN INVIERNO"},"content":{"rendered":"<div style=\"text-align: center\"><b><span style=\"color: purple;font-size: x-large\">\u00bfSABES POR QU\u00c9 SE HACE?<\/span><\/b><\/div>\n<div style=\"text-align: center\"><\/div>\n<div style=\"text-align: center\"><a href=\"https:\/\/1.bp.blogspot.com\/-WiUnNAROPoI\/WfYiidHJyeI\/AAAAAAAADjk\/vNyD-W30vp8TjjQkiY_GCP2aI93uclYewCLcBGAs\/s1600\/RELOJ.jpg\" style=\"clear: left;float: left;margin-bottom: 1em;margin-right: 1em\"><img decoding=\"async\" border=\"0\" src=\"https:\/\/1.bp.blogspot.com\/-WiUnNAROPoI\/WfYiidHJyeI\/AAAAAAAADjk\/vNyD-W30vp8TjjQkiY_GCP2aI93uclYewCLcBGAs\/s400\/RELOJ.jpg\" \/><\/a><a href=\"https:\/\/1.bp.blogspot.com\/-WiUnNAROPoI\/WfYiidHJyeI\/AAAAAAAADjk\/vNyD-W30vp8TjjQkiY_GCP2aI93uclYewCLcBGAs\/s1600\/RELOJ.jpg\"><span style=\"color: purple;font-size: large\"><b><\/b><\/span><\/a><\/div>\n<div style=\"text-align: center\"><span style=\"color: purple;font-size: large\"><b><br \/><\/b><\/span><\/div>\n<div style=\"text-align: center\"><span style=\"color: purple;font-size: large\"><b>Ben Franklin (quien se tomaba muy enserio la frase de \u00abpronto a la cama para madrugar\u00bb), al parecer fue la primera persona en sugiri\u00f3 el concepto de ahorro de luz diurna, seg\u00fan el autor del libro Seize the Daylight: The Curious and Contentious Story of Daylight Saving Time,  David Prerau.<\/b><\/span><\/div>\n<div style=\"text-align: center\"><span style=\"color: purple;font-size: large\"><b><br \/><\/b><\/span><\/div>\n<div style=\"text-align: center\"><span style=\"color: purple;font-size: large\"><b>Mientras desempe\u00f1aba su papel como embajador de los Estados Unidos en Francia, Benjamin escribi\u00f3 que hab\u00eda sido despertado varias veces a las 6 de la ma\u00f1ana y se hab\u00eda dado cuenta de que el sol resplandec\u00eda antes de lo acostumbrado. Franklin se dio cuenta de la cantidad de aceite que se podr\u00eda ahorrar durante la noche si la gente se despertara antes para hacer sus tareas.<\/b><\/span><\/div>\n<div style=\"text-align: center\"><span style=\"color: purple;font-size: large\"><b><br \/><\/b><\/span><\/div>\n<div style=\"text-align: center\"><span style=\"color: purple;font-size: large\"><b>No fue hasta la I Guerra Mundial cuando el cambio de horario se llev\u00f3 a gran escala. Alemania fue el primer estado en aprobar el cambio de hora para reducir las horas de iluminaci\u00f3n artificial y as\u00ed ahorrar carb\u00f3n que podr\u00eda utilizarse en la guerra. Pronto amigos y enemigos siguieron su ejemplo.<\/b><\/span><\/div>\n<div style=\"text-align: center\"><span style=\"color: purple;font-size: large\"><b><br \/><\/b><\/span><\/div>\n<div style=\"text-align: center\"><span style=\"color: purple;font-size: large\"><b>En Estados Unidos una ley federal estandarizado el inicio y fin del horario de verano en 1918, para aquellos Estados que eligieron respetarlo.<\/b><\/span><\/div>\n<div style=\"text-align: center\"><span style=\"color: purple;font-size: large\"><b><br \/><\/b><\/span><\/div>\n<div style=\"text-align: center\"><span style=\"color: purple;font-size: large\"><b>Durante la Segunda Guerra Mundial los Estados Unidos oblig\u00f3 a todos los estados a establecer el horario de verano para el ahorro de energ\u00eda como una forma de guardar recursos durante la guerra.<\/b><\/span><\/div>\n<div style=\"text-align: center\"><span style=\"color: purple;font-size: large\"><b>Durante el embargo de petr\u00f3leo \u00e1rabe en  1973-74, los Estados Unidos volvi\u00f3 a establecer una vez m\u00e1s el horario de verano.  Treinta a\u00f1os m\u00e1s tarde se promulg\u00f3 la ley de pol\u00edtica energ\u00e9tica de 2005, que obliga a extender el horario de verano a partir de 2007.<\/b><\/span><\/div>\n<div style=\"text-align: center\"><span style=\"color: purple;font-size: large\"><b><br \/><\/b><\/span><\/div>\n<div style=\"text-align: center\"><span style=\"color: red;font-size: x-large\"><b>\u00bfRealmente ayuda a ahorrar energ\u00eda?<\/b><\/span><\/div>\n<div style=\"text-align: center\"><span style=\"color: red;font-size: large\"><b><br \/><\/b><\/span><\/div>\n<div style=\"text-align: center\"><span style=\"color: red;font-size: large\"><b>En los \u00faltimos a\u00f1os, varios estudios sugieren que el horario de verano realmente no ahorrar energ\u00eda y que incluso podr\u00eda provocar p\u00e9rdidas.<\/b><\/span><\/div>\n<div style=\"text-align: center\"><span style=\"color: red;font-size: large\"><b>Los investigadores descubrieron que con el horario de verano s\u00ed se ahorraba energ\u00eda durante las noches, pero se gastaba durante la ma\u00f1ana en las horas de oscuridad previas al amanecer.<\/b><\/span><\/div>\n<div style=\"text-align: center\"><span style=\"color: red;font-size: large\"><b><br \/><\/b><\/span><\/div>\n<div style=\"text-align: center\"><span style=\"color: red;font-size: large\"><b>Matthew Kotchen, un economista de la Universidad de California, vio en Indiana un comportamiento perfecto para el estudio. Con el cambio de hora se consigui\u00f3 en luz artificial pero el consumo en aire acondicionado aument\u00f3. Esto se debe a que la gente aunque llegara una hora solar m\u00e1s temprano a sus hogares, durante este tiempo sigue haciendo color, por lo tanto la gente enciende el aire acondicionado al llegar a sus hogares.<\/b><\/span><\/div>\n<div style=\"text-align: center\"><span style=\"color: red;font-size: large\"><b><br \/><\/b><\/span><\/div>\n<div style=\"text-align: center\"><span style=\"color: red;font-size: large\"><b>Sin embargo otros estudios s\u00ed han detectado un ahorro energ\u00e9tico.<\/b><\/span><\/div>\n<div style=\"text-align: center\"><span style=\"color: red;font-size: large\"><b><br \/><\/b><\/span><\/div>\n<div style=\"text-align: center\"><span style=\"color: red;font-size: large\"><b>El cambio de horario hab\u00eda ahorrado en 2011 1,3 teravatios de electricidad. Esa cifra sugiere que durante el horario de verano se reduce el consumo anual de electricidad de U.S. a un 0,03 por ciento y el consumo de energ\u00eda global en un 0,02 por ciento.<\/b><\/span><\/div>\n<div style=\"text-align: center\"><span style=\"color: red;font-size: large\"><b><br \/><\/b><\/span><\/div>\n<div style=\"text-align: center\"><span style=\"color: red;font-size: large\"><b>Mientras que estos porcentajes parecen peque\u00f1os, podr\u00eda representan ahorros significativos debido a la utilizaci\u00f3n total de energ\u00eda en el pa\u00eds. Adem\u00e1s, los ahorros en algunas regiones son aparentemente mayores que en otros.<\/b><\/span><\/div>\n<div style=\"text-align: center\"><span style=\"color: red;font-size: large\"><b><br \/><\/b><\/span><\/div>\n<div style=\"text-align: center\"><span style=\"color: red;font-size: large\"><b>California, por ejemplo, es quien m\u00e1s se benefician del horario, tal vez debido a su clima relativamente templado que anima a la gente a permanecer al aire libre m\u00e1s tarde. El informe del departamento de energ\u00eda expone que durante el horario de verano se ahorr\u00f3 un uno por ciento diario en EE.UU.<\/b><\/span><\/div>\n<div style=\"text-align: center\"><span style=\"color: red;font-size: large\"><b><br \/><\/b><\/span><\/div>\n<div style=\"text-align: center\"><span style=\"color: red;font-size: large\"><b>Pero Wolff, uno de los muchos estudiosos que han contribuido al informe del Gobierno federal, sugiri\u00f3 que los n\u00fameros est\u00e1n sujetos a la variabilidad estad\u00edstica y no se deben de tomar como hechos concretos.<\/b><\/span><\/div>\n<div style=\"text-align: center\"><span style=\"color: red;font-size: large\"><b><br \/><\/b><\/span><\/div>\n<div style=\"text-align: center\"><span style=\"color: red;font-size: large\"><b>\u201cLas ganancias de energ\u00eda durante el horario de verano en Estados Unidos dependen en gran medida de su ubicaci\u00f3n con respecto a la l\u00ednea Mason-Dixon, dijo Wolff\u201d.<\/b><\/span><\/div>\n<div style=\"text-align: center\"><span style=\"color: red;font-size: large\"><b><br \/><\/b><\/span><\/div>\n<div style=\"text-align: center\"><span style=\"color: red;font-size: large\"><b>\u00abEl Norte podr\u00eda ser un ganador leve, porque no consumen tanto aire acondicionado\u00bb, dijo. \u00abPero el sur es un perdedor definido en t\u00e9rminos de consumo de energ\u00eda. El sur tiene m\u00e1s consumo de energ\u00eda durante la noche\u00bb.<\/b><\/span><\/div>\n<div style=\"text-align: center\"><span style=\"color: red;font-size: large\"><b><br \/><\/b><\/span><\/div>\n<div style=\"text-align: center\"><span style=\"color: #073763;font-size: x-large\"><b>\u00bfHorario: Saludable o perjudicial?<\/b><\/span><\/div>\n<div style=\"text-align: center\"><span style=\"color: #073763\"><br \/><\/span><\/div>\n<div style=\"text-align: center\"><span style=\"color: #073763;font-size: large\"><b>Durante d\u00e9cadas los partidarios del horario de verano no solo lo apoyaron por el ahorro de energ\u00eda que este supone, sino tambi\u00e9n por el estilo de vida saludable que este proporciona, comenta Wolff.&nbsp;<\/b><\/span><\/div>\n<div style=\"text-align: center\"><span style=\"color: #073763;font-size: large\"><b>\u00abEn un estudio nacional estadounidense acerca del empleo del tiempo, se comprob\u00f3 que durante el horario de verano la gente reduce su tiempo frente al televisor y realiza actividades al aire libre\u201d.<\/b><\/span><\/div>\n<div style=\"text-align: center\"><span style=\"color: #073763;font-size: large\"><b>Pero otros advierten sobre los efectos nocivos.<\/b><\/span><\/div>\n<div style=\"text-align: center\"><span style=\"color: #073763;font-size: large\"><b>Till Roenneberg , un cronobi\u00f3logo de  la Universidad Ludwig-Maximilians de Munich, Alemania, dijo que sus estudios muestran que nuestros relojes biol\u00f3gicos circadianos, establecidos por la luz y la oscuridad,  nunca se ajustar\u00e1n para obtener una hora \u00abextra\u00bb de luz al final del d\u00eda durante el horario de verano.<\/b><\/span><\/div>\n<div style=\"text-align: center\"><span style=\"color: #073763;font-size: large\"><b>\u00abLa consecuencia de ello es que la mayor\u00eda de la poblaci\u00f3n disminuir\u00e1 dr\u00e1sticamente la productividad, disminuye tambi\u00e9n calidad de vida, aumenta la susceptibilidad a enfermedad y uno siempre se encuentra cansado\u00bb, dijo Roenneberg.<\/b><\/span><\/div>\n<div style=\"text-align: center\"><span style=\"color: #073763;font-size: large\"><b>Una raz\u00f3n por la que mucha gente en el mundo desarrolla fatiga cr\u00f3nica es por culpa del \u201cJet- lag social\u201d.  En otras palabras, sus per\u00edodos \u00f3ptimos de sue\u00f1o circadianos no sintonizan con los horarios de sue\u00f1o reales.<\/b><\/span><\/div>\n<div style=\"text-align: center\"><span style=\"color: #073763;font-size: large\"><b>El cambio de luz de la ma\u00f1ana a la noche es lo que aumenta este retraso.<\/b><\/span><\/div>\n<div style=\"text-align: center\"><span style=\"color: #073763;font-size: large\"><b>La luz no produce el mismo efecto durante la ma\u00f1ana que durante la tarde. La luz por la ma\u00f1ana activa el ritmo, pero la luz durante la tarde demora el ritmo.<\/b><\/span><\/div>\n<div style=\"text-align: center\"><span style=\"color: #073763;font-size: large\"><b>Fuente:<\/b><\/span><span style=\"color: #073763;font-size: large\"><b><a href=\"https:\/\/www.exoticca.com\/blog\/2016\/10\/como-se-celebra-el-dia-de-los-muertos-en-el-mundo\/\">https:\/\/www.exoticca.com\/blog\/2016\/10\/como-se-celebra-el-dia-de-los-muertos-en-el-mundo\/<\/a><\/b><\/span><\/div>\n","protected":false},"excerpt":{"rendered":"<p>\u00bfSABES POR QU\u00c9 SE HACE? Ben Franklin (quien se tomaba muy enserio la frase de \u00abpronto a la cama para madrugar\u00bb), al parecer fue la primera persona en sugiri\u00f3 el concepto de ahorro de&#46;&#46;&#46;<\/p>\n","protected":false},"author":10292,"featured_media":0,"comment_status":"open","ping_status":"open","sticky":false,"template":"","format":"standard","meta":{"ngg_post_thumbnail":0,"footnotes":""},"categories":[11909],"tags":[],"aioseo_notices":[],"_links":{"self":[{"href":"https:\/\/blogsaverroes.juntadeandalucia.es\/ceiptetuan\/wp-json\/wp\/v2\/posts\/2682"}],"collection":[{"href":"https:\/\/blogsaverroes.juntadeandalucia.es\/ceiptetuan\/wp-json\/wp\/v2\/posts"}],"about":[{"href":"https:\/\/blogsaverroes.juntadeandalucia.es\/ceiptetuan\/wp-json\/wp\/v2\/types\/post"}],"author":[{"embeddable":true,"href":"https:\/\/blogsaverroes.juntadeandalucia.es\/ceiptetuan\/wp-json\/wp\/v2\/users\/10292"}],"replies":[{"embeddable":true,"href":"https:\/\/blogsaverroes.juntadeandalucia.es\/ceiptetuan\/wp-json\/wp\/v2\/comments?post=2682"}],"version-history":[{"count":0,"href":"https:\/\/blogsaverroes.juntadeandalucia.es\/ceiptetuan\/wp-json\/wp\/v2\/posts\/2682\/revisions"}],"wp:attachment":[{"href":"https:\/\/blogsaverroes.juntadeandalucia.es\/ceiptetuan\/wp-json\/wp\/v2\/media?parent=2682"}],"wp:term":[{"taxonomy":"category","embeddable":true,"href":"https:\/\/blogsaverroes.juntadeandalucia.es\/ceiptetuan\/wp-json\/wp\/v2\/categories?post=2682"},{"taxonomy":"post_tag","embeddable":true,"href":"https:\/\/blogsaverroes.juntadeandalucia.es\/ceiptetuan\/wp-json\/wp\/v2\/tags?post=2682"}],"curies":[{"name":"wp","href":"https:\/\/api.w.org\/{rel}","templated":true}]}}