{"id":4029,"date":"2020-09-14T12:49:54","date_gmt":"2020-09-14T10:49:54","guid":{"rendered":"https:\/\/blogsaverroes.juntadeandalucia.es\/ceiptetuan\/?p=4029"},"modified":"2020-11-14T19:23:46","modified_gmt":"2020-11-14T18:23:46","slug":"menu-escolar-septiembre-2020","status":"publish","type":"post","link":"https:\/\/blogsaverroes.juntadeandalucia.es\/ceiptetuan\/menu-escolar-septiembre-2020\/","title":{"rendered":"MEN\u00da ESCOLAR SEPTIEMBRE 2020"},"content":{"rendered":"<p style=\"text-align: justify\">A toda la Comunidad Educativa, os informamos del men\u00fa de septiembre 2020, recordad que esta informaci\u00f3n es necesaria a las familias usuarias del comedor, para que tengan en cuenta el men\u00fa en las cenas de sus hijos\/as y poder realizar&nbsp; men\u00fa saludable diariamente &nbsp;&nbsp;<\/p>\n<p><a href=\"https:\/\/blogsaverroes.juntadeandalucia.es\/ceiptetuan\/files\/2020\/09\/menu-setpiembre2020_page-0001.jpg\"><img loading=\"lazy\" decoding=\"async\" class=\"alignnone wp-image-4031 size-full\" src=\"https:\/\/blogsaverroes.juntadeandalucia.es\/ceiptetuan\/files\/2020\/09\/menu-setpiembre2020_page-0001.jpg\" alt=\"MEN\u00da SEPTIEMBRE 2020\" width=\"1600\" height=\"1132\" srcset=\"https:\/\/blogsaverroes.juntadeandalucia.es\/ceiptetuan\/files\/2020\/09\/menu-setpiembre2020_page-0001.jpg 1600w, https:\/\/blogsaverroes.juntadeandalucia.es\/ceiptetuan\/files\/2020\/09\/menu-setpiembre2020_page-0001-300x212.jpg 300w, https:\/\/blogsaverroes.juntadeandalucia.es\/ceiptetuan\/files\/2020\/09\/menu-setpiembre2020_page-0001-1024x725.jpg 1024w, https:\/\/blogsaverroes.juntadeandalucia.es\/ceiptetuan\/files\/2020\/09\/menu-setpiembre2020_page-0001-768x543.jpg 768w, https:\/\/blogsaverroes.juntadeandalucia.es\/ceiptetuan\/files\/2020\/09\/menu-setpiembre2020_page-0001-1536x1087.jpg 1536w, https:\/\/blogsaverroes.juntadeandalucia.es\/ceiptetuan\/files\/2020\/09\/menu-setpiembre2020_page-0001-24x17.jpg 24w, https:\/\/blogsaverroes.juntadeandalucia.es\/ceiptetuan\/files\/2020\/09\/menu-setpiembre2020_page-0001-36x25.jpg 36w, https:\/\/blogsaverroes.juntadeandalucia.es\/ceiptetuan\/files\/2020\/09\/menu-setpiembre2020_page-0001-48x34.jpg 48w\" sizes=\"(max-width: 1600px) 100vw, 1600px\" \/><\/a> <strong>Os ponemos en una&nbsp; imagen, la carta dirigida a las familias,&nbsp; toda la informaci\u00f3n para acceder los men\u00fas y comunicar cualquier incidencia al catering Irco, aunque ponga en la carta curso&nbsp; 2019-20, se refiere al curso escolar 2020-21, puesto que no han cambiado datos, con respecto el curso pasado:<\/strong><\/p>\n<p>&nbsp; &nbsp; &nbsp; &nbsp; &nbsp; &nbsp; &nbsp; &nbsp; &nbsp; &nbsp; &nbsp; &nbsp; &nbsp; &nbsp; &nbsp; &nbsp; &nbsp; &nbsp; &nbsp; &nbsp; &nbsp; &nbsp; &nbsp; &nbsp; &nbsp; &nbsp; &nbsp; &nbsp; &nbsp; &nbsp; &nbsp; &nbsp; &nbsp; &nbsp; &nbsp; &nbsp; &nbsp; &nbsp; &nbsp; &nbsp; &nbsp; &nbsp; &nbsp; &nbsp; &nbsp; &nbsp; &nbsp; &nbsp; &nbsp; &nbsp; &nbsp; &nbsp; &nbsp; <a href=\"https:\/\/blogsaverroes.juntadeandalucia.es\/ceiptetuan\/files\/2020\/09\/C.E.I.P.-Tetu\u00e1n-Carta-informativa-1-scaled.jpg\"><img loading=\"lazy\" decoding=\"async\" class=\"size-full wp-image-4037 aligncenter\" src=\"https:\/\/blogsaverroes.juntadeandalucia.es\/ceiptetuan\/files\/2020\/09\/C.E.I.P.-Tetu\u00e1n-Carta-informativa-1-scaled.jpg\" alt=\"\" width=\"1131\" height=\"1600\" srcset=\"https:\/\/blogsaverroes.juntadeandalucia.es\/ceiptetuan\/files\/2020\/09\/C.E.I.P.-Tetu\u00e1n-Carta-informativa-1-scaled.jpg 1131w, https:\/\/blogsaverroes.juntadeandalucia.es\/ceiptetuan\/files\/2020\/09\/C.E.I.P.-Tetu\u00e1n-Carta-informativa-1-212x300.jpg 212w, https:\/\/blogsaverroes.juntadeandalucia.es\/ceiptetuan\/files\/2020\/09\/C.E.I.P.-Tetu\u00e1n-Carta-informativa-1-724x1024.jpg 724w, https:\/\/blogsaverroes.juntadeandalucia.es\/ceiptetuan\/files\/2020\/09\/C.E.I.P.-Tetu\u00e1n-Carta-informativa-1-768x1087.jpg 768w, https:\/\/blogsaverroes.juntadeandalucia.es\/ceiptetuan\/files\/2020\/09\/C.E.I.P.-Tetu\u00e1n-Carta-informativa-1-1085x1536.jpg 1085w, https:\/\/blogsaverroes.juntadeandalucia.es\/ceiptetuan\/files\/2020\/09\/C.E.I.P.-Tetu\u00e1n-Carta-informativa-1-1447x2048.jpg 1447w, https:\/\/blogsaverroes.juntadeandalucia.es\/ceiptetuan\/files\/2020\/09\/C.E.I.P.-Tetu\u00e1n-Carta-informativa-1-17x24.jpg 17w, https:\/\/blogsaverroes.juntadeandalucia.es\/ceiptetuan\/files\/2020\/09\/C.E.I.P.-Tetu\u00e1n-Carta-informativa-1-25x36.jpg 25w, https:\/\/blogsaverroes.juntadeandalucia.es\/ceiptetuan\/files\/2020\/09\/C.E.I.P.-Tetu\u00e1n-Carta-informativa-1-34x48.jpg 34w\" sizes=\"(max-width: 1131px) 100vw, 1131px\" \/><\/a><\/p>\n","protected":false},"excerpt":{"rendered":"<p>A toda la Comunidad Educativa, os informamos del men\u00fa de septiembre 2020, recordad que esta informaci\u00f3n es necesaria a las familias usuarias del comedor, para que tengan en cuenta el men\u00fa en las cenas&#46;&#46;&#46;<\/p>\n","protected":false},"author":10292,"featured_media":4032,"comment_status":"open","ping_status":"open","sticky":true,"template":"","format":"standard","meta":{"ngg_post_thumbnail":0,"footnotes":""},"categories":[2351966],"tags":[2352687,2352686,2352373],"aioseo_notices":[],"_links":{"self":[{"href":"https:\/\/blogsaverroes.juntadeandalucia.es\/ceiptetuan\/wp-json\/wp\/v2\/posts\/4029"}],"collection":[{"href":"https:\/\/blogsaverroes.juntadeandalucia.es\/ceiptetuan\/wp-json\/wp\/v2\/posts"}],"about":[{"href":"https:\/\/blogsaverroes.juntadeandalucia.es\/ceiptetuan\/wp-json\/wp\/v2\/types\/post"}],"author":[{"embeddable":true,"href":"https:\/\/blogsaverroes.juntadeandalucia.es\/ceiptetuan\/wp-json\/wp\/v2\/users\/10292"}],"replies":[{"embeddable":true,"href":"https:\/\/blogsaverroes.juntadeandalucia.es\/ceiptetuan\/wp-json\/wp\/v2\/comments?post=4029"}],"version-history":[{"count":8,"href":"https:\/\/blogsaverroes.juntadeandalucia.es\/ceiptetuan\/wp-json\/wp\/v2\/posts\/4029\/revisions"}],"predecessor-version":[{"id":4925,"href":"https:\/\/blogsaverroes.juntadeandalucia.es\/ceiptetuan\/wp-json\/wp\/v2\/posts\/4029\/revisions\/4925"}],"wp:featuredmedia":[{"embeddable":true,"href":"https:\/\/blogsaverroes.juntadeandalucia.es\/ceiptetuan\/wp-json\/wp\/v2\/media\/4032"}],"wp:attachment":[{"href":"https:\/\/blogsaverroes.juntadeandalucia.es\/ceiptetuan\/wp-json\/wp\/v2\/media?parent=4029"}],"wp:term":[{"taxonomy":"category","embeddable":true,"href":"https:\/\/blogsaverroes.juntadeandalucia.es\/ceiptetuan\/wp-json\/wp\/v2\/categories?post=4029"},{"taxonomy":"post_tag","embeddable":true,"href":"https:\/\/blogsaverroes.juntadeandalucia.es\/ceiptetuan\/wp-json\/wp\/v2\/tags?post=4029"}],"curies":[{"name":"wp","href":"https:\/\/api.w.org\/{rel}","templated":true}]}}