{"id":4452,"date":"2020-11-07T21:04:45","date_gmt":"2020-11-07T20:04:45","guid":{"rendered":"https:\/\/blogsaverroes.juntadeandalucia.es\/ceiptetuan\/?p=4452"},"modified":"2020-11-07T21:43:25","modified_gmt":"2020-11-07T20:43:25","slug":"recomendacion-de-blogs-educativos","status":"publish","type":"post","link":"https:\/\/blogsaverroes.juntadeandalucia.es\/ceiptetuan\/recomendacion-de-blogs-educativos\/","title":{"rendered":"Recomendaci\u00f3n de blogs educativos"},"content":{"rendered":"<p>Queridas familias y alumnado del CEIP Tetu\u00e1n.<\/p>\n<p>Queremos compartir con vosotros\/as las direcciones web de varios blog educativos (Edublogs) que nos ofrecen una gran cantidad de contenidos que podemos aprovechar; las familias, para poder ayudar a sus hijos\/as, el alumnado para encontrar recursos con los que consolidar su aprendizaje y los maestros\/as para aprender de otros maestros\/as que comparten sus experiencias y los recursos que van creando con toda la comunidad.<br \/>\nHay una gran cantidad de estos blogs que rezuman calidad por los siete costados, pero hoy te vamos a recomendar estos tres:<\/p>\n<p>ngg_shortcode_0_placeholder&#8211; <strong><a href=\"https:\/\/jesusjarque.com\/\">P\u00e1gina personal de Jes\u00fas Jarque<\/a>.<\/strong><\/p>\n<p>Jes\u00fas Jarque Garc\u00eda es pedagogo y orientador en un colegio de Educaci\u00f3n Infantil y Primaria de Castilla La Mancha, que se dedica plenamente a la educaci\u00f3n tanto de familias, ni\u00f1os y ni\u00f1as, como a la formaci\u00f3n de profesionales que trabajan en este campo.<\/p>\n<p>Es el autor de la p\u00e1gina educativa&nbsp;<strong><a href=\"https:\/\/familiaycole.com\/\">www.familiaycole.com<\/a>, <\/strong>una p\u00e1gina educativa destinada a los <strong>padres y madres&nbsp;<\/strong>con hijos de 2 a 12 a\u00f1os, en la que se les ofrecen <strong>pautas y medidas concretas<\/strong>, as\u00ed como materiales para ayudarles a educar mejor y sobre todo, a tratar los problemas con los que se suelen encontrar. Tambi\u00e9n est\u00e1 destinado a&nbsp;<strong>maestros, maestras y a profesionales&nbsp;<\/strong>que intervienen con ni\u00f1os de estas edades: orientadores, psicopedagogos, trabajadores sociales, etc. y en \u00e9l encontrar\u00e1n estrategias, pautas y materiales concretos para su labor.<\/p>\n<p>&#8211; <strong><a href=\"https:\/\/www.orientacionandujar.es\/\">Orientaci\u00f3n And\u00fajar<\/a>.<\/strong><\/p>\n<p>Es este un portal educativo que comenz\u00f3 a compartir en el mundo virtual desde casi los comienzos del uso de internet. Actualmente est\u00e1 presente en todas las redes sociales y cuenta con&nbsp;<\/p>\n<p>Gracias a su trayectoria en estos a\u00f1os, Gin\u00e9s Ciudad Real y Maribel Mart\u00ednez, tras este portal educativo, se han convertido en grandes generadores de contenido, destinado tanto a docentes como a familias y alumnos preocupados por su aprendizaje.&nbsp;<\/p>\n<p>Los materiales que trabajan en el blog parten del entorno m\u00e1s cercano al alumno\/a, lo que les permite desenvolverse en diferentes \u00e1mbitos, social, adaptativo, ling\u00fc\u00edstico, etc y el empleo de sus fichas en el alumnado dentro de los diferentes programas que se realizan en las aulas, ha sido fundamental para el desarrollo de alumnos con necesidades espec\u00edficas de apoyo educativo, consiguiendo la mejora de las diferentes competencias.<\/p>\n<p>&#8211; <strong><a href=\"http:\/\/www.elblogdemanuvelasco.com\/\">El blog de Manu Velasco<\/a>.<\/strong><\/p>\n<p>Este maestro se define a s\u00ed mismo como \u00abun maestro con los pies en la tierra y la cabeza en las estrellas\u00bb y para \u00e9l \u00abeducar es cosa del coraz\u00f3n, educar es respetar la individualidad y la autonom\u00eda de los dem\u00e1s; educar es abrigar sus sue\u00f1os y destapar sus miedos; educar es alimentar sus talentos y sus pasiones; educar es confiar en sus capacidades; educar es regar su independencia y cimentar su confianza\u00bb.&nbsp;<\/p>\n<p>Es un blog fundamentalmente dedicado a los maestros\/as, aunque tambi\u00e9n, por extensi\u00f3n, aplicable a los padres\/madres, en su tarea de educadores.&nbsp;Tambi\u00e9n ofrece recursos digitales al alumnado en sus diversas secciones.<\/p>\n<p>Esperamos que todos ellos os gusten, os sirvan para aprender y pod\u00e1is sacarles mucho partido.&nbsp;<\/p>\n<p>Nos gustar\u00eda que nos dejarais vuestros comentarios sobre ellos.<\/p>\n<div>&nbsp;<\/div>\n","protected":false},"excerpt":{"rendered":"<p>Queridas familias y alumnado del CEIP Tetu\u00e1n. Queremos compartir con vosotros\/as las direcciones web de varios blog educativos (Edublogs) que nos ofrecen una gran cantidad de contenidos que podemos aprovechar; las familias, para poder&#46;&#46;&#46;<\/p>\n","protected":false},"author":10292,"featured_media":4465,"comment_status":"open","ping_status":"open","sticky":true,"template":"","format":"standard","meta":{"ngg_post_thumbnail":0,"footnotes":""},"categories":[2352021],"tags":[2352520],"aioseo_notices":[],"_links":{"self":[{"href":"https:\/\/blogsaverroes.juntadeandalucia.es\/ceiptetuan\/wp-json\/wp\/v2\/posts\/4452"}],"collection":[{"href":"https:\/\/blogsaverroes.juntadeandalucia.es\/ceiptetuan\/wp-json\/wp\/v2\/posts"}],"about":[{"href":"https:\/\/blogsaverroes.juntadeandalucia.es\/ceiptetuan\/wp-json\/wp\/v2\/types\/post"}],"author":[{"embeddable":true,"href":"https:\/\/blogsaverroes.juntadeandalucia.es\/ceiptetuan\/wp-json\/wp\/v2\/users\/10292"}],"replies":[{"embeddable":true,"href":"https:\/\/blogsaverroes.juntadeandalucia.es\/ceiptetuan\/wp-json\/wp\/v2\/comments?post=4452"}],"version-history":[{"count":4,"href":"https:\/\/blogsaverroes.juntadeandalucia.es\/ceiptetuan\/wp-json\/wp\/v2\/posts\/4452\/revisions"}],"predecessor-version":[{"id":4469,"href":"https:\/\/blogsaverroes.juntadeandalucia.es\/ceiptetuan\/wp-json\/wp\/v2\/posts\/4452\/revisions\/4469"}],"wp:featuredmedia":[{"embeddable":true,"href":"https:\/\/blogsaverroes.juntadeandalucia.es\/ceiptetuan\/wp-json\/wp\/v2\/media\/4465"}],"wp:attachment":[{"href":"https:\/\/blogsaverroes.juntadeandalucia.es\/ceiptetuan\/wp-json\/wp\/v2\/media?parent=4452"}],"wp:term":[{"taxonomy":"category","embeddable":true,"href":"https:\/\/blogsaverroes.juntadeandalucia.es\/ceiptetuan\/wp-json\/wp\/v2\/categories?post=4452"},{"taxonomy":"post_tag","embeddable":true,"href":"https:\/\/blogsaverroes.juntadeandalucia.es\/ceiptetuan\/wp-json\/wp\/v2\/tags?post=4452"}],"curies":[{"name":"wp","href":"https:\/\/api.w.org\/{rel}","templated":true}]}}