{"id":5217,"date":"2020-11-17T08:05:06","date_gmt":"2020-11-17T07:05:06","guid":{"rendered":"https:\/\/blogsaverroes.juntadeandalucia.es\/ceiptetuan\/?p=5217"},"modified":"2020-11-19T08:21:19","modified_gmt":"2020-11-19T07:21:19","slug":"dia-internacional-de-los-estudiantes","status":"publish","type":"post","link":"https:\/\/blogsaverroes.juntadeandalucia.es\/ceiptetuan\/dia-internacional-de-los-estudiantes\/","title":{"rendered":"D\u00cdA INTERNACIONAL DE LOS ESTUDIANTES, 17 NOVIEMBRE 2020"},"content":{"rendered":"<p><strong>El 17 de noviembre se celebra el D\u00eda Internacional de los Estudiantes,&nbsp;<\/strong>una fecha anual donde se conmemora a la juventud de varios pa\u00edses del mundo por sus luchas para conseguir una educaci\u00f3n libre y que dieron origen a numerosos movimientos estudiantiles.<\/p>\n<p>La celebraci\u00f3n de esta importante fecha para la poblaci\u00f3n estudiantil en todo el mundo tiene sus or\u00edgenes a partir del a\u00f1o 1939, cuando&nbsp;<strong>el 28 de octubre de ese mismo a\u00f1o fue asesinado Jan Opletal, un estudiante de Medicina a causa de la invasi\u00f3n nazi ocurrida en Checoslovaquia.<\/strong><\/p>\n<p>A ra\u00edz de este lamentable acontecimiento, hubo muchas protestas y levantamientos en las que no s\u00f3lo particip\u00f3 la poblaci\u00f3n sino los estudiantes de todas las universidades del pa\u00eds. Miles de j\u00f3venes fueron apresados, torturados, resultando asesinados nueve de ellos. Debido a este memorable acto heroico, la&nbsp;<strong>Uni\u00f3n Internacional de Estudiantes&nbsp;<\/strong>creada en el a\u00f1o 1941, declar\u00f3 el 17 de noviembre D\u00eda Internacional del Estudiante.<\/p>\n<p>El D\u00eda Internacional de los Estudiantes es una fecha significativa, que no siempre se lleva a cabo el mismo d\u00eda. Sin duda, esto va a depender de cada pa\u00eds, tomando en cuenta los hechos y eventos que dieron origen a esta celebraci\u00f3n.<\/p>\n<p>Sin embargo, el objetivo primordial es rendir un merecido homenaje a todos los j\u00f3venes que de alguna manera han contribuido ya sea a trav\u00e9s de sus luchas, protestas, huelgas y acciones a lograr cambios y transformaciones sociales para hacer valer sus derechos.<\/p>\n","protected":false},"excerpt":{"rendered":"<p>El 17 de noviembre se celebra el D\u00eda Internacional de los Estudiantes,&nbsp;una fecha anual donde se conmemora a la juventud de varios pa\u00edses del mundo por sus luchas para conseguir una educaci\u00f3n libre y&#46;&#46;&#46;<\/p>\n","protected":false},"author":11423,"featured_media":5218,"comment_status":"open","ping_status":"open","sticky":true,"template":"","format":"standard","meta":{"ngg_post_thumbnail":0,"footnotes":""},"categories":[2352124,2352021],"tags":[2352714,2352715,2352342,2352716],"aioseo_notices":[],"_links":{"self":[{"href":"https:\/\/blogsaverroes.juntadeandalucia.es\/ceiptetuan\/wp-json\/wp\/v2\/posts\/5217"}],"collection":[{"href":"https:\/\/blogsaverroes.juntadeandalucia.es\/ceiptetuan\/wp-json\/wp\/v2\/posts"}],"about":[{"href":"https:\/\/blogsaverroes.juntadeandalucia.es\/ceiptetuan\/wp-json\/wp\/v2\/types\/post"}],"author":[{"embeddable":true,"href":"https:\/\/blogsaverroes.juntadeandalucia.es\/ceiptetuan\/wp-json\/wp\/v2\/users\/11423"}],"replies":[{"embeddable":true,"href":"https:\/\/blogsaverroes.juntadeandalucia.es\/ceiptetuan\/wp-json\/wp\/v2\/comments?post=5217"}],"version-history":[{"count":2,"href":"https:\/\/blogsaverroes.juntadeandalucia.es\/ceiptetuan\/wp-json\/wp\/v2\/posts\/5217\/revisions"}],"predecessor-version":[{"id":5224,"href":"https:\/\/blogsaverroes.juntadeandalucia.es\/ceiptetuan\/wp-json\/wp\/v2\/posts\/5217\/revisions\/5224"}],"wp:featuredmedia":[{"embeddable":true,"href":"https:\/\/blogsaverroes.juntadeandalucia.es\/ceiptetuan\/wp-json\/wp\/v2\/media\/5218"}],"wp:attachment":[{"href":"https:\/\/blogsaverroes.juntadeandalucia.es\/ceiptetuan\/wp-json\/wp\/v2\/media?parent=5217"}],"wp:term":[{"taxonomy":"category","embeddable":true,"href":"https:\/\/blogsaverroes.juntadeandalucia.es\/ceiptetuan\/wp-json\/wp\/v2\/categories?post=5217"},{"taxonomy":"post_tag","embeddable":true,"href":"https:\/\/blogsaverroes.juntadeandalucia.es\/ceiptetuan\/wp-json\/wp\/v2\/tags?post=5217"}],"curies":[{"name":"wp","href":"https:\/\/api.w.org\/{rel}","templated":true}]}}