{"id":5308,"date":"2020-11-27T00:54:33","date_gmt":"2020-11-26T23:54:33","guid":{"rendered":"https:\/\/blogsaverroes.juntadeandalucia.es\/ceiptetuan\/?p=5308"},"modified":"2020-11-29T11:13:36","modified_gmt":"2020-11-29T10:13:36","slug":"dia-del-black-friday-2020","status":"publish","type":"post","link":"https:\/\/blogsaverroes.juntadeandalucia.es\/ceiptetuan\/dia-del-black-friday-2020\/","title":{"rendered":"D\u00cdA DEL BLACK FRIDAY, 2020"},"content":{"rendered":"<p><strong>\u00bfQU\u00c9 ES El BKACK FRIDAY?<\/strong>&nbsp; Se celebra el \u00faltimo jueves de noviembre.<\/p>\n<p><strong>El Black Friday o Viernes Negro<\/strong>&nbsp;es el d\u00eda que se inicia la temporada de compras navide\u00f1as en varias partes del mundo, con excelentes descuentos y rebajas en productos, por parte de grandes almacenes y tiendas. Se celebra el cuarto viernes del mes de noviembre, al d\u00eda siguiente del D\u00eda de Acci\u00f3n de Gracias.<\/p>\n<p>El&nbsp;<strong>Viernes Negro<\/strong>&nbsp;ha ganado much\u00edsimo auge en los \u00faltimos a\u00f1os, por el atractivo de los descuentos en los precios de venta de productos, ofrecidos por los establecimientos comerciales. Entre los productos m\u00e1s buscados por los consumidores se destacan: art\u00edculos electr\u00f3nicos, l\u00ednea blanca y electrodom\u00e9sticos. Otros art\u00edculos que son adquiridos por los usuarios son: ropa y calzado, juguetes y art\u00edculos de belleza.<\/p>\n<p>Como complemento, se destaca el&nbsp;<strong>Cyber Monday o Ciber Lunes<\/strong>&nbsp;que tiene lugar el lunes siguiente al&nbsp;<strong>Black Friday<\/strong>, enfocada principalmente en ofertas y descuentos en art\u00edculos de tecnolog\u00eda y electr\u00f3nica.&nbsp;<\/p>\n<p>Es un d\u00eda de locura, puesto que los usuarios o consumidores hacen largu\u00edsimas colas a las puertas de tiendas y centros comerciales desde el d\u00eda anterior, con la finalidad de ser los primeros en conseguir productos en oferta, antes de que se agote su existencia, por supuesto en estos tiempos respetando las medidas de seguridad y distanciamiento por el Covid.<\/p>\n<p>Pero \u00bf c\u00f3mo surgi\u00f3 el Black Friday?<\/p>\n<p>Se estima que la idea de la denominaci\u00f3n de este d\u00eda&nbsp;<strong>surgi\u00f3 alrededor del a\u00f1o 1961 en Filadelfia (Estados Unidos), por parte de oficiales de polic\u00eda encargados de regularizar el tr\u00e1fico.&nbsp;<\/strong>Se emiti\u00f3 un bolet\u00edn p\u00fablico, debido al caos generado por el elevado e inusual tr\u00e1fico de personas y veh\u00edculos en la v\u00eda p\u00fablica al d\u00eda siguiente del D\u00eda de Acci\u00f3n de Gracias, ocasionado por las rebajas ofrecidas por los comercios minoristas.<\/p>\n<p>El sector comercial aplic\u00f3 esta estrategia de descuentos y rebajas para incrementar sus ventas, debido a las escasas cifras de ganancias obtenidas posteriormente a la celebraci\u00f3n del D\u00eda de Acci\u00f3n de Gracias.<\/p>\n<p>Esta denominaci\u00f3n tan singular del&nbsp;<strong>Black Friday<\/strong>&nbsp;continu\u00f3 populariz\u00e1ndose en los a\u00f1os siguientes. El t\u00e9rmino \u00abnegro\u00bb se vinculaba a los estados de cuenta o flujo de caja de las tiendas y comercios, puesto que los n\u00fameros pasaban de rojos a negros gracias a los incrementos vertiginosos de las ganancias de ese d\u00eda.<\/p>\n<p>Recordad es bueno aprovechar estas compras para realizar regalos navide\u00f1os, pero no olvid\u00e9is que tambi\u00e9n se pueden realizar compras on-line de este d\u00eda y colaborar a la responsabilidad de evitar la propagaci\u00f3n del coronavirus.&nbsp;<\/p>\n","protected":false},"excerpt":{"rendered":"<p>\u00bfQU\u00c9 ES El BKACK FRIDAY?&nbsp; Se celebra el \u00faltimo jueves de noviembre. El Black Friday o Viernes Negro&nbsp;es el d\u00eda que se inicia la temporada de compras navide\u00f1as en varias partes del mundo, con&#46;&#46;&#46;<\/p>\n","protected":false},"author":11423,"featured_media":5309,"comment_status":"open","ping_status":"open","sticky":true,"template":"","format":"standard","meta":{"ngg_post_thumbnail":0,"footnotes":""},"categories":[2352124,2351966],"tags":[2352766,2352768,2352767,2352769],"aioseo_notices":[],"_links":{"self":[{"href":"https:\/\/blogsaverroes.juntadeandalucia.es\/ceiptetuan\/wp-json\/wp\/v2\/posts\/5308"}],"collection":[{"href":"https:\/\/blogsaverroes.juntadeandalucia.es\/ceiptetuan\/wp-json\/wp\/v2\/posts"}],"about":[{"href":"https:\/\/blogsaverroes.juntadeandalucia.es\/ceiptetuan\/wp-json\/wp\/v2\/types\/post"}],"author":[{"embeddable":true,"href":"https:\/\/blogsaverroes.juntadeandalucia.es\/ceiptetuan\/wp-json\/wp\/v2\/users\/11423"}],"replies":[{"embeddable":true,"href":"https:\/\/blogsaverroes.juntadeandalucia.es\/ceiptetuan\/wp-json\/wp\/v2\/comments?post=5308"}],"version-history":[{"count":1,"href":"https:\/\/blogsaverroes.juntadeandalucia.es\/ceiptetuan\/wp-json\/wp\/v2\/posts\/5308\/revisions"}],"predecessor-version":[{"id":5310,"href":"https:\/\/blogsaverroes.juntadeandalucia.es\/ceiptetuan\/wp-json\/wp\/v2\/posts\/5308\/revisions\/5310"}],"wp:featuredmedia":[{"embeddable":true,"href":"https:\/\/blogsaverroes.juntadeandalucia.es\/ceiptetuan\/wp-json\/wp\/v2\/media\/5309"}],"wp:attachment":[{"href":"https:\/\/blogsaverroes.juntadeandalucia.es\/ceiptetuan\/wp-json\/wp\/v2\/media?parent=5308"}],"wp:term":[{"taxonomy":"category","embeddable":true,"href":"https:\/\/blogsaverroes.juntadeandalucia.es\/ceiptetuan\/wp-json\/wp\/v2\/categories?post=5308"},{"taxonomy":"post_tag","embeddable":true,"href":"https:\/\/blogsaverroes.juntadeandalucia.es\/ceiptetuan\/wp-json\/wp\/v2\/tags?post=5308"}],"curies":[{"name":"wp","href":"https:\/\/api.w.org\/{rel}","templated":true}]}}