{"id":5367,"date":"2020-12-01T06:59:11","date_gmt":"2020-12-01T05:59:11","guid":{"rendered":"https:\/\/blogsaverroes.juntadeandalucia.es\/ceiptetuan\/?p=5367"},"modified":"2020-12-01T08:08:19","modified_gmt":"2020-12-01T07:08:19","slug":"menu-diciembre-2020","status":"publish","type":"post","link":"https:\/\/blogsaverroes.juntadeandalucia.es\/ceiptetuan\/menu-diciembre-2020\/","title":{"rendered":"MEN\u00da DICIEMBRE 2020, FRUTAS, VERDURAS Y HORTALIZAS  DEL MES"},"content":{"rendered":"<p>Estimadas familias os dejamos aqu\u00ed el men\u00fa de diciembre de 2020, seg\u00fan la empresa de Restauraci\u00f3n Irco.&nbsp;<a href=\"https:\/\/blogsaverroes.juntadeandalucia.es\/ceiptetuan\/files\/2020\/12\/Men\u00fa-Dic-20-CAT-JAEN_page-0001.jpg\"><br \/>\n<img loading=\"lazy\" decoding=\"async\" class=\"aligncenter wp-image-5368 size-large\" src=\"https:\/\/blogsaverroes.juntadeandalucia.es\/ceiptetuan\/files\/2020\/12\/Men\u00fa-Dic-20-CAT-JAEN_page-0001-1024x724.jpg\" alt=\"\" width=\"782\" height=\"553\" srcset=\"https:\/\/blogsaverroes.juntadeandalucia.es\/ceiptetuan\/files\/2020\/12\/Men\u00fa-Dic-20-CAT-JAEN_page-0001-1024x724.jpg 1024w, https:\/\/blogsaverroes.juntadeandalucia.es\/ceiptetuan\/files\/2020\/12\/Men\u00fa-Dic-20-CAT-JAEN_page-0001-300x212.jpg 300w, https:\/\/blogsaverroes.juntadeandalucia.es\/ceiptetuan\/files\/2020\/12\/Men\u00fa-Dic-20-CAT-JAEN_page-0001-768x543.jpg 768w, https:\/\/blogsaverroes.juntadeandalucia.es\/ceiptetuan\/files\/2020\/12\/Men\u00fa-Dic-20-CAT-JAEN_page-0001-1536x1085.jpg 1536w, https:\/\/blogsaverroes.juntadeandalucia.es\/ceiptetuan\/files\/2020\/12\/Men\u00fa-Dic-20-CAT-JAEN_page-0001-24x17.jpg 24w, https:\/\/blogsaverroes.juntadeandalucia.es\/ceiptetuan\/files\/2020\/12\/Men\u00fa-Dic-20-CAT-JAEN_page-0001-36x25.jpg 36w, https:\/\/blogsaverroes.juntadeandalucia.es\/ceiptetuan\/files\/2020\/12\/Men\u00fa-Dic-20-CAT-JAEN_page-0001-48x34.jpg 48w, https:\/\/blogsaverroes.juntadeandalucia.es\/ceiptetuan\/files\/2020\/12\/Men\u00fa-Dic-20-CAT-JAEN_page-0001.jpg 1755w\" sizes=\"(max-width: 782px) 100vw, 782px\" \/><\/a><\/p>\n<p>Para vuestra informaci\u00f3n, recordad que hay que realizar men\u00fas equilibrados y variados y aprovechad siempre las frutas, verduras y hortalizas de temporada., os dejamos la del mes de Diciembre.<\/p>\n<p><a href=\"https:\/\/blogsaverroes.juntadeandalucia.es\/ceiptetuan\/files\/2020\/12\/elaboraci\u00f3n-propia.jpg\"><img loading=\"lazy\" decoding=\"async\" class=\"aligncenter wp-image-5369 size-full\" src=\"https:\/\/blogsaverroes.juntadeandalucia.es\/ceiptetuan\/files\/2020\/12\/elaboraci\u00f3n-propia.jpg\" alt=\"\" width=\"560\" height=\"906\" srcset=\"https:\/\/blogsaverroes.juntadeandalucia.es\/ceiptetuan\/files\/2020\/12\/elaboraci\u00f3n-propia.jpg 560w, https:\/\/blogsaverroes.juntadeandalucia.es\/ceiptetuan\/files\/2020\/12\/elaboraci\u00f3n-propia-185x300.jpg 185w, https:\/\/blogsaverroes.juntadeandalucia.es\/ceiptetuan\/files\/2020\/12\/elaboraci\u00f3n-propia-15x24.jpg 15w, https:\/\/blogsaverroes.juntadeandalucia.es\/ceiptetuan\/files\/2020\/12\/elaboraci\u00f3n-propia-22x36.jpg 22w, https:\/\/blogsaverroes.juntadeandalucia.es\/ceiptetuan\/files\/2020\/12\/elaboraci\u00f3n-propia-30x48.jpg 30w\" sizes=\"(max-width: 560px) 100vw, 560px\" \/><\/a><\/p>\n","protected":false},"excerpt":{"rendered":"<p>Estimadas familias os dejamos aqu\u00ed el men\u00fa de diciembre de 2020, seg\u00fan la empresa de Restauraci\u00f3n Irco.&nbsp; Para vuestra informaci\u00f3n, recordad que hay que realizar men\u00fas equilibrados y variados y aprovechad siempre las frutas,&#46;&#46;&#46;<\/p>\n","protected":false},"author":11423,"featured_media":4399,"comment_status":"open","ping_status":"open","sticky":true,"template":"","format":"standard","meta":{"ngg_post_thumbnail":0,"footnotes":""},"categories":[2351711,2351966],"tags":[2352799,2352801,2352800],"aioseo_notices":[],"_links":{"self":[{"href":"https:\/\/blogsaverroes.juntadeandalucia.es\/ceiptetuan\/wp-json\/wp\/v2\/posts\/5367"}],"collection":[{"href":"https:\/\/blogsaverroes.juntadeandalucia.es\/ceiptetuan\/wp-json\/wp\/v2\/posts"}],"about":[{"href":"https:\/\/blogsaverroes.juntadeandalucia.es\/ceiptetuan\/wp-json\/wp\/v2\/types\/post"}],"author":[{"embeddable":true,"href":"https:\/\/blogsaverroes.juntadeandalucia.es\/ceiptetuan\/wp-json\/wp\/v2\/users\/11423"}],"replies":[{"embeddable":true,"href":"https:\/\/blogsaverroes.juntadeandalucia.es\/ceiptetuan\/wp-json\/wp\/v2\/comments?post=5367"}],"version-history":[{"count":4,"href":"https:\/\/blogsaverroes.juntadeandalucia.es\/ceiptetuan\/wp-json\/wp\/v2\/posts\/5367\/revisions"}],"predecessor-version":[{"id":5373,"href":"https:\/\/blogsaverroes.juntadeandalucia.es\/ceiptetuan\/wp-json\/wp\/v2\/posts\/5367\/revisions\/5373"}],"wp:featuredmedia":[{"embeddable":true,"href":"https:\/\/blogsaverroes.juntadeandalucia.es\/ceiptetuan\/wp-json\/wp\/v2\/media\/4399"}],"wp:attachment":[{"href":"https:\/\/blogsaverroes.juntadeandalucia.es\/ceiptetuan\/wp-json\/wp\/v2\/media?parent=5367"}],"wp:term":[{"taxonomy":"category","embeddable":true,"href":"https:\/\/blogsaverroes.juntadeandalucia.es\/ceiptetuan\/wp-json\/wp\/v2\/categories?post=5367"},{"taxonomy":"post_tag","embeddable":true,"href":"https:\/\/blogsaverroes.juntadeandalucia.es\/ceiptetuan\/wp-json\/wp\/v2\/tags?post=5367"}],"curies":[{"name":"wp","href":"https:\/\/api.w.org\/{rel}","templated":true}]}}