{"id":5591,"date":"2020-12-22T17:02:49","date_gmt":"2020-12-22T16:02:49","guid":{"rendered":"https:\/\/blogsaverroes.juntadeandalucia.es\/ceiptetuan\/?p=5591"},"modified":"2021-01-01T21:29:44","modified_gmt":"2021-01-01T20:29:44","slug":"final-del-primer-trimestre-curso-2020-21","status":"publish","type":"post","link":"https:\/\/blogsaverroes.juntadeandalucia.es\/ceiptetuan\/final-del-primer-trimestre-curso-2020-21\/","title":{"rendered":"FINAL DEL PRIMER TRIMESTRE CURSO 2020-21. VILLANCICOS NAVIDAD CORONAVIRUS"},"content":{"rendered":"<p>Estimadas familias, hoy nos hubiera gustado despedirnos con la alegr\u00eda de haber cogido un pellizco de la Loter\u00eda de Navidad. No ha sido as\u00ed, pero la alegr\u00eda y la ilusi\u00f3n de la Navidad la hemos intentado transmitir en estos d\u00edas al alumnado con la magia de los villancicos y el sentido del Amor y humor a la familia, respetando todas las culturas de nuestra Comunidad Educativa. El Sorteo de Navidad es una tradici\u00f3n basada en el optimismo de compartir <em>ilusi\u00f3n<\/em> y esperanza y este a\u00f1o no pod\u00eda ser menos. Todos conocemos el refr\u00e1n:<\/p>\n<p>\u00bb Que el dinero no hace la felicidad, pero ayuda\u00bb, aunque siempre nos queda la ilusi\u00f3n de que el a\u00f1o que viene ser\u00e1 o con la Loter\u00eda del Ni\u00f1o, en la que hay otra oportunidad.<\/p>\n<p>Os dejo un enlace para que aprendamos cual es el origen de la Loter\u00eda de la Navidad, y saquemos siempre el lado positivo de las cosas, y por qu\u00e9&nbsp; los espa\u00f1oles tenemos&nbsp; esta tradici\u00f3n de jugar en Navidad: <a href=\"https:\/\/es.wikipedia.org\/wiki\/Sorteo_Extraordinario_de_Navidad\" target=\"_blank\" rel=\"noopener noreferrer\">https:\/\/es.wikipedia.org\/wiki\/Sorteo_Extraordinario_de_Navidad<\/a><\/p>\n<p>Nuestra se\u00f1o Lola nos ha preparado este v\u00eddeo con el cari\u00f1o de que pod\u00e1is ver todas las familias,&nbsp; lo que han realizado vuestros hijos\/as en esta Navidad con el profesorado, tan at\u00edpica, extra\u00f1a y que es se\u00f1al&nbsp; de c\u00f3mo el coronavirus ha cambiado la vida de los Centros Educativos, hasta reinventado villancicos y dibujos de Navidad, todo girando en torno al Coronavirus. Pero no podemos quedarnos sin la \u00abMagia de la Navidad\u00bb.<\/p>\n<p>Esperamos que disfrut\u00e9is escuch\u00e1ndolos y que os ayude a descubrir la importancia de vencer la timidez y el miedo ante el p\u00fablico. Algunos y algunas de vuestros hijos\/as lo van venciendo, pero a otros y otras les queda un camino por recorrer y las familias deb\u00e9is estar ah\u00ed para animarlos a superarla.&nbsp; No pretendemos que los juzgu\u00e9is como artistas, pero os animamos a que reflexion\u00e9is con ellos\/as en familia.<\/p>\n<p style=\"text-align: center\">&nbsp; &nbsp; &nbsp; &nbsp; &nbsp; &nbsp; &nbsp; &nbsp; &nbsp; &nbsp; &nbsp; &nbsp; &nbsp; &nbsp; &nbsp; &nbsp; &nbsp; &nbsp; &nbsp; &nbsp; &nbsp; &nbsp; &nbsp; &nbsp; &nbsp; &nbsp; &nbsp; &nbsp; &nbsp; &nbsp; &nbsp; &nbsp; &nbsp; &nbsp; &nbsp; &nbsp; &nbsp; &nbsp; &nbsp;<iframe loading=\"lazy\" src=\"https:\/\/www.youtube.com\/embed\/ughZwfbHyqI\" width=\"560\" height=\"315\" frameborder=\"0\"><\/iframe><\/p>\n<p>Tambi\u00e9n os informamos que el alumnado de nuestro Centro Tetu\u00e1n, particip\u00f3 en el concurso de dibujo de pintura organizado por el Excmo. Ayuntamiento de Linares <strong>\u00abPinta tu Navidad\u00bb<\/strong> y, aunque no ha sido premiado ning\u00fan dibujo, hemos recibido el premio de consolaci\u00f3n, por participar en dicho concurso y la directora se present\u00f3, con ilusi\u00f3n y alegr\u00eda, en el P\u00f3sito a recogerlo. El premio ha consistido en&nbsp; un <strong>cheque-regalo<\/strong> valorado en 100 euros, para canjear por libros para nuestra maravillosa Biblioteca Escolar. Nos avisaron el \u00faltimo d\u00eda por tel\u00e9fono, que deb\u00edamos presentarnos el 29 de diciembre en el P\u00f3sito, para entregar en persona.<\/p>\n<p>Aqu\u00ed os dejamos un v\u00eddeo, sintiendo el calor y aplauso virtual de toda la Comunidad Educativa del Tetu\u00e1n, aunque por medidas del Covid, s\u00f3lo invitaron a la directora Do\u00f1a Teresa Mart\u00ednez Delgado,&nbsp; ya que el aforo estaba limitado. Fue entregado por el Concejal de Educaci\u00f3n Don Rafael Funes, como podr\u00e9is visualizar en el v\u00eddeo.<\/p>\n<p style=\"text-align: left\">&nbsp; &nbsp; &nbsp; &nbsp; &nbsp; &nbsp; &nbsp; &nbsp; &nbsp; &nbsp; &nbsp; &nbsp; <iframe loading=\"lazy\" src=\"https:\/\/www.youtube.com\/embed\/gVWoKJw_hQM\" width=\"560\" height=\"315\" frameborder=\"0\"><\/iframe><\/p>\n<p>Desde aqu\u00ed, queremos felicitar a todos los premiados y dar las gracias al \u00c1rea de Festejos, por esta gran iniciativa. Para m\u00e1s informaci\u00f3n cliquea en el siguiente enlace, donde pod\u00e9is comprobar los Centros que participamos y los ganadores de todas las modalidades:<a href=\"https:\/\/www.linares28.es\/2020\/12\/29\/video-los-ninos-y-ninas-de-linares-dibujan-la-navidad\/\" target=\"_blank\" rel=\"noopener noreferrer\"> https:\/\/www.linares28.es\/2020\/12\/29\/video-los-ninos-y-ninas-de-linares-dibujan-la-navidad\/<\/a><\/p>\n","protected":false},"excerpt":{"rendered":"<p>Estimadas familias, hoy nos hubiera gustado despedirnos con la alegr\u00eda de haber cogido un pellizco de la Loter\u00eda de Navidad. No ha sido as\u00ed, pero la alegr\u00eda y la ilusi\u00f3n de la Navidad la&#46;&#46;&#46;<\/p>\n","protected":false},"author":11423,"featured_media":5592,"comment_status":"open","ping_status":"open","sticky":true,"template":"","format":"standard","meta":{"ngg_post_thumbnail":0,"footnotes":""},"categories":[2352021,2351966],"tags":[2352915,2352912,2352913,2352914],"aioseo_notices":[],"_links":{"self":[{"href":"https:\/\/blogsaverroes.juntadeandalucia.es\/ceiptetuan\/wp-json\/wp\/v2\/posts\/5591"}],"collection":[{"href":"https:\/\/blogsaverroes.juntadeandalucia.es\/ceiptetuan\/wp-json\/wp\/v2\/posts"}],"about":[{"href":"https:\/\/blogsaverroes.juntadeandalucia.es\/ceiptetuan\/wp-json\/wp\/v2\/types\/post"}],"author":[{"embeddable":true,"href":"https:\/\/blogsaverroes.juntadeandalucia.es\/ceiptetuan\/wp-json\/wp\/v2\/users\/11423"}],"replies":[{"embeddable":true,"href":"https:\/\/blogsaverroes.juntadeandalucia.es\/ceiptetuan\/wp-json\/wp\/v2\/comments?post=5591"}],"version-history":[{"count":14,"href":"https:\/\/blogsaverroes.juntadeandalucia.es\/ceiptetuan\/wp-json\/wp\/v2\/posts\/5591\/revisions"}],"predecessor-version":[{"id":5615,"href":"https:\/\/blogsaverroes.juntadeandalucia.es\/ceiptetuan\/wp-json\/wp\/v2\/posts\/5591\/revisions\/5615"}],"wp:featuredmedia":[{"embeddable":true,"href":"https:\/\/blogsaverroes.juntadeandalucia.es\/ceiptetuan\/wp-json\/wp\/v2\/media\/5592"}],"wp:attachment":[{"href":"https:\/\/blogsaverroes.juntadeandalucia.es\/ceiptetuan\/wp-json\/wp\/v2\/media?parent=5591"}],"wp:term":[{"taxonomy":"category","embeddable":true,"href":"https:\/\/blogsaverroes.juntadeandalucia.es\/ceiptetuan\/wp-json\/wp\/v2\/categories?post=5591"},{"taxonomy":"post_tag","embeddable":true,"href":"https:\/\/blogsaverroes.juntadeandalucia.es\/ceiptetuan\/wp-json\/wp\/v2\/tags?post=5591"}],"curies":[{"name":"wp","href":"https:\/\/api.w.org\/{rel}","templated":true}]}}