{"id":6158,"date":"2021-03-02T22:26:24","date_gmt":"2021-03-02T21:26:24","guid":{"rendered":"https:\/\/blogsaverroes.juntadeandalucia.es\/ceiptetuan\/?p=6158"},"modified":"2021-03-02T22:26:24","modified_gmt":"2021-03-02T21:26:24","slug":"menu-escolar-marzo-2021","status":"publish","type":"post","link":"https:\/\/blogsaverroes.juntadeandalucia.es\/ceiptetuan\/menu-escolar-marzo-2021\/","title":{"rendered":"MEN\u00da ESCOLAR  MARZO 2021"},"content":{"rendered":"<p>A partir de ma\u00f1ana 3 de marzo de 2021 la empresa Irco nos suministrar\u00e1 los siguientes men\u00fas. Al tener variedad de men\u00fas cliquear en el siguiente enlace:<\/p>\n<p><a href=\"https:\/\/blogsaverroes.juntadeandalucia.es\/ceiptetuan\/files\/2021\/03\/men\u00fa-marzo-2021.pdf\">men\u00fa marzo 2021<\/a><\/p>\n<p style=\"font-weight: 400\"><span style=\"font-style: inherit;font-weight: inherit\">Ya estamos en marzo, transici\u00f3n entre el invierno y la primavera. Suele ser un mes de tiempo revuelto con d\u00edas soleados, lluviosos o ventosos. <\/span><span style=\"font-style: inherit;font-weight: inherit\">Por tanto, la alimentaci\u00f3n debe seguir m\u00e1s o menos igual hasta bien entrada la primavera, aunque ya se pueden ir \u201caligerando\u201d un poco los platos, que han de ser menos densos y graso<\/span><\/p>\n<p style=\"font-weight: 400\"><a href=\"https:\/\/blogsaverroes.juntadeandalucia.es\/ceiptetuan\/files\/2021\/03\/Frutas-y-verduras-de-temporada-marzo.jpg\"><img loading=\"lazy\" decoding=\"async\" class=\"wp-image-6160 size-full aligncenter\" src=\"https:\/\/blogsaverroes.juntadeandalucia.es\/ceiptetuan\/files\/2021\/03\/Frutas-y-verduras-de-temporada-marzo.jpg\" alt=\"\" width=\"281\" height=\"180\"\/><\/a><\/p>\n<p><a href=\"https:\/\/blogsaverroes.juntadeandalucia.es\/ceiptetuan\/files\/2021\/03\/Sin-t\u00edtulo.jpg\"><img loading=\"lazy\" decoding=\"async\" class=\"aligncenter wp-image-6162 size-medium\" src=\"https:\/\/blogsaverroes.juntadeandalucia.es\/ceiptetuan\/files\/2021\/03\/Sin-t\u00edtulo-300x212.jpg\" alt=\"\" width=\"300\" height=\"212\" srcset=\"https:\/\/blogsaverroes.juntadeandalucia.es\/ceiptetuan\/files\/2021\/03\/Sin-t\u00edtulo-300x212.jpg 300w, https:\/\/blogsaverroes.juntadeandalucia.es\/ceiptetuan\/files\/2021\/03\/Sin-t\u00edtulo-768x543.jpg 768w, https:\/\/blogsaverroes.juntadeandalucia.es\/ceiptetuan\/files\/2021\/03\/Sin-t\u00edtulo.jpg 1024w\" sizes=\"(max-width: 300px) 100vw, 300px\" \/><\/a><\/p>\n<p>En este mes empieza primavera, es el mes ideal para empezar a introducir en nuestra dieta los alimentos m\u00e1s crudos sin tanta cocci\u00f3n, nuestro cuerpo necesitara m\u00e1s agua a partir de estas fechas por el calor exterior que nos aportaran estos meses de primavera y verano.<\/p>\n","protected":false},"excerpt":{"rendered":"<p>A partir de ma\u00f1ana 3 de marzo de 2021 la empresa Irco nos suministrar\u00e1 los siguientes men\u00fas. Al tener variedad de men\u00fas cliquear en el siguiente enlace: men\u00fa marzo 2021 Ya estamos en marzo,&#46;&#46;&#46;<\/p>\n","protected":false},"author":11423,"featured_media":4399,"comment_status":"open","ping_status":"open","sticky":true,"template":"","format":"standard","meta":{"ngg_post_thumbnail":0,"footnotes":""},"categories":[2352021,2351711,2351966],"tags":[2353195,2353194,2352963],"aioseo_notices":[],"_links":{"self":[{"href":"https:\/\/blogsaverroes.juntadeandalucia.es\/ceiptetuan\/wp-json\/wp\/v2\/posts\/6158"}],"collection":[{"href":"https:\/\/blogsaverroes.juntadeandalucia.es\/ceiptetuan\/wp-json\/wp\/v2\/posts"}],"about":[{"href":"https:\/\/blogsaverroes.juntadeandalucia.es\/ceiptetuan\/wp-json\/wp\/v2\/types\/post"}],"author":[{"embeddable":true,"href":"https:\/\/blogsaverroes.juntadeandalucia.es\/ceiptetuan\/wp-json\/wp\/v2\/users\/11423"}],"replies":[{"embeddable":true,"href":"https:\/\/blogsaverroes.juntadeandalucia.es\/ceiptetuan\/wp-json\/wp\/v2\/comments?post=6158"}],"version-history":[{"count":1,"href":"https:\/\/blogsaverroes.juntadeandalucia.es\/ceiptetuan\/wp-json\/wp\/v2\/posts\/6158\/revisions"}],"predecessor-version":[{"id":6163,"href":"https:\/\/blogsaverroes.juntadeandalucia.es\/ceiptetuan\/wp-json\/wp\/v2\/posts\/6158\/revisions\/6163"}],"wp:featuredmedia":[{"embeddable":true,"href":"https:\/\/blogsaverroes.juntadeandalucia.es\/ceiptetuan\/wp-json\/wp\/v2\/media\/4399"}],"wp:attachment":[{"href":"https:\/\/blogsaverroes.juntadeandalucia.es\/ceiptetuan\/wp-json\/wp\/v2\/media?parent=6158"}],"wp:term":[{"taxonomy":"category","embeddable":true,"href":"https:\/\/blogsaverroes.juntadeandalucia.es\/ceiptetuan\/wp-json\/wp\/v2\/categories?post=6158"},{"taxonomy":"post_tag","embeddable":true,"href":"https:\/\/blogsaverroes.juntadeandalucia.es\/ceiptetuan\/wp-json\/wp\/v2\/tags?post=6158"}],"curies":[{"name":"wp","href":"https:\/\/api.w.org\/{rel}","templated":true}]}}