{"id":6597,"date":"2021-05-02T12:26:53","date_gmt":"2021-05-02T10:26:53","guid":{"rendered":"https:\/\/blogsaverroes.juntadeandalucia.es\/ceiptetuan\/?p=6597"},"modified":"2021-05-02T12:26:53","modified_gmt":"2021-05-02T10:26:53","slug":"dia-mundial-de-la-risa-2-de-mayo-2021","status":"publish","type":"post","link":"https:\/\/blogsaverroes.juntadeandalucia.es\/ceiptetuan\/dia-mundial-de-la-risa-2-de-mayo-2021\/","title":{"rendered":"D\u00cdA MUNDIAL DE LA RISA, 2 DE MAYO 2021"},"content":{"rendered":"<p>El primer domingo de mayo se celebra desde hace 23 a\u00f1os el&nbsp;<strong>D\u00eda Mundial de la Risa, por lo tanto hoy debemos&nbsp; conmemorar este d\u00eda.<\/strong><\/p>\n<p>Es una celebraci\u00f3n que fue creada en 1998 por el Dr. Madan Kataria, fundador del Movimiento de Yoga de la Risa. Con este festejo se buscaba conseguir la paz del mundo y tomar conciencia global de la hermandad y amistad a trav\u00e9s de la risa.&nbsp;<\/p>\n<p>La risa se trata de una emoci\u00f3n humana que involucra diversos aspectos del sistema nervioso perif\u00e9rico y del sistema nervioso central. Se localiza en la zona prefrontal de la corteza cerebral. Es el \u00e1rea m\u00e1s evolucionada del cerebro, ya que en ella se ubica la creatividad, la capacidad para pensar en el futuro y la moral.<\/p>\n<p>Desde el punto de vista fisiol\u00f3gico cuando re\u00edmos se generan contracciones en\u00e9rgicas en el diafragma, acompa\u00f1adas de vocalizaciones sil\u00e1bicas repetitivas que resuenan en la faringe, el paladar y otras cavidades fonatorias. Esto produce el sonido particular que caracteriza la forma de re\u00edr en las personas. Adicionalmente, se genera una expresi\u00f3n facial que moviliza los m\u00fasculos faciales, en ocasiones con secreci\u00f3n lagrimal. Igualmente se asocian otros procesos neurofisiol\u00f3gicos a nivel respiratorio y circulatorio. Cuando re\u00edmos nuestro cerebro libera hormonas que contribuyen al bienestar f\u00edsico: endorfinas, dopamina, serotonina y adrenalina. Proporcionan efectos positivos, tanto f\u00edsicos como psicol\u00f3gicos.<\/p>\n<p><b>Ya que sabemos todos los beneficios que aportan en los seres humanos, os aconsejamos que procur\u00e9is re\u00edr mucho, ya que es gratis y no cuesta nada.&nbsp;<\/b><\/p>\n<p>&nbsp;<\/p>\n","protected":false},"excerpt":{"rendered":"<p>El primer domingo de mayo se celebra desde hace 23 a\u00f1os el&nbsp;D\u00eda Mundial de la Risa, por lo tanto hoy debemos&nbsp; conmemorar este d\u00eda. Es una celebraci\u00f3n que fue creada en 1998 por el&#46;&#46;&#46;<\/p>\n","protected":false},"author":11423,"featured_media":6598,"comment_status":"open","ping_status":"open","sticky":true,"template":"","format":"standard","meta":{"ngg_post_thumbnail":0,"footnotes":""},"categories":[2352124,2351711],"tags":[2353318,2353317],"aioseo_notices":[],"_links":{"self":[{"href":"https:\/\/blogsaverroes.juntadeandalucia.es\/ceiptetuan\/wp-json\/wp\/v2\/posts\/6597"}],"collection":[{"href":"https:\/\/blogsaverroes.juntadeandalucia.es\/ceiptetuan\/wp-json\/wp\/v2\/posts"}],"about":[{"href":"https:\/\/blogsaverroes.juntadeandalucia.es\/ceiptetuan\/wp-json\/wp\/v2\/types\/post"}],"author":[{"embeddable":true,"href":"https:\/\/blogsaverroes.juntadeandalucia.es\/ceiptetuan\/wp-json\/wp\/v2\/users\/11423"}],"replies":[{"embeddable":true,"href":"https:\/\/blogsaverroes.juntadeandalucia.es\/ceiptetuan\/wp-json\/wp\/v2\/comments?post=6597"}],"version-history":[{"count":1,"href":"https:\/\/blogsaverroes.juntadeandalucia.es\/ceiptetuan\/wp-json\/wp\/v2\/posts\/6597\/revisions"}],"predecessor-version":[{"id":6599,"href":"https:\/\/blogsaverroes.juntadeandalucia.es\/ceiptetuan\/wp-json\/wp\/v2\/posts\/6597\/revisions\/6599"}],"wp:featuredmedia":[{"embeddable":true,"href":"https:\/\/blogsaverroes.juntadeandalucia.es\/ceiptetuan\/wp-json\/wp\/v2\/media\/6598"}],"wp:attachment":[{"href":"https:\/\/blogsaverroes.juntadeandalucia.es\/ceiptetuan\/wp-json\/wp\/v2\/media?parent=6597"}],"wp:term":[{"taxonomy":"category","embeddable":true,"href":"https:\/\/blogsaverroes.juntadeandalucia.es\/ceiptetuan\/wp-json\/wp\/v2\/categories?post=6597"},{"taxonomy":"post_tag","embeddable":true,"href":"https:\/\/blogsaverroes.juntadeandalucia.es\/ceiptetuan\/wp-json\/wp\/v2\/tags?post=6597"}],"curies":[{"name":"wp","href":"https:\/\/api.w.org\/{rel}","templated":true}]}}