{"id":6791,"date":"2021-06-08T08:00:06","date_gmt":"2021-06-08T06:00:06","guid":{"rendered":"https:\/\/blogsaverroes.juntadeandalucia.es\/ceiptetuan\/?p=6791"},"modified":"2021-06-08T08:00:28","modified_gmt":"2021-06-08T06:00:28","slug":"materiales-didacticos-para-primaria-sobre-el-pueblo-gitano","status":"publish","type":"post","link":"https:\/\/blogsaverroes.juntadeandalucia.es\/ceiptetuan\/materiales-didacticos-para-primaria-sobre-el-pueblo-gitano\/","title":{"rendered":"MATERIALES DID\u00c1CTICOS PARA PRIMARIA SOBRE EL PUEBLO GITANO, 8 DE JUNIO 2021"},"content":{"rendered":"<p>El pueblo gitano forma parte de la diversidad espa\u00f1ola desde hace siglos contribuyendo a la configuraci\u00f3n de su realidad sociocultural, y sin embargo, su historia, su cultura y su legado apenas han sido objeto de aprendizaje en las aulas.<\/p>\n<p>Siguiendo la l\u00ednea de anteriores publicaciones del Ministerio de Educaci\u00f3n en colaboraci\u00f3n con el Grupo de Educaci\u00f3n del Consejo Estatal del Pueblo Gitano, el presente material ofrece a la comunidad educativa unos recursos y materiales did\u00e1cticos que faciliten la incorporaci\u00f3n de contenidos de historia y cultura gitana en su labor docente.<\/p>\n<p><strong>Consta de tres propuestas ilustradas, pr\u00e1cticas y vers\u00e1tiles de materiales did\u00e1cticos que abordan de manera especializada contenidos gitanos encuadr\u00e1ndolas en tres asignaturas concretas de primaria: materiales did\u00e1cticos sobre la Lengua Gitana en la asignatura de Lengua Castellana; materiales did\u00e1cticos sobre la Historia del Pueblo Gitano en la asignatura de Ciencias Sociales; y una tercera propuesta que se ha denominado Diversidad Gitana que puede ser desarrollada en la asignatura de Valores Sociales y C\u00edvicos<\/strong>.<\/p>\n<p>De esta manera se facilitan recursos para la incorporaci\u00f3n de la historia y cultura gitanas en el Curr\u00edculo Escolar, con la firme creencia de que la escuela ha de ser un escenario primordial para transmitir los valores de convivencia y respeto de una sociedad intercultural.<\/p>\n<p>Os lo presentamos a toda la comunidad educativa, en el siguiente enlace.&nbsp;<\/p>\n<p><a href=\"https:\/\/blogsaverroes.juntadeandalucia.es\/ceiptetuan\/files\/2021\/06\/Materiales-Did\u00e1cticos-sobre-el-pueblo-gitano-Ed.Primaria.pdf\" target=\"_blank\" rel=\"noopener noreferrer\">Materiales Did\u00e1cticos sobre el pueblo gitano Ed.Primaria<\/a><\/p>\n","protected":false},"excerpt":{"rendered":"<p>El pueblo gitano forma parte de la diversidad espa\u00f1ola desde hace siglos contribuyendo a la configuraci\u00f3n de su realidad sociocultural, y sin embargo, su historia, su cultura y su legado apenas han sido objeto&#46;&#46;&#46;<\/p>\n","protected":false},"author":11423,"featured_media":6793,"comment_status":"open","ping_status":"open","sticky":true,"template":"","format":"standard","meta":{"ngg_post_thumbnail":0,"footnotes":""},"categories":[2352021,2351966],"tags":[2353374,2352272],"aioseo_notices":[],"_links":{"self":[{"href":"https:\/\/blogsaverroes.juntadeandalucia.es\/ceiptetuan\/wp-json\/wp\/v2\/posts\/6791"}],"collection":[{"href":"https:\/\/blogsaverroes.juntadeandalucia.es\/ceiptetuan\/wp-json\/wp\/v2\/posts"}],"about":[{"href":"https:\/\/blogsaverroes.juntadeandalucia.es\/ceiptetuan\/wp-json\/wp\/v2\/types\/post"}],"author":[{"embeddable":true,"href":"https:\/\/blogsaverroes.juntadeandalucia.es\/ceiptetuan\/wp-json\/wp\/v2\/users\/11423"}],"replies":[{"embeddable":true,"href":"https:\/\/blogsaverroes.juntadeandalucia.es\/ceiptetuan\/wp-json\/wp\/v2\/comments?post=6791"}],"version-history":[{"count":2,"href":"https:\/\/blogsaverroes.juntadeandalucia.es\/ceiptetuan\/wp-json\/wp\/v2\/posts\/6791\/revisions"}],"predecessor-version":[{"id":6795,"href":"https:\/\/blogsaverroes.juntadeandalucia.es\/ceiptetuan\/wp-json\/wp\/v2\/posts\/6791\/revisions\/6795"}],"wp:featuredmedia":[{"embeddable":true,"href":"https:\/\/blogsaverroes.juntadeandalucia.es\/ceiptetuan\/wp-json\/wp\/v2\/media\/6793"}],"wp:attachment":[{"href":"https:\/\/blogsaverroes.juntadeandalucia.es\/ceiptetuan\/wp-json\/wp\/v2\/media?parent=6791"}],"wp:term":[{"taxonomy":"category","embeddable":true,"href":"https:\/\/blogsaverroes.juntadeandalucia.es\/ceiptetuan\/wp-json\/wp\/v2\/categories?post=6791"},{"taxonomy":"post_tag","embeddable":true,"href":"https:\/\/blogsaverroes.juntadeandalucia.es\/ceiptetuan\/wp-json\/wp\/v2\/tags?post=6791"}],"curies":[{"name":"wp","href":"https:\/\/api.w.org\/{rel}","templated":true}]}}