{"id":6867,"date":"2021-06-20T00:01:38","date_gmt":"2021-06-19T22:01:38","guid":{"rendered":"https:\/\/blogsaverroes.juntadeandalucia.es\/ceiptetuan\/?p=6867"},"modified":"2021-06-19T22:11:40","modified_gmt":"2021-06-19T20:11:40","slug":"solsticio-de-verano-20-de-junio-2021","status":"publish","type":"post","link":"https:\/\/blogsaverroes.juntadeandalucia.es\/ceiptetuan\/solsticio-de-verano-20-de-junio-2021\/","title":{"rendered":"SOLSTICIO DE VERANO, 20 DE JUNIO 2021"},"content":{"rendered":"<p><strong>\u00a1Damos la bienvenida al Solsticio de Verano!<\/strong>&nbsp;<\/p>\n<p>Este fen\u00f3meno astron\u00f3mico conocido como&nbsp;<strong>Solsticio Vernal<\/strong> define el inicio de los meses m\u00e1s c\u00e1lidos del a\u00f1o, debido a que el Sol alcanzar\u00e1 su m\u00e1xima declinaci\u00f3n, proyectando su luz sobre la m\u00e1xima latitud geogr\u00e1fica de la Tierra. Es una estaci\u00f3n ideal para disfrutar del buen tiempo, altas temperaturas y m\u00e1s horas de luz.<\/p>\n<p>El Solsticio es un concepto astron\u00f3mico, referido a la \u00e9poca en que el Sol alcanza su m\u00e1xima declinaci\u00f3n en los hemisferios norte y sur, con respecto al ecuador terrestre. Ocurre dos veces al a\u00f1o: en junio y diciembre.<\/p>\n<p>Si ya est\u00e1s listo\/a para disfrutar del verano, esto te interesa porque el pr\u00f3ximo 20 de junio a las 21:32 horas llegar\u00e1 el solsticio de verano.<\/p>\n<p>La fecha del&nbsp;<strong>solsticio de verano&nbsp;<\/strong>var\u00eda entre&nbsp;el 20 de junio y el 22 de junio&nbsp;, seg\u00fan el a\u00f1o y la zona&nbsp;horaria&nbsp;local, <strong>sin embargo en M\u00e9xico su entrada ser\u00e1&nbsp;el pr\u00f3ximo 20 de junio a las 21:32 horas, seg\u00fan la Universidad Nacional Aut\u00f3noma de M\u00e9xico (UNAM). <\/strong><\/p>\n<p>Por eso os&nbsp; presentamos algunas <strong>curiosidades que ocurrir\u00e1n este d\u00eda:<\/strong><\/p>\n<p>El&nbsp;<strong>solsticio de verano<\/strong>&nbsp;tiene que ver con ciertas posiciones en la \u00f3rbita de la Tierra en torno al Sol. Dado que las \u00f3rbitas son el\u00edpticas, hay puntos en que est\u00e1 m\u00e1s alejada o m\u00e1s cercana al Sol.<\/p>\n<p>Cuando el Sol se encuentra en uno de esos puntos m\u00e1s lejanos, desde la Tierra se ve como si el Sol estuviera en el mismo lugar sin cambiar de posici\u00f3n, como si se detuviera, de ah\u00ed el nombre de&nbsp;<strong>solsticio, que significa \u201cSol detenido\u201d.<\/strong><\/p>\n<ul>\n<li><strong>El verano no llega para todos<\/strong><\/li>\n<\/ul>\n<p><strong>El solsticio de verano s\u00f3lo ocurrir\u00e1 en el hemisferio norte,<\/strong>&nbsp;es decir en la regi\u00f3n del planeta que comprende del ecuador hacia el Polo Norte.<\/p>\n<p>Mientras que en el hemisferio sur, dar\u00e1n la bienvenida al invierno.<\/p>\n<ul>\n<li><strong>El d\u00eda m\u00e1s largo del a\u00f1o<\/strong><\/li>\n<\/ul>\n<p>Una de las&nbsp;<strong>curiosidades del solsticio de verano&nbsp;<\/strong>es que ser\u00e1&nbsp;<strong>el d\u00eda m\u00e1s largo del a\u00f1o&nbsp;<\/strong>y la noche ser\u00e1 m\u00e1s corta.<\/p>\n<p>Ya que&nbsp;este d\u00eda tendr\u00e1 2 horas, 21 minutos de luz diurna,&nbsp;debido a que&nbsp;<strong>en el solsticio el Sol no sale precisamente por el este<\/strong>, sino que sale al norte del este y se pone al norte del oeste, lo que significa que es visible en el cielo durante un per\u00edodo de tiempo m\u00e1s largo.<\/p>\n<ul>\n<li><strong>La Tierra y el Polo Norte coinciden<\/strong><\/li>\n<\/ul>\n<p>Entre las&nbsp;<strong>curiosidades del solsticio de verano<\/strong>, se encuentra que debido a que el eje terrestre es un polo imaginario que atraviesa el mundo de arriba abajo, \u00e9ste gira sobre esa l\u00ednea imaginaria completando una vuelta en 24 horas, as\u00ed es como ocurren los d\u00edas y las noches; pero por la inclinaci\u00f3n del eje de la Tierra, ese d\u00eda el polo norte apuntar\u00e1 directamente hacia el Sol, m\u00e1s que en cualquier otro momento del a\u00f1o.<\/p>\n<ul>\n<li><strong>El verano no llega el mismo d\u00eda<\/strong><\/li>\n<\/ul>\n<p>La&nbsp;<strong>llegada del solsticio de verano<\/strong>&nbsp;puede darse entre el&nbsp;<strong>20 y hasta el 23 de junio,&nbsp;<\/strong>dependiendo de las cercan\u00edas de un a\u00f1o bisiesto.<\/p>\n<div class=\"code-block code-block-center code-block-8\">&nbsp; &nbsp; &nbsp; &nbsp; &nbsp; &nbsp; &nbsp; &nbsp; &nbsp; &nbsp; &nbsp; &nbsp; &nbsp; &nbsp; &nbsp; &nbsp; &nbsp; &nbsp; &nbsp; &nbsp; &nbsp; &nbsp; &nbsp; <iframe loading=\"lazy\" src=\"\/\/www.youtube.com\/embed\/AYUxJK5GQtU\" width=\"560\" height=\"314\"><\/iframe><\/div>\n<p>&nbsp;<\/p>\n","protected":false},"excerpt":{"rendered":"<p>\u00a1Damos la bienvenida al Solsticio de Verano!&nbsp; Este fen\u00f3meno astron\u00f3mico conocido como&nbsp;Solsticio Vernal define el inicio de los meses m\u00e1s c\u00e1lidos del a\u00f1o, debido a que el Sol alcanzar\u00e1 su m\u00e1xima declinaci\u00f3n, proyectando su&#46;&#46;&#46;<\/p>\n","protected":false},"author":11423,"featured_media":6868,"comment_status":"open","ping_status":"open","sticky":true,"template":"","format":"standard","meta":{"ngg_post_thumbnail":0,"footnotes":""},"categories":[2351966],"tags":[2352718,2353392],"aioseo_notices":[],"_links":{"self":[{"href":"https:\/\/blogsaverroes.juntadeandalucia.es\/ceiptetuan\/wp-json\/wp\/v2\/posts\/6867"}],"collection":[{"href":"https:\/\/blogsaverroes.juntadeandalucia.es\/ceiptetuan\/wp-json\/wp\/v2\/posts"}],"about":[{"href":"https:\/\/blogsaverroes.juntadeandalucia.es\/ceiptetuan\/wp-json\/wp\/v2\/types\/post"}],"author":[{"embeddable":true,"href":"https:\/\/blogsaverroes.juntadeandalucia.es\/ceiptetuan\/wp-json\/wp\/v2\/users\/11423"}],"replies":[{"embeddable":true,"href":"https:\/\/blogsaverroes.juntadeandalucia.es\/ceiptetuan\/wp-json\/wp\/v2\/comments?post=6867"}],"version-history":[{"count":1,"href":"https:\/\/blogsaverroes.juntadeandalucia.es\/ceiptetuan\/wp-json\/wp\/v2\/posts\/6867\/revisions"}],"predecessor-version":[{"id":6869,"href":"https:\/\/blogsaverroes.juntadeandalucia.es\/ceiptetuan\/wp-json\/wp\/v2\/posts\/6867\/revisions\/6869"}],"wp:featuredmedia":[{"embeddable":true,"href":"https:\/\/blogsaverroes.juntadeandalucia.es\/ceiptetuan\/wp-json\/wp\/v2\/media\/6868"}],"wp:attachment":[{"href":"https:\/\/blogsaverroes.juntadeandalucia.es\/ceiptetuan\/wp-json\/wp\/v2\/media?parent=6867"}],"wp:term":[{"taxonomy":"category","embeddable":true,"href":"https:\/\/blogsaverroes.juntadeandalucia.es\/ceiptetuan\/wp-json\/wp\/v2\/categories?post=6867"},{"taxonomy":"post_tag","embeddable":true,"href":"https:\/\/blogsaverroes.juntadeandalucia.es\/ceiptetuan\/wp-json\/wp\/v2\/tags?post=6867"}],"curies":[{"name":"wp","href":"https:\/\/api.w.org\/{rel}","templated":true}]}}