{"id":7394,"date":"2021-10-30T12:00:00","date_gmt":"2021-10-30T10:00:00","guid":{"rendered":"https:\/\/blogsaverroes.juntadeandalucia.es\/ceiptetuan\/?p=7394"},"modified":"2021-10-30T15:44:53","modified_gmt":"2021-10-30T13:44:53","slug":"premios-ondas-2021","status":"publish","type":"post","link":"https:\/\/blogsaverroes.juntadeandalucia.es\/ceiptetuan\/premios-ondas-2021\/","title":{"rendered":"PREMIOS ONDAS 2021, 30 DE OCTUBRE 2021"},"content":{"rendered":"<p>Informamos que el 20 de octubre se dio a conocer el fallo del jurado de la 68\u00aa edici\u00f3n de los Premios Ondas en Barcelona.&nbsp; Con una trayectoria de 67 ediciones celebradas anualmente desde su fundaci\u00f3n en 1954, los Premios Ondas mantienen el objetivo de reconocer e impulsar las producciones radiof\u00f3nicas, musicales y televisivas que, tanto a nivel nacional como internacional y en todos sus g\u00e9neros y formatos, aporten elementos innovadores y mejoren la experiencia de la audiencia.<\/p>\n<p>Estos galardones son un observatorio privilegiado del talento del sector audiovisual espa\u00f1ol e internacional.<\/p>\n<p>En esta edici\u00f3n, han sido presentadas m\u00e1s de 550 candidaturas procedentes de 17 pa\u00edses de todo el mundo.<br \/>\nLos jurados nacionales e internacionales, constituidos por 25 profesionales de radio, televisi\u00f3n, publicidad y m\u00fasica, han sido los encargados de elegir a los ganadores de este a\u00f1o, que recibir\u00e1n un total de 21 premios .<\/p>\n<p>Os dejamos el enlace con todos los premiados: <a href=\"https:\/\/www.premiosondas.com\/premiados.php\" target=\"_blank\" rel=\"noopener noreferrer\">https:\/\/www.premiosondas.com\/premiados.php<\/a><\/p>\n<p><a href=\"https:\/\/blogsaverroes.juntadeandalucia.es\/ceiptetuan\/files\/2021\/11\/unnamed.png\"><img loading=\"lazy\" decoding=\"async\" class=\"size-full wp-image-7400 aligncenter\" src=\"https:\/\/blogsaverroes.juntadeandalucia.es\/ceiptetuan\/files\/2021\/11\/unnamed.png\" alt=\"\" width=\"391\" height=\"242\" srcset=\"https:\/\/blogsaverroes.juntadeandalucia.es\/ceiptetuan\/files\/2021\/11\/unnamed.png 391w, https:\/\/blogsaverroes.juntadeandalucia.es\/ceiptetuan\/files\/2021\/11\/unnamed-300x186.png 300w\" sizes=\"(max-width: 391px) 100vw, 391px\" \/><\/a><\/p>\n<p>Desde esta entrada aprovechamos para felicitar a todos los premiados&nbsp; y en especial por la cercan\u00eda y el trabajo que estamos realizando con la radio al :<strong> PREMIO ONDAS NACIONAL DE RADIO, MEJOR IDEA RADIOF\u00d3NICA. AL I CONCURSO NACIONAL DE PODCAST ESCOLAR, PROMOVIDO POR ELOQUENZE <span id=\"txt_preview_226\">Emitido en RNE, por estimular en colegios e institutos la creatividad radiof\u00f3nica.&nbsp;<\/span><\/strong><\/p>\n<p><img loading=\"lazy\" decoding=\"async\" class=\"size-full wp-image-7399 aligncenter\" src=\"https:\/\/blogsaverroes.juntadeandalucia.es\/ceiptetuan\/files\/2021\/11\/images.jpg\" alt=\"\" width=\"300\" height=\"168\"\/> &nbsp; &nbsp; &nbsp; &nbsp;&nbsp;<\/p>\n","protected":false},"excerpt":{"rendered":"<p>Informamos que el 20 de octubre se dio a conocer el fallo del jurado de la 68\u00aa edici\u00f3n de los Premios Ondas en Barcelona.&nbsp; Con una trayectoria de 67 ediciones celebradas anualmente desde su&#46;&#46;&#46;<\/p>\n","protected":false},"author":11423,"featured_media":7398,"comment_status":"open","ping_status":"open","sticky":true,"template":"","format":"standard","meta":{"ngg_post_thumbnail":0,"footnotes":""},"categories":[2351966],"tags":[2353508],"aioseo_notices":[],"_links":{"self":[{"href":"https:\/\/blogsaverroes.juntadeandalucia.es\/ceiptetuan\/wp-json\/wp\/v2\/posts\/7394"}],"collection":[{"href":"https:\/\/blogsaverroes.juntadeandalucia.es\/ceiptetuan\/wp-json\/wp\/v2\/posts"}],"about":[{"href":"https:\/\/blogsaverroes.juntadeandalucia.es\/ceiptetuan\/wp-json\/wp\/v2\/types\/post"}],"author":[{"embeddable":true,"href":"https:\/\/blogsaverroes.juntadeandalucia.es\/ceiptetuan\/wp-json\/wp\/v2\/users\/11423"}],"replies":[{"embeddable":true,"href":"https:\/\/blogsaverroes.juntadeandalucia.es\/ceiptetuan\/wp-json\/wp\/v2\/comments?post=7394"}],"version-history":[{"count":5,"href":"https:\/\/blogsaverroes.juntadeandalucia.es\/ceiptetuan\/wp-json\/wp\/v2\/posts\/7394\/revisions"}],"predecessor-version":[{"id":7403,"href":"https:\/\/blogsaverroes.juntadeandalucia.es\/ceiptetuan\/wp-json\/wp\/v2\/posts\/7394\/revisions\/7403"}],"wp:featuredmedia":[{"embeddable":true,"href":"https:\/\/blogsaverroes.juntadeandalucia.es\/ceiptetuan\/wp-json\/wp\/v2\/media\/7398"}],"wp:attachment":[{"href":"https:\/\/blogsaverroes.juntadeandalucia.es\/ceiptetuan\/wp-json\/wp\/v2\/media?parent=7394"}],"wp:term":[{"taxonomy":"category","embeddable":true,"href":"https:\/\/blogsaverroes.juntadeandalucia.es\/ceiptetuan\/wp-json\/wp\/v2\/categories?post=7394"},{"taxonomy":"post_tag","embeddable":true,"href":"https:\/\/blogsaverroes.juntadeandalucia.es\/ceiptetuan\/wp-json\/wp\/v2\/tags?post=7394"}],"curies":[{"name":"wp","href":"https:\/\/api.w.org\/{rel}","templated":true}]}}