{"id":3037,"date":"2020-10-08T18:56:20","date_gmt":"2020-10-08T18:56:20","guid":{"rendered":"https:\/\/blogsaverroes.juntadeandalucia.es\/ceiptiernogalvan\/?p=3037"},"modified":"2020-12-03T17:39:59","modified_gmt":"2020-12-03T17:39:59","slug":"codeweek-2020","status":"publish","type":"post","link":"https:\/\/blogsaverroes.juntadeandalucia.es\/ceiptiernogalvan\/2020\/10\/08\/codeweek-2020\/","title":{"rendered":"Codeweek  en el Tierno Galv\u00e1n"},"content":{"rendered":"<p>Este a\u00f1o nuestro centro participar\u00e1 en la Semana de la Programaci\u00f3n de la Uni\u00f3n Europea. A trav\u00e9s de la programaci\u00f3n y otras actividades relacionadas con la tecnolog\u00eda se desarrolla la creatividad, la resoluci\u00f3n de problemas y la colaboraci\u00f3n.<br \/>\n<a href=\"https:\/\/blogsaverroes.juntadeandalucia.es\/ceiptiernogalvan\/files\/2020\/10\/codeweek.png\"><img loading=\"lazy\" decoding=\"async\" class=\"alignnone size-medium wp-image-3036\" src=\"https:\/\/blogsaverroes.juntadeandalucia.es\/ceiptiernogalvan\/files\/2020\/10\/codeweek-212x300.png\" alt=\"\" width=\"212\" height=\"300\" srcset=\"https:\/\/blogsaverroes.juntadeandalucia.es\/ceiptiernogalvan\/files\/2020\/10\/codeweek-212x300.png 212w, https:\/\/blogsaverroes.juntadeandalucia.es\/ceiptiernogalvan\/files\/2020\/10\/codeweek-17x24.png 17w, https:\/\/blogsaverroes.juntadeandalucia.es\/ceiptiernogalvan\/files\/2020\/10\/codeweek-25x36.png 25w, https:\/\/blogsaverroes.juntadeandalucia.es\/ceiptiernogalvan\/files\/2020\/10\/codeweek-34x48.png 34w, https:\/\/blogsaverroes.juntadeandalucia.es\/ceiptiernogalvan\/files\/2020\/10\/codeweek.png 454w\" sizes=\"(max-width: 212px) 100vw, 212px\" \/><\/a><\/p>\n","protected":false},"excerpt":{"rendered":"<p>Este a\u00f1o nuestro centro participar\u00e1 en la Semana de la Programaci\u00f3n de la Uni\u00f3n Europea. A trav\u00e9s de la programaci\u00f3n y otras actividades relacionadas con la tecnolog\u00eda se desarrolla la creatividad, la resoluci\u00f3n de&#46;&#46;&#46;<\/p>\n","protected":false},"author":2434,"featured_media":0,"comment_status":"open","ping_status":"open","sticky":false,"template":"","format":"image","meta":{"ngg_post_thumbnail":0,"footnotes":""},"categories":[11909],"tags":[],"aioseo_notices":[],"_links":{"self":[{"href":"https:\/\/blogsaverroes.juntadeandalucia.es\/ceiptiernogalvan\/wp-json\/wp\/v2\/posts\/3037"}],"collection":[{"href":"https:\/\/blogsaverroes.juntadeandalucia.es\/ceiptiernogalvan\/wp-json\/wp\/v2\/posts"}],"about":[{"href":"https:\/\/blogsaverroes.juntadeandalucia.es\/ceiptiernogalvan\/wp-json\/wp\/v2\/types\/post"}],"author":[{"embeddable":true,"href":"https:\/\/blogsaverroes.juntadeandalucia.es\/ceiptiernogalvan\/wp-json\/wp\/v2\/users\/2434"}],"replies":[{"embeddable":true,"href":"https:\/\/blogsaverroes.juntadeandalucia.es\/ceiptiernogalvan\/wp-json\/wp\/v2\/comments?post=3037"}],"version-history":[{"count":3,"href":"https:\/\/blogsaverroes.juntadeandalucia.es\/ceiptiernogalvan\/wp-json\/wp\/v2\/posts\/3037\/revisions"}],"predecessor-version":[{"id":3063,"href":"https:\/\/blogsaverroes.juntadeandalucia.es\/ceiptiernogalvan\/wp-json\/wp\/v2\/posts\/3037\/revisions\/3063"}],"wp:attachment":[{"href":"https:\/\/blogsaverroes.juntadeandalucia.es\/ceiptiernogalvan\/wp-json\/wp\/v2\/media?parent=3037"}],"wp:term":[{"taxonomy":"category","embeddable":true,"href":"https:\/\/blogsaverroes.juntadeandalucia.es\/ceiptiernogalvan\/wp-json\/wp\/v2\/categories?post=3037"},{"taxonomy":"post_tag","embeddable":true,"href":"https:\/\/blogsaverroes.juntadeandalucia.es\/ceiptiernogalvan\/wp-json\/wp\/v2\/tags?post=3037"}],"curies":[{"name":"wp","href":"https:\/\/api.w.org\/{rel}","templated":true}]}}