{"id":3470,"date":"2021-10-06T13:54:30","date_gmt":"2021-10-06T13:54:30","guid":{"rendered":"https:\/\/blogsaverroes.juntadeandalucia.es\/ceiptiernogalvan\/?p=3470"},"modified":"2021-10-06T14:02:29","modified_gmt":"2021-10-06T14:02:29","slug":"desayuno-solidario","status":"publish","type":"post","link":"https:\/\/blogsaverroes.juntadeandalucia.es\/ceiptiernogalvan\/2021\/10\/06\/desayuno-solidario\/","title":{"rendered":"Desayuno solidario"},"content":{"rendered":"<div dir=\"auto\">Este mi\u00e9rcoles se ha comenzado la iniciativa del Programa Crecimiento en Salud, donde los alumnos y alumnas desayunan pl\u00e1tanos para solidarizarse con todos y cada uno de los habitantes de Canarias que est\u00e1n sufriendo la erupci\u00f3n del volc\u00e1n.<\/div>\n<div dir=\"auto\">&nbsp;<\/div>\n<div dir=\"auto\">La iniciativa ha tenido una gran aceptaci\u00f3n por todos los alumnos y alumnas de nuestro centro.<\/div>\n<div dir=\"auto\">&nbsp;<\/div>\n<div dir=\"auto\">Seguiremos ayudando y apoyando a nuestros paisanos de La Palma, y que mejor forma si creamos h\u00e1bitos saludables a nuestros alumnos y alumnas.<\/div>\n<div dir=\"auto\">&nbsp;<\/div>\n<div dir=\"auto\">Coordinador de Crecimiento en Salud.<\/div>\n<div dir=\"auto\">&nbsp;<\/div>\n<div dir=\"auto\"><a href=\"https:\/\/blogsaverroes.juntadeandalucia.es\/ceiptiernogalvan\/files\/2021\/10\/20211006_153315-COLLAGE-1.jpg\"><img loading=\"lazy\" decoding=\"async\" class=\"aligncenter size-thumbnail wp-image-3471\" src=\"https:\/\/blogsaverroes.juntadeandalucia.es\/ceiptiernogalvan\/files\/2021\/10\/20211006_153315-COLLAGE-1-150x150.jpg\" alt=\"\" width=\"150\" height=\"150\" srcset=\"https:\/\/blogsaverroes.juntadeandalucia.es\/ceiptiernogalvan\/files\/2021\/10\/20211006_153315-COLLAGE-1-150x150.jpg 150w, https:\/\/blogsaverroes.juntadeandalucia.es\/ceiptiernogalvan\/files\/2021\/10\/20211006_153315-COLLAGE-1-300x300.jpg 300w, https:\/\/blogsaverroes.juntadeandalucia.es\/ceiptiernogalvan\/files\/2021\/10\/20211006_153315-COLLAGE-1.jpg 1024w, https:\/\/blogsaverroes.juntadeandalucia.es\/ceiptiernogalvan\/files\/2021\/10\/20211006_153315-COLLAGE-1-768x768.jpg 768w, https:\/\/blogsaverroes.juntadeandalucia.es\/ceiptiernogalvan\/files\/2021\/10\/20211006_153315-COLLAGE-1-432x432.jpg 432w, https:\/\/blogsaverroes.juntadeandalucia.es\/ceiptiernogalvan\/files\/2021\/10\/20211006_153315-COLLAGE-1-268x268.jpg 268w, https:\/\/blogsaverroes.juntadeandalucia.es\/ceiptiernogalvan\/files\/2021\/10\/20211006_153315-COLLAGE-1-700x700.jpg 700w\" sizes=\"(max-width: 150px) 100vw, 150px\" \/><\/a><\/div>\n","protected":false},"excerpt":{"rendered":"<p>Este mi\u00e9rcoles se ha comenzado la iniciativa del Programa Crecimiento en Salud, donde los alumnos y alumnas desayunan pl\u00e1tanos para solidarizarse con todos y cada uno de los habitantes de Canarias que est\u00e1n sufriendo&#46;&#46;&#46;<\/p>\n","protected":false},"author":2434,"featured_media":0,"comment_status":"closed","ping_status":"closed","sticky":false,"template":"","format":"standard","meta":{"ngg_post_thumbnail":0,"footnotes":""},"categories":[11909],"tags":[],"aioseo_notices":[],"_links":{"self":[{"href":"https:\/\/blogsaverroes.juntadeandalucia.es\/ceiptiernogalvan\/wp-json\/wp\/v2\/posts\/3470"}],"collection":[{"href":"https:\/\/blogsaverroes.juntadeandalucia.es\/ceiptiernogalvan\/wp-json\/wp\/v2\/posts"}],"about":[{"href":"https:\/\/blogsaverroes.juntadeandalucia.es\/ceiptiernogalvan\/wp-json\/wp\/v2\/types\/post"}],"author":[{"embeddable":true,"href":"https:\/\/blogsaverroes.juntadeandalucia.es\/ceiptiernogalvan\/wp-json\/wp\/v2\/users\/2434"}],"replies":[{"embeddable":true,"href":"https:\/\/blogsaverroes.juntadeandalucia.es\/ceiptiernogalvan\/wp-json\/wp\/v2\/comments?post=3470"}],"version-history":[{"count":4,"href":"https:\/\/blogsaverroes.juntadeandalucia.es\/ceiptiernogalvan\/wp-json\/wp\/v2\/posts\/3470\/revisions"}],"predecessor-version":[{"id":3475,"href":"https:\/\/blogsaverroes.juntadeandalucia.es\/ceiptiernogalvan\/wp-json\/wp\/v2\/posts\/3470\/revisions\/3475"}],"wp:attachment":[{"href":"https:\/\/blogsaverroes.juntadeandalucia.es\/ceiptiernogalvan\/wp-json\/wp\/v2\/media?parent=3470"}],"wp:term":[{"taxonomy":"category","embeddable":true,"href":"https:\/\/blogsaverroes.juntadeandalucia.es\/ceiptiernogalvan\/wp-json\/wp\/v2\/categories?post=3470"},{"taxonomy":"post_tag","embeddable":true,"href":"https:\/\/blogsaverroes.juntadeandalucia.es\/ceiptiernogalvan\/wp-json\/wp\/v2\/tags?post=3470"}],"curies":[{"name":"wp","href":"https:\/\/api.w.org\/{rel}","templated":true}]}}