{"id":3979,"date":"2022-11-25T17:21:59","date_gmt":"2022-11-25T17:21:59","guid":{"rendered":"https:\/\/blogsaverroes.juntadeandalucia.es\/ceiptiernogalvan\/?p=3979"},"modified":"2022-11-25T17:33:52","modified_gmt":"2022-11-25T17:33:52","slug":"3979","status":"publish","type":"post","link":"https:\/\/blogsaverroes.juntadeandalucia.es\/ceiptiernogalvan\/2022\/11\/25\/3979\/","title":{"rendered":"25-N D\u00cdA CONTRA LA VIOLENCIA DE G\u00c9NERO"},"content":{"rendered":"<div dir=\"auto\" style=\"text-align: center\"><strong>25N D\u00cdA CONTRA LA VIOLENCIA DE G\u00c9NERO <\/strong><\/div>\n<div dir=\"auto\">&nbsp;<\/div>\n<div dir=\"auto\" style=\"text-align: justify\">Desde el Plan de Igualdad y Escuela Espacio de Paz del CEIP Tierno Galv\u00e1n y del IES Almoraima, se ha organizado un flasmob de la canci\u00f3n <strong>\u00abYo s\u00f3lo quiero bailar (Miguel \u00c1ngel Maroto Negrete)\u00bb<\/strong> para sensibilizar contra la violencia de g\u00e9nero.<\/div>\n<div dir=\"auto\">&nbsp;<\/div>\n<div dir=\"auto\" style=\"text-align: justify\">El alumnado de Educaci\u00f3n Infantil ha realizado el baile en el patio del cole y han pegado unas manos en una pancarta.<\/div>\n<div dir=\"auto\"><a href=\"https:\/\/blogsaverroes.juntadeandalucia.es\/ceiptiernogalvan\/files\/2022\/11\/IMG-20221125-WA0031.jpg\"><img loading=\"lazy\" decoding=\"async\" class=\"alignnone size-medium wp-image-3990\" src=\"https:\/\/blogsaverroes.juntadeandalucia.es\/ceiptiernogalvan\/files\/2022\/11\/IMG-20221125-WA0031-300x224.jpg\" alt=\"\" width=\"300\" height=\"224\" srcset=\"https:\/\/blogsaverroes.juntadeandalucia.es\/ceiptiernogalvan\/files\/2022\/11\/IMG-20221125-WA0031-300x224.jpg 300w, https:\/\/blogsaverroes.juntadeandalucia.es\/ceiptiernogalvan\/files\/2022\/11\/IMG-20221125-WA0031-1024x766.jpg 1024w, https:\/\/blogsaverroes.juntadeandalucia.es\/ceiptiernogalvan\/files\/2022\/11\/IMG-20221125-WA0031-768x575.jpg 768w, https:\/\/blogsaverroes.juntadeandalucia.es\/ceiptiernogalvan\/files\/2022\/11\/IMG-20221125-WA0031-1536x1149.jpg 1536w, https:\/\/blogsaverroes.juntadeandalucia.es\/ceiptiernogalvan\/files\/2022\/11\/IMG-20221125-WA0031-700x524.jpg 700w, https:\/\/blogsaverroes.juntadeandalucia.es\/ceiptiernogalvan\/files\/2022\/11\/IMG-20221125-WA0031.jpg 1600w\" sizes=\"(max-width: 300px) 100vw, 300px\" \/><\/a> <a href=\"https:\/\/blogsaverroes.juntadeandalucia.es\/ceiptiernogalvan\/files\/2022\/11\/IMG-20221125-WA0033.jpg\"><img loading=\"lazy\" decoding=\"async\" class=\"alignnone wp-image-3991\" src=\"https:\/\/blogsaverroes.juntadeandalucia.es\/ceiptiernogalvan\/files\/2022\/11\/IMG-20221125-WA0033-300x169.jpg\" alt=\"\" width=\"304\" height=\"175\"><\/a> <a href=\"https:\/\/blogsaverroes.juntadeandalucia.es\/ceiptiernogalvan\/files\/2022\/11\/IMG-20221125-WA0041.jpg\"><img loading=\"lazy\" decoding=\"async\" class=\"alignnone size-medium wp-image-3983\" src=\"https:\/\/blogsaverroes.juntadeandalucia.es\/ceiptiernogalvan\/files\/2022\/11\/IMG-20221125-WA0041-224x300.jpg\" alt=\"\" width=\"224\" height=\"300\" srcset=\"https:\/\/blogsaverroes.juntadeandalucia.es\/ceiptiernogalvan\/files\/2022\/11\/IMG-20221125-WA0041-224x300.jpg 224w, https:\/\/blogsaverroes.juntadeandalucia.es\/ceiptiernogalvan\/files\/2022\/11\/IMG-20221125-WA0041-766x1024.jpg 766w, https:\/\/blogsaverroes.juntadeandalucia.es\/ceiptiernogalvan\/files\/2022\/11\/IMG-20221125-WA0041-768x1027.jpg 768w, https:\/\/blogsaverroes.juntadeandalucia.es\/ceiptiernogalvan\/files\/2022\/11\/IMG-20221125-WA0041-1149x1536.jpg 1149w, https:\/\/blogsaverroes.juntadeandalucia.es\/ceiptiernogalvan\/files\/2022\/11\/IMG-20221125-WA0041-700x936.jpg 700w, https:\/\/blogsaverroes.juntadeandalucia.es\/ceiptiernogalvan\/files\/2022\/11\/IMG-20221125-WA0041.jpg 1197w\" sizes=\"(max-width: 224px) 100vw, 224px\" \/><\/a><a href=\"https:\/\/blogsaverroes.juntadeandalucia.es\/ceiptiernogalvan\/files\/2022\/11\/IMG-20221125-WA0032.jpg\"><img loading=\"lazy\" decoding=\"async\" class=\"alignnone wp-image-3984\" src=\"https:\/\/blogsaverroes.juntadeandalucia.es\/ceiptiernogalvan\/files\/2022\/11\/IMG-20221125-WA0032-300x169.jpg\" alt=\"\" width=\"396\" height=\"229\"><\/a><\/div>\n<div dir=\"auto\">&nbsp;<\/div>\n<div dir=\"auto\" style=\"text-align: justify\">El alumnado de Primaria junto con el de Secundaria han realizado el baile, portando cada uno una mariposa violeta en su camiseta.<\/div>\n<div dir=\"auto\"><a href=\"https:\/\/blogsaverroes.juntadeandalucia.es\/ceiptiernogalvan\/files\/2022\/11\/IMG-20221125-WA0037.jpg\"><img loading=\"lazy\" decoding=\"async\" class=\"alignnone size-medium wp-image-3989\" src=\"https:\/\/blogsaverroes.juntadeandalucia.es\/ceiptiernogalvan\/files\/2022\/11\/IMG-20221125-WA0037-300x224.jpg\" alt=\"\" width=\"300\" height=\"224\" srcset=\"https:\/\/blogsaverroes.juntadeandalucia.es\/ceiptiernogalvan\/files\/2022\/11\/IMG-20221125-WA0037-300x224.jpg 300w, https:\/\/blogsaverroes.juntadeandalucia.es\/ceiptiernogalvan\/files\/2022\/11\/IMG-20221125-WA0037-1024x766.jpg 1024w, https:\/\/blogsaverroes.juntadeandalucia.es\/ceiptiernogalvan\/files\/2022\/11\/IMG-20221125-WA0037-768x575.jpg 768w, https:\/\/blogsaverroes.juntadeandalucia.es\/ceiptiernogalvan\/files\/2022\/11\/IMG-20221125-WA0037-1536x1149.jpg 1536w, https:\/\/blogsaverroes.juntadeandalucia.es\/ceiptiernogalvan\/files\/2022\/11\/IMG-20221125-WA0037-700x524.jpg 700w, https:\/\/blogsaverroes.juntadeandalucia.es\/ceiptiernogalvan\/files\/2022\/11\/IMG-20221125-WA0037.jpg 1600w\" sizes=\"(max-width: 300px) 100vw, 300px\" \/><\/a> <a href=\"https:\/\/blogsaverroes.juntadeandalucia.es\/ceiptiernogalvan\/files\/2022\/11\/IMG-20221125-WA0035.jpg\"><img loading=\"lazy\" decoding=\"async\" class=\"alignnone size-medium wp-image-3988\" src=\"https:\/\/blogsaverroes.juntadeandalucia.es\/ceiptiernogalvan\/files\/2022\/11\/IMG-20221125-WA0035-300x224.jpg\" alt=\"\" width=\"300\" height=\"224\" srcset=\"https:\/\/blogsaverroes.juntadeandalucia.es\/ceiptiernogalvan\/files\/2022\/11\/IMG-20221125-WA0035-300x224.jpg 300w, https:\/\/blogsaverroes.juntadeandalucia.es\/ceiptiernogalvan\/files\/2022\/11\/IMG-20221125-WA0035-1024x766.jpg 1024w, https:\/\/blogsaverroes.juntadeandalucia.es\/ceiptiernogalvan\/files\/2022\/11\/IMG-20221125-WA0035-768x575.jpg 768w, https:\/\/blogsaverroes.juntadeandalucia.es\/ceiptiernogalvan\/files\/2022\/11\/IMG-20221125-WA0035-1536x1149.jpg 1536w, https:\/\/blogsaverroes.juntadeandalucia.es\/ceiptiernogalvan\/files\/2022\/11\/IMG-20221125-WA0035-700x524.jpg 700w, https:\/\/blogsaverroes.juntadeandalucia.es\/ceiptiernogalvan\/files\/2022\/11\/IMG-20221125-WA0035.jpg 1600w\" sizes=\"(max-width: 300px) 100vw, 300px\" \/><\/a> <a href=\"https:\/\/blogsaverroes.juntadeandalucia.es\/ceiptiernogalvan\/files\/2022\/11\/IMG-20221125-WA0040.jpg\"><img loading=\"lazy\" decoding=\"async\" class=\"alignnone size-medium wp-image-3987\" src=\"https:\/\/blogsaverroes.juntadeandalucia.es\/ceiptiernogalvan\/files\/2022\/11\/IMG-20221125-WA0040-300x224.jpg\" alt=\"\" width=\"300\" height=\"224\" srcset=\"https:\/\/blogsaverroes.juntadeandalucia.es\/ceiptiernogalvan\/files\/2022\/11\/IMG-20221125-WA0040-300x224.jpg 300w, https:\/\/blogsaverroes.juntadeandalucia.es\/ceiptiernogalvan\/files\/2022\/11\/IMG-20221125-WA0040-1024x766.jpg 1024w, https:\/\/blogsaverroes.juntadeandalucia.es\/ceiptiernogalvan\/files\/2022\/11\/IMG-20221125-WA0040-768x575.jpg 768w, https:\/\/blogsaverroes.juntadeandalucia.es\/ceiptiernogalvan\/files\/2022\/11\/IMG-20221125-WA0040-1536x1149.jpg 1536w, https:\/\/blogsaverroes.juntadeandalucia.es\/ceiptiernogalvan\/files\/2022\/11\/IMG-20221125-WA0040-700x524.jpg 700w, https:\/\/blogsaverroes.juntadeandalucia.es\/ceiptiernogalvan\/files\/2022\/11\/IMG-20221125-WA0040.jpg 1600w\" sizes=\"(max-width: 300px) 100vw, 300px\" \/><\/a> <a href=\"https:\/\/blogsaverroes.juntadeandalucia.es\/ceiptiernogalvan\/files\/2022\/11\/IMG-20221125-WA0038.jpg\"><img loading=\"lazy\" decoding=\"async\" class=\"alignnone size-medium wp-image-3981\" src=\"https:\/\/blogsaverroes.juntadeandalucia.es\/ceiptiernogalvan\/files\/2022\/11\/IMG-20221125-WA0038-300x224.jpg\" alt=\"\" width=\"300\" height=\"224\" srcset=\"https:\/\/blogsaverroes.juntadeandalucia.es\/ceiptiernogalvan\/files\/2022\/11\/IMG-20221125-WA0038-300x224.jpg 300w, https:\/\/blogsaverroes.juntadeandalucia.es\/ceiptiernogalvan\/files\/2022\/11\/IMG-20221125-WA0038-1024x766.jpg 1024w, https:\/\/blogsaverroes.juntadeandalucia.es\/ceiptiernogalvan\/files\/2022\/11\/IMG-20221125-WA0038-768x575.jpg 768w, https:\/\/blogsaverroes.juntadeandalucia.es\/ceiptiernogalvan\/files\/2022\/11\/IMG-20221125-WA0038-1536x1149.jpg 1536w, https:\/\/blogsaverroes.juntadeandalucia.es\/ceiptiernogalvan\/files\/2022\/11\/IMG-20221125-WA0038-700x524.jpg 700w, https:\/\/blogsaverroes.juntadeandalucia.es\/ceiptiernogalvan\/files\/2022\/11\/IMG-20221125-WA0038.jpg 1600w\" sizes=\"(max-width: 300px) 100vw, 300px\" \/><\/a> <a href=\"https:\/\/blogsaverroes.juntadeandalucia.es\/ceiptiernogalvan\/files\/2022\/11\/IMG-20221125-WA0030.jpg\"><img loading=\"lazy\" decoding=\"async\" class=\"alignnone size-medium wp-image-3982\" src=\"https:\/\/blogsaverroes.juntadeandalucia.es\/ceiptiernogalvan\/files\/2022\/11\/IMG-20221125-WA0030-300x224.jpg\" alt=\"\" width=\"300\" height=\"224\" srcset=\"https:\/\/blogsaverroes.juntadeandalucia.es\/ceiptiernogalvan\/files\/2022\/11\/IMG-20221125-WA0030-300x224.jpg 300w, https:\/\/blogsaverroes.juntadeandalucia.es\/ceiptiernogalvan\/files\/2022\/11\/IMG-20221125-WA0030-1024x766.jpg 1024w, https:\/\/blogsaverroes.juntadeandalucia.es\/ceiptiernogalvan\/files\/2022\/11\/IMG-20221125-WA0030-768x575.jpg 768w, https:\/\/blogsaverroes.juntadeandalucia.es\/ceiptiernogalvan\/files\/2022\/11\/IMG-20221125-WA0030-1536x1149.jpg 1536w, https:\/\/blogsaverroes.juntadeandalucia.es\/ceiptiernogalvan\/files\/2022\/11\/IMG-20221125-WA0030-700x524.jpg 700w, https:\/\/blogsaverroes.juntadeandalucia.es\/ceiptiernogalvan\/files\/2022\/11\/IMG-20221125-WA0030.jpg 1600w\" sizes=\"(max-width: 300px) 100vw, 300px\" \/><\/a> <a href=\"https:\/\/blogsaverroes.juntadeandalucia.es\/ceiptiernogalvan\/files\/2022\/11\/IMG-20221125-WA0039.jpg\"><img loading=\"lazy\" decoding=\"async\" class=\"alignnone size-medium wp-image-3985\" src=\"https:\/\/blogsaverroes.juntadeandalucia.es\/ceiptiernogalvan\/files\/2022\/11\/IMG-20221125-WA0039-300x224.jpg\" alt=\"\" width=\"300\" height=\"224\" srcset=\"https:\/\/blogsaverroes.juntadeandalucia.es\/ceiptiernogalvan\/files\/2022\/11\/IMG-20221125-WA0039-300x224.jpg 300w, https:\/\/blogsaverroes.juntadeandalucia.es\/ceiptiernogalvan\/files\/2022\/11\/IMG-20221125-WA0039-1024x766.jpg 1024w, https:\/\/blogsaverroes.juntadeandalucia.es\/ceiptiernogalvan\/files\/2022\/11\/IMG-20221125-WA0039-768x575.jpg 768w, https:\/\/blogsaverroes.juntadeandalucia.es\/ceiptiernogalvan\/files\/2022\/11\/IMG-20221125-WA0039-1536x1149.jpg 1536w, https:\/\/blogsaverroes.juntadeandalucia.es\/ceiptiernogalvan\/files\/2022\/11\/IMG-20221125-WA0039-700x524.jpg 700w, https:\/\/blogsaverroes.juntadeandalucia.es\/ceiptiernogalvan\/files\/2022\/11\/IMG-20221125-WA0039.jpg 1600w\" sizes=\"(max-width: 300px) 100vw, 300px\" \/><\/a><\/div>\n<div dir=\"auto\">&nbsp;<\/div>\n<div dir=\"auto\" style=\"text-align: justify\">Agradecer&nbsp; al profesorado de M\u00fasica y Educaci\u00f3n F\u00edsica y, especialmente, a todo el alumnado su implicaci\u00f3n en la actividad. Llevaban ensayando en las clases de M\u00fasica y Educaci\u00f3n F\u00edsica desde hace unas semanas y han bailado fenomenal.&nbsp; \u00a1Lo hab\u00e9is hecho genial!<\/div>\n<div dir=\"auto\">&nbsp;<\/div>\n<div dir=\"auto\" style=\"text-align: justify\">Organiza: Escuela Espacio de Paz y Plan de Igualdad del CEIP Tierno Galv\u00e1n e IES Almoraima.&nbsp;&nbsp;<\/div>\n<div dir=\"auto\" style=\"text-align: justify\">Colabora: Ayuntamiento de Castellar y Uni\u00f3n Deportiva de Castellar.<\/div>\n","protected":false},"excerpt":{"rendered":"<p>25N D\u00cdA CONTRA LA VIOLENCIA DE G\u00c9NERO &nbsp; Desde el Plan de Igualdad y Escuela Espacio de Paz del CEIP Tierno Galv\u00e1n y del IES Almoraima, se ha organizado un flasmob de la canci\u00f3n&#46;&#46;&#46;<\/p>\n","protected":false},"author":2434,"featured_media":0,"comment_status":"closed","ping_status":"closed","sticky":false,"template":"","format":"gallery","meta":{"ngg_post_thumbnail":0,"footnotes":""},"categories":[11909],"tags":[],"aioseo_notices":[],"_links":{"self":[{"href":"https:\/\/blogsaverroes.juntadeandalucia.es\/ceiptiernogalvan\/wp-json\/wp\/v2\/posts\/3979"}],"collection":[{"href":"https:\/\/blogsaverroes.juntadeandalucia.es\/ceiptiernogalvan\/wp-json\/wp\/v2\/posts"}],"about":[{"href":"https:\/\/blogsaverroes.juntadeandalucia.es\/ceiptiernogalvan\/wp-json\/wp\/v2\/types\/post"}],"author":[{"embeddable":true,"href":"https:\/\/blogsaverroes.juntadeandalucia.es\/ceiptiernogalvan\/wp-json\/wp\/v2\/users\/2434"}],"replies":[{"embeddable":true,"href":"https:\/\/blogsaverroes.juntadeandalucia.es\/ceiptiernogalvan\/wp-json\/wp\/v2\/comments?post=3979"}],"version-history":[{"count":2,"href":"https:\/\/blogsaverroes.juntadeandalucia.es\/ceiptiernogalvan\/wp-json\/wp\/v2\/posts\/3979\/revisions"}],"predecessor-version":[{"id":3993,"href":"https:\/\/blogsaverroes.juntadeandalucia.es\/ceiptiernogalvan\/wp-json\/wp\/v2\/posts\/3979\/revisions\/3993"}],"wp:attachment":[{"href":"https:\/\/blogsaverroes.juntadeandalucia.es\/ceiptiernogalvan\/wp-json\/wp\/v2\/media?parent=3979"}],"wp:term":[{"taxonomy":"category","embeddable":true,"href":"https:\/\/blogsaverroes.juntadeandalucia.es\/ceiptiernogalvan\/wp-json\/wp\/v2\/categories?post=3979"},{"taxonomy":"post_tag","embeddable":true,"href":"https:\/\/blogsaverroes.juntadeandalucia.es\/ceiptiernogalvan\/wp-json\/wp\/v2\/tags?post=3979"}],"curies":[{"name":"wp","href":"https:\/\/api.w.org\/{rel}","templated":true}]}}