{"id":4817,"date":"2026-02-22T13:59:41","date_gmt":"2026-02-22T13:59:41","guid":{"rendered":"https:\/\/blogsaverroes.juntadeandalucia.es\/ceiptiernogalvan\/?p=4817"},"modified":"2026-02-22T13:59:41","modified_gmt":"2026-02-22T13:59:41","slug":"carnaval-2026","status":"publish","type":"post","link":"https:\/\/blogsaverroes.juntadeandalucia.es\/ceiptiernogalvan\/2026\/02\/22\/carnaval-2026\/","title":{"rendered":"CARNAVAL 2026"},"content":{"rendered":"<p data-start=\"78\" data-end=\"399\">Desde el equipo directivo, queremos expresar nuestro agradecimiento a todos los maestros y maestras por su trabajo y dedicaci\u00f3n en la celebraci\u00f3n de nuestro Carnaval. Gracias por vuestra implicaci\u00f3n, creatividad y entusiasmo, que han hecho posible que nuestros ni\u00f1os y ni\u00f1as vivan una experiencia tan especial y llena de alegr\u00eda.<\/p>\n<p data-start=\"401\" data-end=\"687\">Un reconocimiento muy especial para la se\u00f1o Sara, autora de la chirigota, por su talento, esfuerzo y cari\u00f1o al preparar una actuaci\u00f3n tan divertida y significativa. Y tambi\u00e9n a la se\u00f1o Irene, por su gran implicaci\u00f3n y compromiso en la organizaci\u00f3n y desarrollo de la fiesta de Carnaval.<\/p>\n<p data-start=\"689\" data-end=\"845\">Agradecemos igualmente a las familias, por su colaboraci\u00f3n constante, su apoyo y su participaci\u00f3n activa, que hacen que cada actividad sea a\u00fan m\u00e1s especial.<\/p>\n<p data-start=\"847\" data-end=\"1021\">Y, por supuesto, , nuestro agradecimiento a la AMPA y al <span class=\"hover:entity-accent entity-underline inline cursor-pointer align-baseline\"><span class=\"whitespace-normal\">Ayuntamiento<\/span><\/span> por su apoyo y colaboraci\u00f3n, fundamentales para que esta celebraci\u00f3n haya sido todo un \u00e9xito.<\/p>\n<p data-start=\"1023\" data-end=\"1089\" data-is-last-node=\"\" data-is-only-node=\"\">Gracias a todos por hacer del Carnaval una fiesta inolvidable.<\/p>\n<p data-start=\"1023\" data-end=\"1089\" data-is-last-node=\"\" data-is-only-node=\"\"><a href=\"https:\/\/drive.google.com\/file\/d\/1IVBqw07fmABAiDupLgr8JnPzWvPFOkXy\/view?usp=sharing\">https:\/\/drive.google.com\/file\/d\/1IVBqw07fmABAiDupLgr8JnPzWvPFOkXy\/view?usp=sharing<\/a><\/p>\n<p data-start=\"1023\" data-end=\"1089\" data-is-last-node=\"\" data-is-only-node=\"\">&nbsp;<\/p>\n<p data-start=\"1023\" data-end=\"1089\" data-is-last-node=\"\" data-is-only-node=\"\">&nbsp;<\/p>\n","protected":false},"excerpt":{"rendered":"<p>Desde el equipo directivo, queremos expresar nuestro agradecimiento a todos los maestros y maestras por su trabajo y dedicaci\u00f3n en la celebraci\u00f3n de nuestro Carnaval. Gracias por vuestra implicaci\u00f3n, creatividad y entusiasmo, que han&#46;&#46;&#46;<\/p>\n","protected":false},"author":2434,"featured_media":0,"comment_status":"closed","ping_status":"closed","sticky":false,"template":"","format":"standard","meta":{"ngg_post_thumbnail":0,"footnotes":""},"categories":[11909],"tags":[],"aioseo_notices":[],"_links":{"self":[{"href":"https:\/\/blogsaverroes.juntadeandalucia.es\/ceiptiernogalvan\/wp-json\/wp\/v2\/posts\/4817"}],"collection":[{"href":"https:\/\/blogsaverroes.juntadeandalucia.es\/ceiptiernogalvan\/wp-json\/wp\/v2\/posts"}],"about":[{"href":"https:\/\/blogsaverroes.juntadeandalucia.es\/ceiptiernogalvan\/wp-json\/wp\/v2\/types\/post"}],"author":[{"embeddable":true,"href":"https:\/\/blogsaverroes.juntadeandalucia.es\/ceiptiernogalvan\/wp-json\/wp\/v2\/users\/2434"}],"replies":[{"embeddable":true,"href":"https:\/\/blogsaverroes.juntadeandalucia.es\/ceiptiernogalvan\/wp-json\/wp\/v2\/comments?post=4817"}],"version-history":[{"count":1,"href":"https:\/\/blogsaverroes.juntadeandalucia.es\/ceiptiernogalvan\/wp-json\/wp\/v2\/posts\/4817\/revisions"}],"predecessor-version":[{"id":4818,"href":"https:\/\/blogsaverroes.juntadeandalucia.es\/ceiptiernogalvan\/wp-json\/wp\/v2\/posts\/4817\/revisions\/4818"}],"wp:attachment":[{"href":"https:\/\/blogsaverroes.juntadeandalucia.es\/ceiptiernogalvan\/wp-json\/wp\/v2\/media?parent=4817"}],"wp:term":[{"taxonomy":"category","embeddable":true,"href":"https:\/\/blogsaverroes.juntadeandalucia.es\/ceiptiernogalvan\/wp-json\/wp\/v2\/categories?post=4817"},{"taxonomy":"post_tag","embeddable":true,"href":"https:\/\/blogsaverroes.juntadeandalucia.es\/ceiptiernogalvan\/wp-json\/wp\/v2\/tags?post=4817"}],"curies":[{"name":"wp","href":"https:\/\/api.w.org\/{rel}","templated":true}]}}