{"id":1468,"date":"2021-02-12T15:57:00","date_gmt":"2021-02-12T15:57:00","guid":{"rendered":"http:\/\/blogsaverroes.juntadeandalucia.es\/ceiptiernogalvancadiz\/?guid=ffe565b83d0b5a546c74de0806c6493c"},"modified":"2021-02-12T15:57:49","modified_gmt":"2021-02-12T15:57:49","slug":"carnaval-carnaval-2","status":"publish","type":"post","link":"https:\/\/blogsaverroes.juntadeandalucia.es\/ceiptiernogalvancadiz\/2021\/02\/12\/carnaval-carnaval-2\/","title":{"rendered":"Carnaval, carnaval"},"content":{"rendered":"<div class=\"separator\" style=\"clear: both; text-align: center;\">  <a href=\"https:\/\/lh3.googleusercontent.com\/-WiQAzTnDhtQ\/YCalYcgkAcI\/AAAAAAAAS-Q\/olJZRvpDGTowLGRJVNrCk3xb50ymohmLwCLcBGAsYHQ\/s1600\/1613145439136332-0.png\" imageanchor=\"1\" style=\"margin-left: 1em; margin-right: 1em;\">    <img decoding=\"async\" border=\"0\"   src=\"https:\/\/lh3.googleusercontent.com\/-WiQAzTnDhtQ\/YCalYcgkAcI\/AAAAAAAAS-Q\/olJZRvpDGTowLGRJVNrCk3xb50ymohmLwCLcBGAsYHQ\/s1600\/1613145439136332-0.png\" width=\"400\">  <\/a><\/div>\n<div><\/div>\n<div>\n<div class=\"separator\" style=\"clear: both; text-align: center;\">  <a href=\"https:\/\/lh3.googleusercontent.com\/-ZMRBjC9-X-4\/YCalXfgU82I\/AAAAAAAAS-M\/Bkx0ueseECEWteTsb4mNqRlX1spM2DykgCLcBGAsYHQ\/s1600\/1613145434782384-1.png\" imageanchor=\"1\" style=\"margin-left: 1em; margin-right: 1em;\">    <img decoding=\"async\" border=\"0\"   src=\"https:\/\/lh3.googleusercontent.com\/-ZMRBjC9-X-4\/YCalXfgU82I\/AAAAAAAAS-M\/Bkx0ueseECEWteTsb4mNqRlX1spM2DykgCLcBGAsYHQ\/s1600\/1613145434782384-1.png\" width=\"400\">  <\/a><\/div>\n<p>Feliz Carnaval a todos y todas. Los ni\u00f1os y ni\u00f1as de las clases azul y roja se lo han pasado muy bien prepar\u00e1ndose para el carnaval<\/p><\/div>\n","protected":false},"excerpt":{"rendered":"<p>                Feliz Carnaval a todos y todas. Los ni\u00f1os y ni\u00f1as de las clases azul y roja se lo han pasado muy bien prepar\u00e1ndose para el carnaval<\/p>\n","protected":false},"author":12061,"featured_media":0,"comment_status":"closed","ping_status":"closed","sticky":false,"template":"","format":"standard","meta":{"ngg_post_thumbnail":0,"footnotes":""},"categories":[831056,16],"tags":[],"aioseo_notices":[],"_links":{"self":[{"href":"https:\/\/blogsaverroes.juntadeandalucia.es\/ceiptiernogalvancadiz\/wp-json\/wp\/v2\/posts\/1468"}],"collection":[{"href":"https:\/\/blogsaverroes.juntadeandalucia.es\/ceiptiernogalvancadiz\/wp-json\/wp\/v2\/posts"}],"about":[{"href":"https:\/\/blogsaverroes.juntadeandalucia.es\/ceiptiernogalvancadiz\/wp-json\/wp\/v2\/types\/post"}],"author":[{"embeddable":true,"href":"https:\/\/blogsaverroes.juntadeandalucia.es\/ceiptiernogalvancadiz\/wp-json\/wp\/v2\/users\/12061"}],"replies":[{"embeddable":true,"href":"https:\/\/blogsaverroes.juntadeandalucia.es\/ceiptiernogalvancadiz\/wp-json\/wp\/v2\/comments?post=1468"}],"version-history":[{"count":1,"href":"https:\/\/blogsaverroes.juntadeandalucia.es\/ceiptiernogalvancadiz\/wp-json\/wp\/v2\/posts\/1468\/revisions"}],"predecessor-version":[{"id":1469,"href":"https:\/\/blogsaverroes.juntadeandalucia.es\/ceiptiernogalvancadiz\/wp-json\/wp\/v2\/posts\/1468\/revisions\/1469"}],"wp:attachment":[{"href":"https:\/\/blogsaverroes.juntadeandalucia.es\/ceiptiernogalvancadiz\/wp-json\/wp\/v2\/media?parent=1468"}],"wp:term":[{"taxonomy":"category","embeddable":true,"href":"https:\/\/blogsaverroes.juntadeandalucia.es\/ceiptiernogalvancadiz\/wp-json\/wp\/v2\/categories?post=1468"},{"taxonomy":"post_tag","embeddable":true,"href":"https:\/\/blogsaverroes.juntadeandalucia.es\/ceiptiernogalvancadiz\/wp-json\/wp\/v2\/tags?post=1468"}],"curies":[{"name":"wp","href":"https:\/\/api.w.org\/{rel}","templated":true}]}}