{"id":1504,"date":"2020-09-01T07:27:00","date_gmt":"2020-09-01T07:27:00","guid":{"rendered":"http:\/\/blogsaverroes.juntadeandalucia.es\/ceiptiernogalvancadiz\/?guid=277612b5ee0b1f3144a6036f330bb1f7"},"modified":"2020-09-01T07:27:49","modified_gmt":"2020-09-01T07:27:49","slug":"protocolos-covid","status":"publish","type":"post","link":"https:\/\/blogsaverroes.juntadeandalucia.es\/ceiptiernogalvancadiz\/2020\/09\/01\/protocolos-covid\/","title":{"rendered":"PROTOCOLOS COVID"},"content":{"rendered":"<p>&nbsp;<span style=\"background-color: #ffd966; color: white; font-family: verdana; font-size: large;\">Queridas familias, os dejo por aqu\u00ed informaci\u00f3n y protocolos para la comunidad educativa general en los accesos al centro.<\/span><\/p>\n<p><span style=\"background-color: #ffd966; color: white; font-family: verdana; font-size: large;\"><br \/><\/span><\/p>\n<\/p>\n<div class=\"separator\" style=\"clear: both; text-align: center;\"><a href=\"https:\/\/1.bp.blogspot.com\/-yco5mYHGgyA\/X0328EbK9bI\/AAAAAAAAAPw\/6U6gfbh3aYM-_Csr396hE2v-9aaOluVbgCLcBGAsYHQ\/s450\/1%2Bpicto.jpg\" imageanchor=\"1\" style=\"margin-left: 1em; margin-right: 1em;\"><img decoding=\"async\" border=\"0\" data-original-height=\"450\" data-original-width=\"321\" src=\"https:\/\/1.bp.blogspot.com\/-yco5mYHGgyA\/X0328EbK9bI\/AAAAAAAAAPw\/6U6gfbh3aYM-_Csr396hE2v-9aaOluVbgCLcBGAsYHQ\/s0\/1%2Bpicto.jpg\" \/><\/a><\/div>\n<p><\/p>\n<div class=\"separator\" style=\"clear: both; text-align: center;\"><a href=\"https:\/\/1.bp.blogspot.com\/-6pdmIDDmfuk\/X03279t7foI\/AAAAAAAAAPo\/RLu8O3jA8dAaeemLfXcIMnu_-sVLk1wmACLcBGAsYHQ\/s450\/2%2Bpicto.jpg\" imageanchor=\"1\" style=\"margin-left: 1em; margin-right: 1em;\"><img decoding=\"async\" border=\"0\" data-original-height=\"450\" data-original-width=\"318\" src=\"https:\/\/1.bp.blogspot.com\/-6pdmIDDmfuk\/X03279t7foI\/AAAAAAAAAPo\/RLu8O3jA8dAaeemLfXcIMnu_-sVLk1wmACLcBGAsYHQ\/s0\/2%2Bpicto.jpg\" \/><\/a><\/div>\n<p><\/p>\n<div class=\"separator\" style=\"clear: both; text-align: center;\"><a href=\"https:\/\/1.bp.blogspot.com\/-LY6G3u3v3Ec\/X0328I89GoI\/AAAAAAAAAPs\/M95gnIrJSyIbIoP5NSPmBI1a3lHq4JmmACLcBGAsYHQ\/s350\/3%2Bpicto.jpg\" imageanchor=\"1\" style=\"margin-left: 1em; margin-right: 1em;\"><img decoding=\"async\" border=\"0\" data-original-height=\"350\" data-original-width=\"248\" src=\"https:\/\/1.bp.blogspot.com\/-LY6G3u3v3Ec\/X0328I89GoI\/AAAAAAAAAPs\/M95gnIrJSyIbIoP5NSPmBI1a3lHq4JmmACLcBGAsYHQ\/s0\/3%2Bpicto.jpg\" \/><\/a><\/div>\n<p><\/p>\n<div class=\"separator\" style=\"clear: both; text-align: center;\"><a href=\"https:\/\/1.bp.blogspot.com\/-vlww3vfLqIA\/X0328vSRrfI\/AAAAAAAAAP0\/5ZS2Fehtjhcof5csm98qkzPranLWCoeoQCLcBGAsYHQ\/s450\/4%2Bpicto.jpg\" imageanchor=\"1\" style=\"margin-left: 1em; margin-right: 1em;\"><img decoding=\"async\" border=\"0\" data-original-height=\"450\" data-original-width=\"318\" src=\"https:\/\/1.bp.blogspot.com\/-vlww3vfLqIA\/X0328vSRrfI\/AAAAAAAAAP0\/5ZS2Fehtjhcof5csm98qkzPranLWCoeoQCLcBGAsYHQ\/s0\/4%2Bpicto.jpg\" \/><\/a><\/div>\n<p><span style=\"color: white; font-family: verdana; font-size: large;\"><span style=\"background-color: #ffd966;\">En esta semana, iniciamos las reuniones de trabajo y lecturas de documentaci\u00f3n del alumnado, siendo la pr\u00f3xima semana cuando mantendremos una reuni\u00f3n telem\u00e1tica con las familias para informar de las decisiones tomadas a nivel de centro en relaci\u00f3n a la situaci\u00f3n de pandemia.&nbsp;<\/span><\/span><\/p>\n<p><span style=\"color: white; font-family: verdana; font-size: large;\"><span style=\"background-color: #ffd966;\"><br \/><\/span><\/span><\/p>\n<p><span style=\"color: white; font-family: verdana; font-size: large;\"><span style=\"background-color: #ffd966;\">Como tutora, mantenemos el contacto habitual, v\u00eda WhatsApp, Mail, Drive, Blog, S\u00e9neca, para resolveros cualquier duda o incertidumbre que teng\u00e1is.<\/span><\/span><\/p>\n<p><span style=\"color: white; font-family: verdana; font-size: large;\"><span style=\"background-color: #ffd966;\"><br \/><\/span><\/span><\/p>\n<p><span style=\"color: white; font-family: verdana; font-size: large;\"><span style=\"background-color: #ffd966;\">Abrazos!!!<\/span><\/span><\/p>\n","protected":false},"excerpt":{"rendered":"<p>&nbsp;Queridas familias, os dejo por aqu\u00ed informaci\u00f3n y protocolos para la comunidad educativa general en los accesos al centro.En esta semana, iniciamos las reuniones de trabajo y lecturas de documentaci\u00f3n del alumnado, siendo la pr\u00f3xima semana cuando&#8230;<\/p>\n","protected":false},"author":12525,"featured_media":0,"comment_status":"closed","ping_status":"closed","sticky":false,"template":"","format":"standard","meta":{"ngg_post_thumbnail":0,"footnotes":""},"categories":[26636,16],"tags":[],"aioseo_notices":[],"_links":{"self":[{"href":"https:\/\/blogsaverroes.juntadeandalucia.es\/ceiptiernogalvancadiz\/wp-json\/wp\/v2\/posts\/1504"}],"collection":[{"href":"https:\/\/blogsaverroes.juntadeandalucia.es\/ceiptiernogalvancadiz\/wp-json\/wp\/v2\/posts"}],"about":[{"href":"https:\/\/blogsaverroes.juntadeandalucia.es\/ceiptiernogalvancadiz\/wp-json\/wp\/v2\/types\/post"}],"author":[{"embeddable":true,"href":"https:\/\/blogsaverroes.juntadeandalucia.es\/ceiptiernogalvancadiz\/wp-json\/wp\/v2\/users\/12525"}],"replies":[{"embeddable":true,"href":"https:\/\/blogsaverroes.juntadeandalucia.es\/ceiptiernogalvancadiz\/wp-json\/wp\/v2\/comments?post=1504"}],"version-history":[{"count":1,"href":"https:\/\/blogsaverroes.juntadeandalucia.es\/ceiptiernogalvancadiz\/wp-json\/wp\/v2\/posts\/1504\/revisions"}],"predecessor-version":[{"id":1505,"href":"https:\/\/blogsaverroes.juntadeandalucia.es\/ceiptiernogalvancadiz\/wp-json\/wp\/v2\/posts\/1504\/revisions\/1505"}],"wp:attachment":[{"href":"https:\/\/blogsaverroes.juntadeandalucia.es\/ceiptiernogalvancadiz\/wp-json\/wp\/v2\/media?parent=1504"}],"wp:term":[{"taxonomy":"category","embeddable":true,"href":"https:\/\/blogsaverroes.juntadeandalucia.es\/ceiptiernogalvancadiz\/wp-json\/wp\/v2\/categories?post=1504"},{"taxonomy":"post_tag","embeddable":true,"href":"https:\/\/blogsaverroes.juntadeandalucia.es\/ceiptiernogalvancadiz\/wp-json\/wp\/v2\/tags?post=1504"}],"curies":[{"name":"wp","href":"https:\/\/api.w.org\/{rel}","templated":true}]}}