{"id":3086,"date":"2022-01-26T18:50:30","date_gmt":"2022-01-26T18:50:30","guid":{"rendered":"https:\/\/blogsaverroes.juntadeandalucia.es\/ceiptiernogalvanrincondelavictoria\/?p=3086"},"modified":"2022-01-26T19:23:33","modified_gmt":"2022-01-26T19:23:33","slug":"enfermedades-cronicas-urgencias-escolares","status":"publish","type":"post","link":"https:\/\/blogsaverroes.juntadeandalucia.es\/ceiptiernogalvanrincondelavictoria\/2022\/01\/26\/enfermedades-cronicas-urgencias-escolares\/","title":{"rendered":"Enfermedades cr\u00f3nicas. Urgencias escolares."},"content":{"rendered":"<p style=\"text-align: justify\"><a href=\"https:\/\/blogsaverroes.juntadeandalucia.es\/ceiptiernogalvanrincondelavictoria\/files\/2022\/01\/Foto-Carolina-150x150-1.jpeg\"><img loading=\"lazy\" decoding=\"async\" class=\"size-thumbnail wp-image-3087 alignleft\" src=\"https:\/\/blogsaverroes.juntadeandalucia.es\/ceiptiernogalvanrincondelavictoria\/files\/2022\/01\/Foto-Carolina-150x150-1-150x150.jpeg\" alt=\"\" width=\"150\" height=\"150\" srcset=\"https:\/\/blogsaverroes.juntadeandalucia.es\/ceiptiernogalvanrincondelavictoria\/files\/2022\/01\/Foto-Carolina-150x150-1.jpeg 150w, https:\/\/blogsaverroes.juntadeandalucia.es\/ceiptiernogalvanrincondelavictoria\/files\/2022\/01\/Foto-Carolina-150x150-1-80x80.jpeg 80w\" sizes=\"(max-width: 150px) 100vw, 150px\" \/><\/a> En el d\u00eda de ayer, martes 25 de enero, el Claustro de nuestro centro hemos sido part\u00edcipes de una charla informativa, a cargo de la m\u00e9dica <a href=\"https:\/\/autografia.es\/book-author\/carolina-garcia-cuellar\/\" target=\"_blank\" rel=\"noopener noreferrer\">D\u00aa Carolina Garc\u00eda Cuellar<\/a>, perteneciente al EOE, a trav\u00e9s de la cual nos ha presentado las enfermedades cr\u00f3nicas m\u00e1s comunes que se suelen presentar en el alumnado as\u00ed como las pautas a seguir en caso de urgencia.<\/p>\n","protected":false},"excerpt":{"rendered":"<p>En el d\u00eda de ayer, martes 25 de enero, el Claustro de nuestro centro hemos sido part\u00edcipes de una charla informativa, a cargo de la m\u00e9dica D\u00aa Carolina Garc\u00eda Cuellar, perteneciente al EOE, a&#46;&#46;&#46;<\/p>\n","protected":false},"author":8365,"featured_media":3089,"comment_status":"open","ping_status":"open","sticky":false,"template":"","format":"standard","meta":{"ngg_post_thumbnail":0,"footnotes":""},"categories":[526],"tags":[],"aioseo_notices":[],"_links":{"self":[{"href":"https:\/\/blogsaverroes.juntadeandalucia.es\/ceiptiernogalvanrincondelavictoria\/wp-json\/wp\/v2\/posts\/3086"}],"collection":[{"href":"https:\/\/blogsaverroes.juntadeandalucia.es\/ceiptiernogalvanrincondelavictoria\/wp-json\/wp\/v2\/posts"}],"about":[{"href":"https:\/\/blogsaverroes.juntadeandalucia.es\/ceiptiernogalvanrincondelavictoria\/wp-json\/wp\/v2\/types\/post"}],"author":[{"embeddable":true,"href":"https:\/\/blogsaverroes.juntadeandalucia.es\/ceiptiernogalvanrincondelavictoria\/wp-json\/wp\/v2\/users\/8365"}],"replies":[{"embeddable":true,"href":"https:\/\/blogsaverroes.juntadeandalucia.es\/ceiptiernogalvanrincondelavictoria\/wp-json\/wp\/v2\/comments?post=3086"}],"version-history":[{"count":5,"href":"https:\/\/blogsaverroes.juntadeandalucia.es\/ceiptiernogalvanrincondelavictoria\/wp-json\/wp\/v2\/posts\/3086\/revisions"}],"predecessor-version":[{"id":3097,"href":"https:\/\/blogsaverroes.juntadeandalucia.es\/ceiptiernogalvanrincondelavictoria\/wp-json\/wp\/v2\/posts\/3086\/revisions\/3097"}],"wp:featuredmedia":[{"embeddable":true,"href":"https:\/\/blogsaverroes.juntadeandalucia.es\/ceiptiernogalvanrincondelavictoria\/wp-json\/wp\/v2\/media\/3089"}],"wp:attachment":[{"href":"https:\/\/blogsaverroes.juntadeandalucia.es\/ceiptiernogalvanrincondelavictoria\/wp-json\/wp\/v2\/media?parent=3086"}],"wp:term":[{"taxonomy":"category","embeddable":true,"href":"https:\/\/blogsaverroes.juntadeandalucia.es\/ceiptiernogalvanrincondelavictoria\/wp-json\/wp\/v2\/categories?post=3086"},{"taxonomy":"post_tag","embeddable":true,"href":"https:\/\/blogsaverroes.juntadeandalucia.es\/ceiptiernogalvanrincondelavictoria\/wp-json\/wp\/v2\/tags?post=3086"}],"curies":[{"name":"wp","href":"https:\/\/api.w.org\/{rel}","templated":true}]}}