{"id":12155,"date":"2025-02-06T10:57:15","date_gmt":"2025-02-06T10:57:15","guid":{"rendered":"https:\/\/blogsaverroes.juntadeandalucia.es\/ceiptiernogalvansevilla\/?p=12155"},"modified":"2025-02-06T10:57:15","modified_gmt":"2025-02-06T10:57:15","slug":"arbol-de-los-valientes-4o-primaria","status":"publish","type":"post","link":"https:\/\/blogsaverroes.juntadeandalucia.es\/ceiptiernogalvansevilla\/2025\/02\/06\/arbol-de-los-valientes-4o-primaria\/","title":{"rendered":"\u00ab\u00c1RBOL DE LOS VALIENTES\u00bb (4\u00ba Primaria)"},"content":{"rendered":"<h3 style=\"text-align: center\"><span style=\"color: #000000\"><strong>LA TUTOR\u00cdA DE 4\u00ba DE EDUCACI\u00d3N PRIMARIA HA COMENZADO A TRABAJAR LA ACTIVIDAD PROPUESTA DESDE EL PLAN DE CONVIVENCIA, Y QUE COMENZ\u00d3 EL D\u00cdA DE LA PAZ (30 DE ENERO DE 2025). <\/strong><\/span><\/h3>\n<h3 style=\"text-align: center\"><span style=\"color: #000000\"><strong>LOS ALUMNOS COMIENZAN A COLOCAR SUS PRIMERAS HOJAS COMO CONSECUENCIA DE SUS M\u00c9RITOS LOGRADOS EN EL D\u00cdA A D\u00cdA. <\/strong><\/span><\/h3>\n<h3 style=\"text-align: center\"><span style=\"color: #000000\"><strong>\u00a1ENHORABUENA!:<\/strong><\/span><\/h3>\n<p style=\"text-align: center\"><a href=\"https:\/\/blogsaverroes.juntadeandalucia.es\/ceiptiernogalvansevilla\/files\/2025\/02\/20250206_103611.jpg\"><img fetchpriority=\"high\" decoding=\"async\" class=\"aligncenter size-medium wp-image-12156\" src=\"https:\/\/blogsaverroes.juntadeandalucia.es\/ceiptiernogalvansevilla\/files\/2025\/02\/20250206_103611-300x263.jpg\" alt=\"\" width=\"300\" height=\"263\" srcset=\"https:\/\/blogsaverroes.juntadeandalucia.es\/ceiptiernogalvansevilla\/files\/2025\/02\/20250206_103611-300x263.jpg 300w, https:\/\/blogsaverroes.juntadeandalucia.es\/ceiptiernogalvansevilla\/files\/2025\/02\/20250206_103611-1024x897.jpg 1024w, https:\/\/blogsaverroes.juntadeandalucia.es\/ceiptiernogalvansevilla\/files\/2025\/02\/20250206_103611-768x673.jpg 768w, https:\/\/blogsaverroes.juntadeandalucia.es\/ceiptiernogalvansevilla\/files\/2025\/02\/20250206_103611-1536x1345.jpg 1536w, https:\/\/blogsaverroes.juntadeandalucia.es\/ceiptiernogalvansevilla\/files\/2025\/02\/20250206_103611.jpg 1600w\" sizes=\"(max-width: 300px) 100vw, 300px\" \/><\/a> <a href=\"https:\/\/blogsaverroes.juntadeandalucia.es\/ceiptiernogalvansevilla\/files\/2025\/02\/IMG-20250206-WA0009.jpg\"><img decoding=\"async\" class=\"aligncenter size-medium wp-image-12157\" src=\"https:\/\/blogsaverroes.juntadeandalucia.es\/ceiptiernogalvansevilla\/files\/2025\/02\/IMG-20250206-WA0009-225x300.jpg\" alt=\"\" width=\"225\" height=\"300\" srcset=\"https:\/\/blogsaverroes.juntadeandalucia.es\/ceiptiernogalvansevilla\/files\/2025\/02\/IMG-20250206-WA0009-225x300.jpg 225w, https:\/\/blogsaverroes.juntadeandalucia.es\/ceiptiernogalvansevilla\/files\/2025\/02\/IMG-20250206-WA0009-768x1024.jpg 768w, https:\/\/blogsaverroes.juntadeandalucia.es\/ceiptiernogalvansevilla\/files\/2025\/02\/IMG-20250206-WA0009-1152x1536.jpg 1152w, https:\/\/blogsaverroes.juntadeandalucia.es\/ceiptiernogalvansevilla\/files\/2025\/02\/IMG-20250206-WA0009.jpg 1200w\" sizes=\"(max-width: 225px) 100vw, 225px\" \/><\/a> <a href=\"https:\/\/blogsaverroes.juntadeandalucia.es\/ceiptiernogalvansevilla\/files\/2025\/02\/IMG-20250206-WA0007.jpg\"><img decoding=\"async\" class=\"aligncenter size-medium wp-image-12158\" src=\"https:\/\/blogsaverroes.juntadeandalucia.es\/ceiptiernogalvansevilla\/files\/2025\/02\/IMG-20250206-WA0007-225x300.jpg\" alt=\"\" width=\"225\" height=\"300\" srcset=\"https:\/\/blogsaverroes.juntadeandalucia.es\/ceiptiernogalvansevilla\/files\/2025\/02\/IMG-20250206-WA0007-225x300.jpg 225w, https:\/\/blogsaverroes.juntadeandalucia.es\/ceiptiernogalvansevilla\/files\/2025\/02\/IMG-20250206-WA0007-768x1024.jpg 768w, https:\/\/blogsaverroes.juntadeandalucia.es\/ceiptiernogalvansevilla\/files\/2025\/02\/IMG-20250206-WA0007-1152x1536.jpg 1152w, https:\/\/blogsaverroes.juntadeandalucia.es\/ceiptiernogalvansevilla\/files\/2025\/02\/IMG-20250206-WA0007.jpg 1200w\" sizes=\"(max-width: 225px) 100vw, 225px\" \/><\/a> <a href=\"https:\/\/blogsaverroes.juntadeandalucia.es\/ceiptiernogalvansevilla\/files\/2025\/02\/IMG-20250206-WA0008.jpg\"><img loading=\"lazy\" decoding=\"async\" class=\"aligncenter size-medium wp-image-12159\" src=\"https:\/\/blogsaverroes.juntadeandalucia.es\/ceiptiernogalvansevilla\/files\/2025\/02\/IMG-20250206-WA0008-225x300.jpg\" alt=\"\" width=\"225\" height=\"300\" srcset=\"https:\/\/blogsaverroes.juntadeandalucia.es\/ceiptiernogalvansevilla\/files\/2025\/02\/IMG-20250206-WA0008-225x300.jpg 225w, https:\/\/blogsaverroes.juntadeandalucia.es\/ceiptiernogalvansevilla\/files\/2025\/02\/IMG-20250206-WA0008-768x1024.jpg 768w, https:\/\/blogsaverroes.juntadeandalucia.es\/ceiptiernogalvansevilla\/files\/2025\/02\/IMG-20250206-WA0008-1152x1536.jpg 1152w, https:\/\/blogsaverroes.juntadeandalucia.es\/ceiptiernogalvansevilla\/files\/2025\/02\/IMG-20250206-WA0008.jpg 1200w\" sizes=\"(max-width: 225px) 100vw, 225px\" \/><\/a> <a href=\"https:\/\/blogsaverroes.juntadeandalucia.es\/ceiptiernogalvansevilla\/files\/2025\/02\/IMG-20250206-WA0005.jpg\"><img loading=\"lazy\" decoding=\"async\" class=\"aligncenter size-medium wp-image-12160\" src=\"https:\/\/blogsaverroes.juntadeandalucia.es\/ceiptiernogalvansevilla\/files\/2025\/02\/IMG-20250206-WA0005-225x300.jpg\" alt=\"\" width=\"225\" height=\"300\" srcset=\"https:\/\/blogsaverroes.juntadeandalucia.es\/ceiptiernogalvansevilla\/files\/2025\/02\/IMG-20250206-WA0005-225x300.jpg 225w, https:\/\/blogsaverroes.juntadeandalucia.es\/ceiptiernogalvansevilla\/files\/2025\/02\/IMG-20250206-WA0005-768x1024.jpg 768w, https:\/\/blogsaverroes.juntadeandalucia.es\/ceiptiernogalvansevilla\/files\/2025\/02\/IMG-20250206-WA0005-1152x1536.jpg 1152w, https:\/\/blogsaverroes.juntadeandalucia.es\/ceiptiernogalvansevilla\/files\/2025\/02\/IMG-20250206-WA0005.jpg 1200w\" sizes=\"(max-width: 225px) 100vw, 225px\" \/><\/a> <a href=\"https:\/\/blogsaverroes.juntadeandalucia.es\/ceiptiernogalvansevilla\/files\/2025\/02\/IMG-20250206-WA0004.jpg\"><img loading=\"lazy\" decoding=\"async\" class=\"aligncenter size-medium wp-image-12161\" src=\"https:\/\/blogsaverroes.juntadeandalucia.es\/ceiptiernogalvansevilla\/files\/2025\/02\/IMG-20250206-WA0004-225x300.jpg\" alt=\"\" width=\"225\" height=\"300\" srcset=\"https:\/\/blogsaverroes.juntadeandalucia.es\/ceiptiernogalvansevilla\/files\/2025\/02\/IMG-20250206-WA0004-225x300.jpg 225w, https:\/\/blogsaverroes.juntadeandalucia.es\/ceiptiernogalvansevilla\/files\/2025\/02\/IMG-20250206-WA0004-768x1024.jpg 768w, https:\/\/blogsaverroes.juntadeandalucia.es\/ceiptiernogalvansevilla\/files\/2025\/02\/IMG-20250206-WA0004-1152x1536.jpg 1152w, https:\/\/blogsaverroes.juntadeandalucia.es\/ceiptiernogalvansevilla\/files\/2025\/02\/IMG-20250206-WA0004.jpg 1200w\" sizes=\"(max-width: 225px) 100vw, 225px\" \/><\/a> <a href=\"https:\/\/blogsaverroes.juntadeandalucia.es\/ceiptiernogalvansevilla\/files\/2025\/02\/IMG-20250206-WA0003.jpg\"><img loading=\"lazy\" decoding=\"async\" class=\"aligncenter size-medium wp-image-12162\" src=\"https:\/\/blogsaverroes.juntadeandalucia.es\/ceiptiernogalvansevilla\/files\/2025\/02\/IMG-20250206-WA0003-225x300.jpg\" alt=\"\" width=\"225\" height=\"300\" srcset=\"https:\/\/blogsaverroes.juntadeandalucia.es\/ceiptiernogalvansevilla\/files\/2025\/02\/IMG-20250206-WA0003-225x300.jpg 225w, https:\/\/blogsaverroes.juntadeandalucia.es\/ceiptiernogalvansevilla\/files\/2025\/02\/IMG-20250206-WA0003-768x1024.jpg 768w, https:\/\/blogsaverroes.juntadeandalucia.es\/ceiptiernogalvansevilla\/files\/2025\/02\/IMG-20250206-WA0003-1152x1536.jpg 1152w, https:\/\/blogsaverroes.juntadeandalucia.es\/ceiptiernogalvansevilla\/files\/2025\/02\/IMG-20250206-WA0003.jpg 1200w\" sizes=\"(max-width: 225px) 100vw, 225px\" \/><\/a><\/p>\n<p>&nbsp;<\/p>\n","protected":false},"excerpt":{"rendered":"<p>LA TUTOR\u00cdA DE 4\u00ba DE EDUCACI\u00d3N PRIMARIA HA COMENZADO A TRABAJAR LA ACTIVIDAD PROPUESTA DESDE EL PLAN DE CONVIVENCIA, Y QUE COMENZ\u00d3 EL D\u00cdA DE LA PAZ (30 DE ENERO DE 2025). LOS ALUMNOS&#46;&#46;&#46;<\/p>\n","protected":false},"author":6788,"featured_media":12163,"comment_status":"open","ping_status":"open","sticky":false,"template":"","format":"standard","meta":{"ngg_post_thumbnail":0,"footnotes":""},"categories":[11909],"tags":[],"aioseo_notices":[],"_links":{"self":[{"href":"https:\/\/blogsaverroes.juntadeandalucia.es\/ceiptiernogalvansevilla\/wp-json\/wp\/v2\/posts\/12155"}],"collection":[{"href":"https:\/\/blogsaverroes.juntadeandalucia.es\/ceiptiernogalvansevilla\/wp-json\/wp\/v2\/posts"}],"about":[{"href":"https:\/\/blogsaverroes.juntadeandalucia.es\/ceiptiernogalvansevilla\/wp-json\/wp\/v2\/types\/post"}],"author":[{"embeddable":true,"href":"https:\/\/blogsaverroes.juntadeandalucia.es\/ceiptiernogalvansevilla\/wp-json\/wp\/v2\/users\/6788"}],"replies":[{"embeddable":true,"href":"https:\/\/blogsaverroes.juntadeandalucia.es\/ceiptiernogalvansevilla\/wp-json\/wp\/v2\/comments?post=12155"}],"version-history":[{"count":1,"href":"https:\/\/blogsaverroes.juntadeandalucia.es\/ceiptiernogalvansevilla\/wp-json\/wp\/v2\/posts\/12155\/revisions"}],"predecessor-version":[{"id":12164,"href":"https:\/\/blogsaverroes.juntadeandalucia.es\/ceiptiernogalvansevilla\/wp-json\/wp\/v2\/posts\/12155\/revisions\/12164"}],"wp:featuredmedia":[{"embeddable":true,"href":"https:\/\/blogsaverroes.juntadeandalucia.es\/ceiptiernogalvansevilla\/wp-json\/wp\/v2\/media\/12163"}],"wp:attachment":[{"href":"https:\/\/blogsaverroes.juntadeandalucia.es\/ceiptiernogalvansevilla\/wp-json\/wp\/v2\/media?parent=12155"}],"wp:term":[{"taxonomy":"category","embeddable":true,"href":"https:\/\/blogsaverroes.juntadeandalucia.es\/ceiptiernogalvansevilla\/wp-json\/wp\/v2\/categories?post=12155"},{"taxonomy":"post_tag","embeddable":true,"href":"https:\/\/blogsaverroes.juntadeandalucia.es\/ceiptiernogalvansevilla\/wp-json\/wp\/v2\/tags?post=12155"}],"curies":[{"name":"wp","href":"https:\/\/api.w.org\/{rel}","templated":true}]}}