{"id":3304,"date":"2020-03-20T12:25:46","date_gmt":"2020-03-20T12:25:46","guid":{"rendered":"https:\/\/blogsaverroes.juntadeandalucia.es\/ceiptiernogalvansevilla\/?p=3304"},"modified":"2020-03-20T12:28:25","modified_gmt":"2020-03-20T12:28:25","slug":"3304","status":"publish","type":"post","link":"https:\/\/blogsaverroes.juntadeandalucia.es\/ceiptiernogalvansevilla\/2020\/03\/20\/3304\/","title":{"rendered":"Informaci\u00f3n para el alumnado de nuevo ingreso en nuestro centro"},"content":{"rendered":"<p>Os damos indicaciones de c\u00f3mo pod\u00e9is poneros en contacto con el centro para las matriculaciones de alumnado de nuevo ingreso.<\/p>\n<p>Mucho \u00e1nimo y un saludo.<\/p>\n<p><a href=\"https:\/\/blogsaverroes.juntadeandalucia.es\/ceiptiernogalvansevilla\/files\/2020\/03\/Secretario.jpg\"><img fetchpriority=\"high\" decoding=\"async\" class=\"aligncenter wp-image-3305 size-large\" src=\"https:\/\/blogsaverroes.juntadeandalucia.es\/ceiptiernogalvansevilla\/files\/2020\/03\/Secretario-1024x571.jpg\" alt=\"\" width=\"1024\" height=\"571\" srcset=\"https:\/\/blogsaverroes.juntadeandalucia.es\/ceiptiernogalvansevilla\/files\/2020\/03\/Secretario-1024x571.jpg 1024w, https:\/\/blogsaverroes.juntadeandalucia.es\/ceiptiernogalvansevilla\/files\/2020\/03\/Secretario-300x167.jpg 300w, https:\/\/blogsaverroes.juntadeandalucia.es\/ceiptiernogalvansevilla\/files\/2020\/03\/Secretario-768x429.jpg 768w, https:\/\/blogsaverroes.juntadeandalucia.es\/ceiptiernogalvansevilla\/files\/2020\/03\/Secretario-24x13.jpg 24w, https:\/\/blogsaverroes.juntadeandalucia.es\/ceiptiernogalvansevilla\/files\/2020\/03\/Secretario-36x20.jpg 36w, https:\/\/blogsaverroes.juntadeandalucia.es\/ceiptiernogalvansevilla\/files\/2020\/03\/Secretario-48x27.jpg 48w, https:\/\/blogsaverroes.juntadeandalucia.es\/ceiptiernogalvansevilla\/files\/2020\/03\/Secretario.jpg 1095w\" sizes=\"(max-width: 1024px) 100vw, 1024px\" \/><\/a><\/p>\n","protected":false},"excerpt":{"rendered":"<p>Os damos indicaciones de c\u00f3mo pod\u00e9is poneros en contacto con el centro para las matriculaciones de alumnado de nuevo ingreso. Mucho \u00e1nimo y un saludo.<\/p>\n","protected":false},"author":6788,"featured_media":0,"comment_status":"open","ping_status":"open","sticky":false,"template":"","format":"standard","meta":{"ngg_post_thumbnail":0,"footnotes":""},"categories":[28],"tags":[],"aioseo_notices":[],"_links":{"self":[{"href":"https:\/\/blogsaverroes.juntadeandalucia.es\/ceiptiernogalvansevilla\/wp-json\/wp\/v2\/posts\/3304"}],"collection":[{"href":"https:\/\/blogsaverroes.juntadeandalucia.es\/ceiptiernogalvansevilla\/wp-json\/wp\/v2\/posts"}],"about":[{"href":"https:\/\/blogsaverroes.juntadeandalucia.es\/ceiptiernogalvansevilla\/wp-json\/wp\/v2\/types\/post"}],"author":[{"embeddable":true,"href":"https:\/\/blogsaverroes.juntadeandalucia.es\/ceiptiernogalvansevilla\/wp-json\/wp\/v2\/users\/6788"}],"replies":[{"embeddable":true,"href":"https:\/\/blogsaverroes.juntadeandalucia.es\/ceiptiernogalvansevilla\/wp-json\/wp\/v2\/comments?post=3304"}],"version-history":[{"count":4,"href":"https:\/\/blogsaverroes.juntadeandalucia.es\/ceiptiernogalvansevilla\/wp-json\/wp\/v2\/posts\/3304\/revisions"}],"predecessor-version":[{"id":3309,"href":"https:\/\/blogsaverroes.juntadeandalucia.es\/ceiptiernogalvansevilla\/wp-json\/wp\/v2\/posts\/3304\/revisions\/3309"}],"wp:attachment":[{"href":"https:\/\/blogsaverroes.juntadeandalucia.es\/ceiptiernogalvansevilla\/wp-json\/wp\/v2\/media?parent=3304"}],"wp:term":[{"taxonomy":"category","embeddable":true,"href":"https:\/\/blogsaverroes.juntadeandalucia.es\/ceiptiernogalvansevilla\/wp-json\/wp\/v2\/categories?post=3304"},{"taxonomy":"post_tag","embeddable":true,"href":"https:\/\/blogsaverroes.juntadeandalucia.es\/ceiptiernogalvansevilla\/wp-json\/wp\/v2\/tags?post=3304"}],"curies":[{"name":"wp","href":"https:\/\/api.w.org\/{rel}","templated":true}]}}