{"id":3521,"date":"2020-10-21T12:18:18","date_gmt":"2020-10-21T12:18:18","guid":{"rendered":"https:\/\/blogsaverroes.juntadeandalucia.es\/ceiptiernogalvansevilla\/?p=3521"},"modified":"2020-10-21T12:19:05","modified_gmt":"2020-10-21T12:19:05","slug":"22-de-octubre","status":"publish","type":"post","link":"https:\/\/blogsaverroes.juntadeandalucia.es\/ceiptiernogalvansevilla\/2020\/10\/21\/22-de-octubre\/","title":{"rendered":"22 DE OCTUBRE"},"content":{"rendered":"<p>Buenas tardes.&nbsp;<\/p>\n<p>Les comunicamos que el centro continuar\u00e1 <strong>cerrado ma\u00f1ana jueves<\/strong> y que las<strong> clases presenciales<\/strong> se retomar\u00e1n el <strong>viernes, 23 de octubre.&nbsp;<\/strong><\/p>\n<p>Saludos.&nbsp;<\/p>\n","protected":false},"excerpt":{"rendered":"<p>Buenas tardes.&nbsp; Les comunicamos que el centro continuar\u00e1 cerrado ma\u00f1ana jueves y que las clases presenciales se retomar\u00e1n el viernes, 23 de octubre.&nbsp; Saludos.&nbsp;<\/p>\n","protected":false},"author":6788,"featured_media":0,"comment_status":"open","ping_status":"open","sticky":false,"template":"","format":"standard","meta":{"ngg_post_thumbnail":0,"footnotes":""},"categories":[28],"tags":[],"aioseo_notices":[],"_links":{"self":[{"href":"https:\/\/blogsaverroes.juntadeandalucia.es\/ceiptiernogalvansevilla\/wp-json\/wp\/v2\/posts\/3521"}],"collection":[{"href":"https:\/\/blogsaverroes.juntadeandalucia.es\/ceiptiernogalvansevilla\/wp-json\/wp\/v2\/posts"}],"about":[{"href":"https:\/\/blogsaverroes.juntadeandalucia.es\/ceiptiernogalvansevilla\/wp-json\/wp\/v2\/types\/post"}],"author":[{"embeddable":true,"href":"https:\/\/blogsaverroes.juntadeandalucia.es\/ceiptiernogalvansevilla\/wp-json\/wp\/v2\/users\/6788"}],"replies":[{"embeddable":true,"href":"https:\/\/blogsaverroes.juntadeandalucia.es\/ceiptiernogalvansevilla\/wp-json\/wp\/v2\/comments?post=3521"}],"version-history":[{"count":2,"href":"https:\/\/blogsaverroes.juntadeandalucia.es\/ceiptiernogalvansevilla\/wp-json\/wp\/v2\/posts\/3521\/revisions"}],"predecessor-version":[{"id":3523,"href":"https:\/\/blogsaverroes.juntadeandalucia.es\/ceiptiernogalvansevilla\/wp-json\/wp\/v2\/posts\/3521\/revisions\/3523"}],"wp:attachment":[{"href":"https:\/\/blogsaverroes.juntadeandalucia.es\/ceiptiernogalvansevilla\/wp-json\/wp\/v2\/media?parent=3521"}],"wp:term":[{"taxonomy":"category","embeddable":true,"href":"https:\/\/blogsaverroes.juntadeandalucia.es\/ceiptiernogalvansevilla\/wp-json\/wp\/v2\/categories?post=3521"},{"taxonomy":"post_tag","embeddable":true,"href":"https:\/\/blogsaverroes.juntadeandalucia.es\/ceiptiernogalvansevilla\/wp-json\/wp\/v2\/tags?post=3521"}],"curies":[{"name":"wp","href":"https:\/\/api.w.org\/{rel}","templated":true}]}}