{"id":3929,"date":"2021-04-29T15:27:01","date_gmt":"2021-04-29T15:27:01","guid":{"rendered":"https:\/\/blogsaverroes.juntadeandalucia.es\/ceiptiernogalvansevilla\/?p=3929"},"modified":"2021-04-29T15:27:01","modified_gmt":"2021-04-29T15:27:01","slug":"programa-impulsa-2020-2021","status":"publish","type":"post","link":"https:\/\/blogsaverroes.juntadeandalucia.es\/ceiptiernogalvansevilla\/2021\/04\/29\/programa-impulsa-2020-2021\/","title":{"rendered":"PROGRAMA IMPULSA 2020-2021"},"content":{"rendered":"<p>Al igual que el a\u00f1o pasado, el alumnado de Tercer Ciclo del colegio (5\u00ba y 6\u00ba de Educaci\u00f3n Primaria) est\u00e1 disfrutando y aprendiendo much\u00edsimo con los talleres organizados por el Programa Impulsa.&nbsp;<\/p>\n<p>Estos son los que se han trabajado y los que se van a abordar estos dos meses que quedan:&nbsp;<\/p>\n<p><a href=\"https:\/\/blogsaverroes.juntadeandalucia.es\/ceiptiernogalvansevilla\/files\/2021\/04\/Cartel_Impulsa_20_21_page-0001-scaled.jpg\"><img fetchpriority=\"high\" decoding=\"async\" class=\"alignleft wp-image-3930 size-large\" src=\"https:\/\/blogsaverroes.juntadeandalucia.es\/ceiptiernogalvansevilla\/files\/2021\/04\/Cartel_Impulsa_20_21_page-0001-724x1024.jpg\" alt=\"\" width=\"724\" height=\"1024\" srcset=\"https:\/\/blogsaverroes.juntadeandalucia.es\/ceiptiernogalvansevilla\/files\/2021\/04\/Cartel_Impulsa_20_21_page-0001-724x1024.jpg 724w, https:\/\/blogsaverroes.juntadeandalucia.es\/ceiptiernogalvansevilla\/files\/2021\/04\/Cartel_Impulsa_20_21_page-0001-212x300.jpg 212w, https:\/\/blogsaverroes.juntadeandalucia.es\/ceiptiernogalvansevilla\/files\/2021\/04\/Cartel_Impulsa_20_21_page-0001-768x1086.jpg 768w, https:\/\/blogsaverroes.juntadeandalucia.es\/ceiptiernogalvansevilla\/files\/2021\/04\/Cartel_Impulsa_20_21_page-0001-1086x1536.jpg 1086w, https:\/\/blogsaverroes.juntadeandalucia.es\/ceiptiernogalvansevilla\/files\/2021\/04\/Cartel_Impulsa_20_21_page-0001-1448x2048.jpg 1448w, https:\/\/blogsaverroes.juntadeandalucia.es\/ceiptiernogalvansevilla\/files\/2021\/04\/Cartel_Impulsa_20_21_page-0001-scaled.jpg 1131w\" sizes=\"(max-width: 724px) 100vw, 724px\" \/><\/a> <a href=\"https:\/\/blogsaverroes.juntadeandalucia.es\/ceiptiernogalvansevilla\/files\/2021\/04\/CCF_000257_page-0001.jpg\"><img decoding=\"async\" class=\"aligncenter wp-image-3931 size-large\" src=\"https:\/\/blogsaverroes.juntadeandalucia.es\/ceiptiernogalvansevilla\/files\/2021\/04\/CCF_000257_page-0001-718x1024.jpg\" alt=\"\" width=\"718\" height=\"1024\" srcset=\"https:\/\/blogsaverroes.juntadeandalucia.es\/ceiptiernogalvansevilla\/files\/2021\/04\/CCF_000257_page-0001-718x1024.jpg 718w, https:\/\/blogsaverroes.juntadeandalucia.es\/ceiptiernogalvansevilla\/files\/2021\/04\/CCF_000257_page-0001-210x300.jpg 210w, https:\/\/blogsaverroes.juntadeandalucia.es\/ceiptiernogalvansevilla\/files\/2021\/04\/CCF_000257_page-0001-768x1095.jpg 768w, https:\/\/blogsaverroes.juntadeandalucia.es\/ceiptiernogalvansevilla\/files\/2021\/04\/CCF_000257_page-0001-1077x1536.jpg 1077w, https:\/\/blogsaverroes.juntadeandalucia.es\/ceiptiernogalvansevilla\/files\/2021\/04\/CCF_000257_page-0001.jpg 1122w\" sizes=\"(max-width: 718px) 100vw, 718px\" \/><\/a><\/p>\n<p>&nbsp;<\/p>\n<p>Y a continuaci\u00f3n os dejamos algunas fotos de estos talleres.<\/p>\n<p style=\"text-align: center\"><span style=\"color: #339966\"><strong>TALLER DE QU\u00cdMICA OLEOVIDA<\/strong><\/span><\/p>\n\n\t\t<style>\n\t\t\t#gallery-1 {\n\t\t\t\tmargin: auto;\n\t\t\t}\n\t\t\t#gallery-1 .gallery-item {\n\t\t\t\tfloat: left;\n\t\t\t\tmargin-top: 10px;\n\t\t\t\ttext-align: center;\n\t\t\t\twidth: 33%;\n\t\t\t}\n\t\t\t#gallery-1 img {\n\t\t\t\tborder: 2px solid #cfcfcf;\n\t\t\t}\n\t\t\t#gallery-1 .gallery-caption {\n\t\t\t\tmargin-left: 0;\n\t\t\t}\n\t\t\t\/* see gallery_shortcode() in wp-includes\/media.php *\/\n\t\t<\/style>\n\t\t<div id='gallery-1' class='gallery galleryid-3929 gallery-columns-3 gallery-size-large'><dl class='gallery-item'>\n\t\t\t<dt class='gallery-icon landscape'>\n\t\t\t\t<a href='https:\/\/blogsaverroes.juntadeandalucia.es\/ceiptiernogalvansevilla\/2021\/04\/29\/programa-impulsa-2020-2021\/attachment\/13\/'><img decoding=\"async\" width=\"1024\" height=\"769\" src=\"https:\/\/blogsaverroes.juntadeandalucia.es\/ceiptiernogalvansevilla\/files\/2021\/04\/13-1024x769.jpg\" class=\"attachment-large size-large\" alt=\"\" srcset=\"https:\/\/blogsaverroes.juntadeandalucia.es\/ceiptiernogalvansevilla\/files\/2021\/04\/13-1024x769.jpg 1024w, https:\/\/blogsaverroes.juntadeandalucia.es\/ceiptiernogalvansevilla\/files\/2021\/04\/13-300x225.jpg 300w, https:\/\/blogsaverroes.juntadeandalucia.es\/ceiptiernogalvansevilla\/files\/2021\/04\/13-768x577.jpg 768w, https:\/\/blogsaverroes.juntadeandalucia.es\/ceiptiernogalvansevilla\/files\/2021\/04\/13-1536x1154.jpg 1536w, https:\/\/blogsaverroes.juntadeandalucia.es\/ceiptiernogalvansevilla\/files\/2021\/04\/13.jpg 1600w\" sizes=\"(max-width: 1024px) 100vw, 1024px\" \/><\/a>\n\t\t\t<\/dt><\/dl><dl class='gallery-item'>\n\t\t\t<dt class='gallery-icon landscape'>\n\t\t\t\t<a href='https:\/\/blogsaverroes.juntadeandalucia.es\/ceiptiernogalvansevilla\/2021\/04\/29\/programa-impulsa-2020-2021\/attachment\/14\/'><img loading=\"lazy\" decoding=\"async\" width=\"1024\" height=\"769\" src=\"https:\/\/blogsaverroes.juntadeandalucia.es\/ceiptiernogalvansevilla\/files\/2021\/04\/14-1024x769.jpg\" class=\"attachment-large size-large\" alt=\"\" srcset=\"https:\/\/blogsaverroes.juntadeandalucia.es\/ceiptiernogalvansevilla\/files\/2021\/04\/14-1024x769.jpg 1024w, https:\/\/blogsaverroes.juntadeandalucia.es\/ceiptiernogalvansevilla\/files\/2021\/04\/14-300x225.jpg 300w, https:\/\/blogsaverroes.juntadeandalucia.es\/ceiptiernogalvansevilla\/files\/2021\/04\/14-768x577.jpg 768w, https:\/\/blogsaverroes.juntadeandalucia.es\/ceiptiernogalvansevilla\/files\/2021\/04\/14-1536x1154.jpg 1536w, https:\/\/blogsaverroes.juntadeandalucia.es\/ceiptiernogalvansevilla\/files\/2021\/04\/14.jpg 1600w\" sizes=\"(max-width: 1024px) 100vw, 1024px\" \/><\/a>\n\t\t\t<\/dt><\/dl><dl class='gallery-item'>\n\t\t\t<dt class='gallery-icon portrait'>\n\t\t\t\t<a href='https:\/\/blogsaverroes.juntadeandalucia.es\/ceiptiernogalvansevilla\/2021\/04\/29\/programa-impulsa-2020-2021\/1-2\/'><img loading=\"lazy\" decoding=\"async\" width=\"769\" height=\"1024\" src=\"https:\/\/blogsaverroes.juntadeandalucia.es\/ceiptiernogalvansevilla\/files\/2021\/04\/1-769x1024.jpg\" class=\"attachment-large size-large\" alt=\"\" srcset=\"https:\/\/blogsaverroes.juntadeandalucia.es\/ceiptiernogalvansevilla\/files\/2021\/04\/1-769x1024.jpg 769w, https:\/\/blogsaverroes.juntadeandalucia.es\/ceiptiernogalvansevilla\/files\/2021\/04\/1-225x300.jpg 225w, https:\/\/blogsaverroes.juntadeandalucia.es\/ceiptiernogalvansevilla\/files\/2021\/04\/1-768x1022.jpg 768w, https:\/\/blogsaverroes.juntadeandalucia.es\/ceiptiernogalvansevilla\/files\/2021\/04\/1-1154x1536.jpg 1154w, https:\/\/blogsaverroes.juntadeandalucia.es\/ceiptiernogalvansevilla\/files\/2021\/04\/1.jpg 1202w\" sizes=\"(max-width: 769px) 100vw, 769px\" \/><\/a>\n\t\t\t<\/dt><\/dl><br style=\"clear: both\" \/><dl class='gallery-item'>\n\t\t\t<dt class='gallery-icon portrait'>\n\t\t\t\t<a href='https:\/\/blogsaverroes.juntadeandalucia.es\/ceiptiernogalvansevilla\/2021\/04\/29\/programa-impulsa-2020-2021\/2-2\/'><img loading=\"lazy\" decoding=\"async\" width=\"769\" height=\"1024\" src=\"https:\/\/blogsaverroes.juntadeandalucia.es\/ceiptiernogalvansevilla\/files\/2021\/04\/2-769x1024.jpg\" class=\"attachment-large size-large\" alt=\"\" srcset=\"https:\/\/blogsaverroes.juntadeandalucia.es\/ceiptiernogalvansevilla\/files\/2021\/04\/2-769x1024.jpg 769w, https:\/\/blogsaverroes.juntadeandalucia.es\/ceiptiernogalvansevilla\/files\/2021\/04\/2-225x300.jpg 225w, https:\/\/blogsaverroes.juntadeandalucia.es\/ceiptiernogalvansevilla\/files\/2021\/04\/2-768x1022.jpg 768w, https:\/\/blogsaverroes.juntadeandalucia.es\/ceiptiernogalvansevilla\/files\/2021\/04\/2-1154x1536.jpg 1154w, https:\/\/blogsaverroes.juntadeandalucia.es\/ceiptiernogalvansevilla\/files\/2021\/04\/2.jpg 1202w\" sizes=\"(max-width: 769px) 100vw, 769px\" \/><\/a>\n\t\t\t<\/dt><\/dl><dl class='gallery-item'>\n\t\t\t<dt class='gallery-icon landscape'>\n\t\t\t\t<a href='https:\/\/blogsaverroes.juntadeandalucia.es\/ceiptiernogalvansevilla\/2021\/04\/29\/programa-impulsa-2020-2021\/3-2\/'><img loading=\"lazy\" decoding=\"async\" width=\"1024\" height=\"769\" src=\"https:\/\/blogsaverroes.juntadeandalucia.es\/ceiptiernogalvansevilla\/files\/2021\/04\/3-1024x769.jpg\" class=\"attachment-large size-large\" alt=\"\" srcset=\"https:\/\/blogsaverroes.juntadeandalucia.es\/ceiptiernogalvansevilla\/files\/2021\/04\/3-1024x769.jpg 1024w, https:\/\/blogsaverroes.juntadeandalucia.es\/ceiptiernogalvansevilla\/files\/2021\/04\/3-300x225.jpg 300w, https:\/\/blogsaverroes.juntadeandalucia.es\/ceiptiernogalvansevilla\/files\/2021\/04\/3-768x577.jpg 768w, https:\/\/blogsaverroes.juntadeandalucia.es\/ceiptiernogalvansevilla\/files\/2021\/04\/3-1536x1154.jpg 1536w, https:\/\/blogsaverroes.juntadeandalucia.es\/ceiptiernogalvansevilla\/files\/2021\/04\/3.jpg 1600w\" sizes=\"(max-width: 1024px) 100vw, 1024px\" \/><\/a>\n\t\t\t<\/dt><\/dl><dl class='gallery-item'>\n\t\t\t<dt class='gallery-icon landscape'>\n\t\t\t\t<a href='https:\/\/blogsaverroes.juntadeandalucia.es\/ceiptiernogalvansevilla\/2021\/04\/29\/programa-impulsa-2020-2021\/4-2\/'><img loading=\"lazy\" decoding=\"async\" width=\"1024\" height=\"769\" src=\"https:\/\/blogsaverroes.juntadeandalucia.es\/ceiptiernogalvansevilla\/files\/2021\/04\/4-1024x769.jpg\" class=\"attachment-large size-large\" alt=\"\" srcset=\"https:\/\/blogsaverroes.juntadeandalucia.es\/ceiptiernogalvansevilla\/files\/2021\/04\/4-1024x769.jpg 1024w, https:\/\/blogsaverroes.juntadeandalucia.es\/ceiptiernogalvansevilla\/files\/2021\/04\/4-300x225.jpg 300w, https:\/\/blogsaverroes.juntadeandalucia.es\/ceiptiernogalvansevilla\/files\/2021\/04\/4-768x577.jpg 768w, https:\/\/blogsaverroes.juntadeandalucia.es\/ceiptiernogalvansevilla\/files\/2021\/04\/4-1536x1154.jpg 1536w, https:\/\/blogsaverroes.juntadeandalucia.es\/ceiptiernogalvansevilla\/files\/2021\/04\/4.jpg 1600w\" sizes=\"(max-width: 1024px) 100vw, 1024px\" \/><\/a>\n\t\t\t<\/dt><\/dl><br style=\"clear: both\" \/><dl class='gallery-item'>\n\t\t\t<dt class='gallery-icon portrait'>\n\t\t\t\t<a href='https:\/\/blogsaverroes.juntadeandalucia.es\/ceiptiernogalvansevilla\/2021\/04\/29\/programa-impulsa-2020-2021\/attachment\/5\/'><img loading=\"lazy\" decoding=\"async\" width=\"769\" height=\"1024\" src=\"https:\/\/blogsaverroes.juntadeandalucia.es\/ceiptiernogalvansevilla\/files\/2021\/04\/5-769x1024.jpg\" class=\"attachment-large size-large\" alt=\"\" srcset=\"https:\/\/blogsaverroes.juntadeandalucia.es\/ceiptiernogalvansevilla\/files\/2021\/04\/5-769x1024.jpg 769w, https:\/\/blogsaverroes.juntadeandalucia.es\/ceiptiernogalvansevilla\/files\/2021\/04\/5-225x300.jpg 225w, https:\/\/blogsaverroes.juntadeandalucia.es\/ceiptiernogalvansevilla\/files\/2021\/04\/5-768x1022.jpg 768w, https:\/\/blogsaverroes.juntadeandalucia.es\/ceiptiernogalvansevilla\/files\/2021\/04\/5-1154x1536.jpg 1154w, https:\/\/blogsaverroes.juntadeandalucia.es\/ceiptiernogalvansevilla\/files\/2021\/04\/5.jpg 1202w\" sizes=\"(max-width: 769px) 100vw, 769px\" \/><\/a>\n\t\t\t<\/dt><\/dl><dl class='gallery-item'>\n\t\t\t<dt class='gallery-icon landscape'>\n\t\t\t\t<a href='https:\/\/blogsaverroes.juntadeandalucia.es\/ceiptiernogalvansevilla\/2021\/04\/29\/programa-impulsa-2020-2021\/6-2\/'><img loading=\"lazy\" decoding=\"async\" width=\"1024\" height=\"769\" src=\"https:\/\/blogsaverroes.juntadeandalucia.es\/ceiptiernogalvansevilla\/files\/2021\/04\/6-1024x769.jpg\" class=\"attachment-large size-large\" alt=\"\" srcset=\"https:\/\/blogsaverroes.juntadeandalucia.es\/ceiptiernogalvansevilla\/files\/2021\/04\/6-1024x769.jpg 1024w, https:\/\/blogsaverroes.juntadeandalucia.es\/ceiptiernogalvansevilla\/files\/2021\/04\/6-300x225.jpg 300w, https:\/\/blogsaverroes.juntadeandalucia.es\/ceiptiernogalvansevilla\/files\/2021\/04\/6-768x577.jpg 768w, https:\/\/blogsaverroes.juntadeandalucia.es\/ceiptiernogalvansevilla\/files\/2021\/04\/6-1536x1154.jpg 1536w, https:\/\/blogsaverroes.juntadeandalucia.es\/ceiptiernogalvansevilla\/files\/2021\/04\/6.jpg 1600w\" sizes=\"(max-width: 1024px) 100vw, 1024px\" \/><\/a>\n\t\t\t<\/dt><\/dl><dl class='gallery-item'>\n\t\t\t<dt class='gallery-icon landscape'>\n\t\t\t\t<a href='https:\/\/blogsaverroes.juntadeandalucia.es\/ceiptiernogalvansevilla\/2021\/04\/29\/programa-impulsa-2020-2021\/7-2\/'><img loading=\"lazy\" decoding=\"async\" width=\"1024\" height=\"769\" src=\"https:\/\/blogsaverroes.juntadeandalucia.es\/ceiptiernogalvansevilla\/files\/2021\/04\/7-1024x769.jpg\" class=\"attachment-large size-large\" alt=\"\" srcset=\"https:\/\/blogsaverroes.juntadeandalucia.es\/ceiptiernogalvansevilla\/files\/2021\/04\/7-1024x769.jpg 1024w, https:\/\/blogsaverroes.juntadeandalucia.es\/ceiptiernogalvansevilla\/files\/2021\/04\/7-300x225.jpg 300w, https:\/\/blogsaverroes.juntadeandalucia.es\/ceiptiernogalvansevilla\/files\/2021\/04\/7-768x577.jpg 768w, https:\/\/blogsaverroes.juntadeandalucia.es\/ceiptiernogalvansevilla\/files\/2021\/04\/7-1536x1154.jpg 1536w, https:\/\/blogsaverroes.juntadeandalucia.es\/ceiptiernogalvansevilla\/files\/2021\/04\/7.jpg 1600w\" sizes=\"(max-width: 1024px) 100vw, 1024px\" \/><\/a>\n\t\t\t<\/dt><\/dl><br style=\"clear: both\" \/><dl class='gallery-item'>\n\t\t\t<dt class='gallery-icon portrait'>\n\t\t\t\t<a href='https:\/\/blogsaverroes.juntadeandalucia.es\/ceiptiernogalvansevilla\/2021\/04\/29\/programa-impulsa-2020-2021\/8-2\/'><img loading=\"lazy\" decoding=\"async\" width=\"769\" height=\"1024\" src=\"https:\/\/blogsaverroes.juntadeandalucia.es\/ceiptiernogalvansevilla\/files\/2021\/04\/8-769x1024.jpg\" class=\"attachment-large size-large\" alt=\"\" srcset=\"https:\/\/blogsaverroes.juntadeandalucia.es\/ceiptiernogalvansevilla\/files\/2021\/04\/8-769x1024.jpg 769w, https:\/\/blogsaverroes.juntadeandalucia.es\/ceiptiernogalvansevilla\/files\/2021\/04\/8-225x300.jpg 225w, https:\/\/blogsaverroes.juntadeandalucia.es\/ceiptiernogalvansevilla\/files\/2021\/04\/8-768x1022.jpg 768w, https:\/\/blogsaverroes.juntadeandalucia.es\/ceiptiernogalvansevilla\/files\/2021\/04\/8-1154x1536.jpg 1154w, https:\/\/blogsaverroes.juntadeandalucia.es\/ceiptiernogalvansevilla\/files\/2021\/04\/8.jpg 1202w\" sizes=\"(max-width: 769px) 100vw, 769px\" \/><\/a>\n\t\t\t<\/dt><\/dl><dl class='gallery-item'>\n\t\t\t<dt class='gallery-icon portrait'>\n\t\t\t\t<a href='https:\/\/blogsaverroes.juntadeandalucia.es\/ceiptiernogalvansevilla\/2021\/04\/29\/programa-impulsa-2020-2021\/9-2\/'><img loading=\"lazy\" decoding=\"async\" width=\"769\" height=\"1024\" src=\"https:\/\/blogsaverroes.juntadeandalucia.es\/ceiptiernogalvansevilla\/files\/2021\/04\/9-769x1024.jpg\" class=\"attachment-large size-large\" alt=\"\" srcset=\"https:\/\/blogsaverroes.juntadeandalucia.es\/ceiptiernogalvansevilla\/files\/2021\/04\/9-769x1024.jpg 769w, https:\/\/blogsaverroes.juntadeandalucia.es\/ceiptiernogalvansevilla\/files\/2021\/04\/9-225x300.jpg 225w, https:\/\/blogsaverroes.juntadeandalucia.es\/ceiptiernogalvansevilla\/files\/2021\/04\/9-768x1022.jpg 768w, https:\/\/blogsaverroes.juntadeandalucia.es\/ceiptiernogalvansevilla\/files\/2021\/04\/9-1154x1536.jpg 1154w, https:\/\/blogsaverroes.juntadeandalucia.es\/ceiptiernogalvansevilla\/files\/2021\/04\/9.jpg 1202w\" sizes=\"(max-width: 769px) 100vw, 769px\" \/><\/a>\n\t\t\t<\/dt><\/dl><dl class='gallery-item'>\n\t\t\t<dt class='gallery-icon landscape'>\n\t\t\t\t<a href='https:\/\/blogsaverroes.juntadeandalucia.es\/ceiptiernogalvansevilla\/2021\/04\/29\/programa-impulsa-2020-2021\/attachment\/10\/'><img loading=\"lazy\" decoding=\"async\" width=\"1024\" height=\"769\" src=\"https:\/\/blogsaverroes.juntadeandalucia.es\/ceiptiernogalvansevilla\/files\/2021\/04\/10-1024x769.jpg\" class=\"attachment-large size-large\" alt=\"\" srcset=\"https:\/\/blogsaverroes.juntadeandalucia.es\/ceiptiernogalvansevilla\/files\/2021\/04\/10-1024x769.jpg 1024w, https:\/\/blogsaverroes.juntadeandalucia.es\/ceiptiernogalvansevilla\/files\/2021\/04\/10-300x225.jpg 300w, https:\/\/blogsaverroes.juntadeandalucia.es\/ceiptiernogalvansevilla\/files\/2021\/04\/10-768x577.jpg 768w, https:\/\/blogsaverroes.juntadeandalucia.es\/ceiptiernogalvansevilla\/files\/2021\/04\/10-1536x1154.jpg 1536w, https:\/\/blogsaverroes.juntadeandalucia.es\/ceiptiernogalvansevilla\/files\/2021\/04\/10.jpg 1600w\" sizes=\"(max-width: 1024px) 100vw, 1024px\" \/><\/a>\n\t\t\t<\/dt><\/dl><br style=\"clear: both\" \/><dl class='gallery-item'>\n\t\t\t<dt class='gallery-icon landscape'>\n\t\t\t\t<a href='https:\/\/blogsaverroes.juntadeandalucia.es\/ceiptiernogalvansevilla\/2021\/04\/29\/programa-impulsa-2020-2021\/attachment\/11\/'><img loading=\"lazy\" decoding=\"async\" width=\"1024\" height=\"769\" src=\"https:\/\/blogsaverroes.juntadeandalucia.es\/ceiptiernogalvansevilla\/files\/2021\/04\/11-1024x769.jpg\" class=\"attachment-large size-large\" alt=\"\" srcset=\"https:\/\/blogsaverroes.juntadeandalucia.es\/ceiptiernogalvansevilla\/files\/2021\/04\/11-1024x769.jpg 1024w, https:\/\/blogsaverroes.juntadeandalucia.es\/ceiptiernogalvansevilla\/files\/2021\/04\/11-300x225.jpg 300w, https:\/\/blogsaverroes.juntadeandalucia.es\/ceiptiernogalvansevilla\/files\/2021\/04\/11-768x577.jpg 768w, https:\/\/blogsaverroes.juntadeandalucia.es\/ceiptiernogalvansevilla\/files\/2021\/04\/11-1536x1154.jpg 1536w, https:\/\/blogsaverroes.juntadeandalucia.es\/ceiptiernogalvansevilla\/files\/2021\/04\/11.jpg 1600w\" sizes=\"(max-width: 1024px) 100vw, 1024px\" \/><\/a>\n\t\t\t<\/dt><\/dl><dl class='gallery-item'>\n\t\t\t<dt class='gallery-icon landscape'>\n\t\t\t\t<a href='https:\/\/blogsaverroes.juntadeandalucia.es\/ceiptiernogalvansevilla\/2021\/04\/29\/programa-impulsa-2020-2021\/attachment\/12\/'><img loading=\"lazy\" decoding=\"async\" width=\"1024\" height=\"769\" src=\"https:\/\/blogsaverroes.juntadeandalucia.es\/ceiptiernogalvansevilla\/files\/2021\/04\/12-1024x769.jpg\" class=\"attachment-large size-large\" alt=\"\" srcset=\"https:\/\/blogsaverroes.juntadeandalucia.es\/ceiptiernogalvansevilla\/files\/2021\/04\/12-1024x769.jpg 1024w, https:\/\/blogsaverroes.juntadeandalucia.es\/ceiptiernogalvansevilla\/files\/2021\/04\/12-300x225.jpg 300w, https:\/\/blogsaverroes.juntadeandalucia.es\/ceiptiernogalvansevilla\/files\/2021\/04\/12-768x577.jpg 768w, https:\/\/blogsaverroes.juntadeandalucia.es\/ceiptiernogalvansevilla\/files\/2021\/04\/12-1536x1154.jpg 1536w, https:\/\/blogsaverroes.juntadeandalucia.es\/ceiptiernogalvansevilla\/files\/2021\/04\/12.jpg 1600w\" sizes=\"(max-width: 1024px) 100vw, 1024px\" \/><\/a>\n\t\t\t<\/dt><\/dl>\n\t\t\t<br style='clear: both' \/>\n\t\t<\/div>\n\n<p style=\"text-align: center\"><strong><span style=\"color: #800080\">TALLER CHROMA: LA IGUALDAD NO ES UN CUENTO<\/span><\/strong><\/p>\n\n\t\t<style>\n\t\t\t#gallery-2 {\n\t\t\t\tmargin: auto;\n\t\t\t}\n\t\t\t#gallery-2 .gallery-item {\n\t\t\t\tfloat: left;\n\t\t\t\tmargin-top: 10px;\n\t\t\t\ttext-align: center;\n\t\t\t\twidth: 33%;\n\t\t\t}\n\t\t\t#gallery-2 img {\n\t\t\t\tborder: 2px solid #cfcfcf;\n\t\t\t}\n\t\t\t#gallery-2 .gallery-caption {\n\t\t\t\tmargin-left: 0;\n\t\t\t}\n\t\t\t\/* see gallery_shortcode() in wp-includes\/media.php *\/\n\t\t<\/style>\n\t\t<div id='gallery-2' class='gallery galleryid-3929 gallery-columns-3 gallery-size-large'><dl class='gallery-item'>\n\t\t\t<dt class='gallery-icon landscape'>\n\t\t\t\t<a href='https:\/\/blogsaverroes.juntadeandalucia.es\/ceiptiernogalvansevilla\/2021\/04\/29\/programa-impulsa-2020-2021\/13-2\/'><img loading=\"lazy\" decoding=\"async\" width=\"1024\" height=\"768\" src=\"https:\/\/blogsaverroes.juntadeandalucia.es\/ceiptiernogalvansevilla\/files\/2021\/04\/13-1-1024x768.jpg\" class=\"attachment-large size-large\" alt=\"\" srcset=\"https:\/\/blogsaverroes.juntadeandalucia.es\/ceiptiernogalvansevilla\/files\/2021\/04\/13-1-1024x768.jpg 1024w, https:\/\/blogsaverroes.juntadeandalucia.es\/ceiptiernogalvansevilla\/files\/2021\/04\/13-1-300x225.jpg 300w, https:\/\/blogsaverroes.juntadeandalucia.es\/ceiptiernogalvansevilla\/files\/2021\/04\/13-1-768x576.jpg 768w, https:\/\/blogsaverroes.juntadeandalucia.es\/ceiptiernogalvansevilla\/files\/2021\/04\/13-1-1536x1152.jpg 1536w, https:\/\/blogsaverroes.juntadeandalucia.es\/ceiptiernogalvansevilla\/files\/2021\/04\/13-1.jpg 1600w\" sizes=\"(max-width: 1024px) 100vw, 1024px\" \/><\/a>\n\t\t\t<\/dt><\/dl><dl class='gallery-item'>\n\t\t\t<dt class='gallery-icon landscape'>\n\t\t\t\t<a href='https:\/\/blogsaverroes.juntadeandalucia.es\/ceiptiernogalvansevilla\/2021\/04\/29\/programa-impulsa-2020-2021\/14-2\/'><img loading=\"lazy\" decoding=\"async\" width=\"1024\" height=\"768\" src=\"https:\/\/blogsaverroes.juntadeandalucia.es\/ceiptiernogalvansevilla\/files\/2021\/04\/14-1-1024x768.jpg\" class=\"attachment-large size-large\" alt=\"\" srcset=\"https:\/\/blogsaverroes.juntadeandalucia.es\/ceiptiernogalvansevilla\/files\/2021\/04\/14-1-1024x768.jpg 1024w, https:\/\/blogsaverroes.juntadeandalucia.es\/ceiptiernogalvansevilla\/files\/2021\/04\/14-1-300x225.jpg 300w, https:\/\/blogsaverroes.juntadeandalucia.es\/ceiptiernogalvansevilla\/files\/2021\/04\/14-1-768x576.jpg 768w, https:\/\/blogsaverroes.juntadeandalucia.es\/ceiptiernogalvansevilla\/files\/2021\/04\/14-1-1536x1152.jpg 1536w, https:\/\/blogsaverroes.juntadeandalucia.es\/ceiptiernogalvansevilla\/files\/2021\/04\/14-1.jpg 1600w\" sizes=\"(max-width: 1024px) 100vw, 1024px\" \/><\/a>\n\t\t\t<\/dt><\/dl><dl class='gallery-item'>\n\t\t\t<dt class='gallery-icon landscape'>\n\t\t\t\t<a href='https:\/\/blogsaverroes.juntadeandalucia.es\/ceiptiernogalvansevilla\/2021\/04\/29\/programa-impulsa-2020-2021\/attachment\/15\/'><img loading=\"lazy\" decoding=\"async\" width=\"1024\" height=\"768\" src=\"https:\/\/blogsaverroes.juntadeandalucia.es\/ceiptiernogalvansevilla\/files\/2021\/04\/15-1024x768.jpg\" class=\"attachment-large size-large\" alt=\"\" srcset=\"https:\/\/blogsaverroes.juntadeandalucia.es\/ceiptiernogalvansevilla\/files\/2021\/04\/15-1024x768.jpg 1024w, https:\/\/blogsaverroes.juntadeandalucia.es\/ceiptiernogalvansevilla\/files\/2021\/04\/15-300x225.jpg 300w, https:\/\/blogsaverroes.juntadeandalucia.es\/ceiptiernogalvansevilla\/files\/2021\/04\/15-768x576.jpg 768w, https:\/\/blogsaverroes.juntadeandalucia.es\/ceiptiernogalvansevilla\/files\/2021\/04\/15-1536x1152.jpg 1536w, https:\/\/blogsaverroes.juntadeandalucia.es\/ceiptiernogalvansevilla\/files\/2021\/04\/15.jpg 1600w\" sizes=\"(max-width: 1024px) 100vw, 1024px\" \/><\/a>\n\t\t\t<\/dt><\/dl><br style=\"clear: both\" \/><dl class='gallery-item'>\n\t\t\t<dt class='gallery-icon landscape'>\n\t\t\t\t<a href='https:\/\/blogsaverroes.juntadeandalucia.es\/ceiptiernogalvansevilla\/2021\/04\/29\/programa-impulsa-2020-2021\/attachment\/16\/'><img loading=\"lazy\" decoding=\"async\" width=\"1024\" height=\"768\" src=\"https:\/\/blogsaverroes.juntadeandalucia.es\/ceiptiernogalvansevilla\/files\/2021\/04\/16-1024x768.jpg\" class=\"attachment-large size-large\" alt=\"\" srcset=\"https:\/\/blogsaverroes.juntadeandalucia.es\/ceiptiernogalvansevilla\/files\/2021\/04\/16-1024x768.jpg 1024w, https:\/\/blogsaverroes.juntadeandalucia.es\/ceiptiernogalvansevilla\/files\/2021\/04\/16-300x225.jpg 300w, https:\/\/blogsaverroes.juntadeandalucia.es\/ceiptiernogalvansevilla\/files\/2021\/04\/16-768x576.jpg 768w, https:\/\/blogsaverroes.juntadeandalucia.es\/ceiptiernogalvansevilla\/files\/2021\/04\/16-1536x1152.jpg 1536w, https:\/\/blogsaverroes.juntadeandalucia.es\/ceiptiernogalvansevilla\/files\/2021\/04\/16.jpg 1600w\" sizes=\"(max-width: 1024px) 100vw, 1024px\" \/><\/a>\n\t\t\t<\/dt><\/dl><dl class='gallery-item'>\n\t\t\t<dt class='gallery-icon landscape'>\n\t\t\t\t<a href='https:\/\/blogsaverroes.juntadeandalucia.es\/ceiptiernogalvansevilla\/2021\/04\/29\/programa-impulsa-2020-2021\/1-3\/'><img loading=\"lazy\" decoding=\"async\" width=\"1024\" height=\"769\" src=\"https:\/\/blogsaverroes.juntadeandalucia.es\/ceiptiernogalvansevilla\/files\/2021\/04\/1-1-1024x769.jpg\" class=\"attachment-large size-large\" alt=\"\" srcset=\"https:\/\/blogsaverroes.juntadeandalucia.es\/ceiptiernogalvansevilla\/files\/2021\/04\/1-1-1024x769.jpg 1024w, https:\/\/blogsaverroes.juntadeandalucia.es\/ceiptiernogalvansevilla\/files\/2021\/04\/1-1-300x225.jpg 300w, https:\/\/blogsaverroes.juntadeandalucia.es\/ceiptiernogalvansevilla\/files\/2021\/04\/1-1-768x577.jpg 768w, https:\/\/blogsaverroes.juntadeandalucia.es\/ceiptiernogalvansevilla\/files\/2021\/04\/1-1-1536x1154.jpg 1536w, https:\/\/blogsaverroes.juntadeandalucia.es\/ceiptiernogalvansevilla\/files\/2021\/04\/1-1.jpg 1600w\" sizes=\"(max-width: 1024px) 100vw, 1024px\" \/><\/a>\n\t\t\t<\/dt><\/dl><dl class='gallery-item'>\n\t\t\t<dt class='gallery-icon landscape'>\n\t\t\t\t<a href='https:\/\/blogsaverroes.juntadeandalucia.es\/ceiptiernogalvansevilla\/2021\/04\/29\/programa-impulsa-2020-2021\/2-3\/'><img loading=\"lazy\" decoding=\"async\" width=\"1024\" height=\"769\" src=\"https:\/\/blogsaverroes.juntadeandalucia.es\/ceiptiernogalvansevilla\/files\/2021\/04\/2-1-1024x769.jpg\" class=\"attachment-large size-large\" alt=\"\" srcset=\"https:\/\/blogsaverroes.juntadeandalucia.es\/ceiptiernogalvansevilla\/files\/2021\/04\/2-1-1024x769.jpg 1024w, https:\/\/blogsaverroes.juntadeandalucia.es\/ceiptiernogalvansevilla\/files\/2021\/04\/2-1-300x225.jpg 300w, https:\/\/blogsaverroes.juntadeandalucia.es\/ceiptiernogalvansevilla\/files\/2021\/04\/2-1-768x577.jpg 768w, https:\/\/blogsaverroes.juntadeandalucia.es\/ceiptiernogalvansevilla\/files\/2021\/04\/2-1-1536x1154.jpg 1536w, https:\/\/blogsaverroes.juntadeandalucia.es\/ceiptiernogalvansevilla\/files\/2021\/04\/2-1.jpg 1600w\" sizes=\"(max-width: 1024px) 100vw, 1024px\" \/><\/a>\n\t\t\t<\/dt><\/dl><br style=\"clear: both\" \/><dl class='gallery-item'>\n\t\t\t<dt class='gallery-icon landscape'>\n\t\t\t\t<a href='https:\/\/blogsaverroes.juntadeandalucia.es\/ceiptiernogalvansevilla\/2021\/04\/29\/programa-impulsa-2020-2021\/3-3\/'><img loading=\"lazy\" decoding=\"async\" width=\"1024\" height=\"769\" src=\"https:\/\/blogsaverroes.juntadeandalucia.es\/ceiptiernogalvansevilla\/files\/2021\/04\/3-1-1024x769.jpg\" class=\"attachment-large size-large\" alt=\"\" srcset=\"https:\/\/blogsaverroes.juntadeandalucia.es\/ceiptiernogalvansevilla\/files\/2021\/04\/3-1-1024x769.jpg 1024w, https:\/\/blogsaverroes.juntadeandalucia.es\/ceiptiernogalvansevilla\/files\/2021\/04\/3-1-300x225.jpg 300w, https:\/\/blogsaverroes.juntadeandalucia.es\/ceiptiernogalvansevilla\/files\/2021\/04\/3-1-768x577.jpg 768w, https:\/\/blogsaverroes.juntadeandalucia.es\/ceiptiernogalvansevilla\/files\/2021\/04\/3-1-1536x1154.jpg 1536w, https:\/\/blogsaverroes.juntadeandalucia.es\/ceiptiernogalvansevilla\/files\/2021\/04\/3-1.jpg 1600w\" sizes=\"(max-width: 1024px) 100vw, 1024px\" \/><\/a>\n\t\t\t<\/dt><\/dl><dl class='gallery-item'>\n\t\t\t<dt class='gallery-icon landscape'>\n\t\t\t\t<a href='https:\/\/blogsaverroes.juntadeandalucia.es\/ceiptiernogalvansevilla\/2021\/04\/29\/programa-impulsa-2020-2021\/4-3\/'><img loading=\"lazy\" decoding=\"async\" width=\"1024\" height=\"769\" src=\"https:\/\/blogsaverroes.juntadeandalucia.es\/ceiptiernogalvansevilla\/files\/2021\/04\/4-1-1024x769.jpg\" class=\"attachment-large size-large\" alt=\"\" srcset=\"https:\/\/blogsaverroes.juntadeandalucia.es\/ceiptiernogalvansevilla\/files\/2021\/04\/4-1-1024x769.jpg 1024w, https:\/\/blogsaverroes.juntadeandalucia.es\/ceiptiernogalvansevilla\/files\/2021\/04\/4-1-300x225.jpg 300w, https:\/\/blogsaverroes.juntadeandalucia.es\/ceiptiernogalvansevilla\/files\/2021\/04\/4-1-768x577.jpg 768w, https:\/\/blogsaverroes.juntadeandalucia.es\/ceiptiernogalvansevilla\/files\/2021\/04\/4-1-1536x1154.jpg 1536w, https:\/\/blogsaverroes.juntadeandalucia.es\/ceiptiernogalvansevilla\/files\/2021\/04\/4-1.jpg 1600w\" sizes=\"(max-width: 1024px) 100vw, 1024px\" \/><\/a>\n\t\t\t<\/dt><\/dl><dl class='gallery-item'>\n\t\t\t<dt class='gallery-icon landscape'>\n\t\t\t\t<a href='https:\/\/blogsaverroes.juntadeandalucia.es\/ceiptiernogalvansevilla\/2021\/04\/29\/programa-impulsa-2020-2021\/5-2\/'><img loading=\"lazy\" decoding=\"async\" width=\"1024\" height=\"769\" src=\"https:\/\/blogsaverroes.juntadeandalucia.es\/ceiptiernogalvansevilla\/files\/2021\/04\/5-1-1024x769.jpg\" class=\"attachment-large size-large\" alt=\"\" srcset=\"https:\/\/blogsaverroes.juntadeandalucia.es\/ceiptiernogalvansevilla\/files\/2021\/04\/5-1-1024x769.jpg 1024w, https:\/\/blogsaverroes.juntadeandalucia.es\/ceiptiernogalvansevilla\/files\/2021\/04\/5-1-300x225.jpg 300w, https:\/\/blogsaverroes.juntadeandalucia.es\/ceiptiernogalvansevilla\/files\/2021\/04\/5-1-768x577.jpg 768w, https:\/\/blogsaverroes.juntadeandalucia.es\/ceiptiernogalvansevilla\/files\/2021\/04\/5-1-1536x1154.jpg 1536w, https:\/\/blogsaverroes.juntadeandalucia.es\/ceiptiernogalvansevilla\/files\/2021\/04\/5-1.jpg 1600w\" sizes=\"(max-width: 1024px) 100vw, 1024px\" \/><\/a>\n\t\t\t<\/dt><\/dl><br style=\"clear: both\" \/><dl class='gallery-item'>\n\t\t\t<dt class='gallery-icon landscape'>\n\t\t\t\t<a href='https:\/\/blogsaverroes.juntadeandalucia.es\/ceiptiernogalvansevilla\/2021\/04\/29\/programa-impulsa-2020-2021\/6-3\/'><img loading=\"lazy\" decoding=\"async\" width=\"1024\" height=\"769\" src=\"https:\/\/blogsaverroes.juntadeandalucia.es\/ceiptiernogalvansevilla\/files\/2021\/04\/6-1-1024x769.jpg\" class=\"attachment-large size-large\" alt=\"\" srcset=\"https:\/\/blogsaverroes.juntadeandalucia.es\/ceiptiernogalvansevilla\/files\/2021\/04\/6-1-1024x769.jpg 1024w, https:\/\/blogsaverroes.juntadeandalucia.es\/ceiptiernogalvansevilla\/files\/2021\/04\/6-1-300x225.jpg 300w, https:\/\/blogsaverroes.juntadeandalucia.es\/ceiptiernogalvansevilla\/files\/2021\/04\/6-1-768x577.jpg 768w, https:\/\/blogsaverroes.juntadeandalucia.es\/ceiptiernogalvansevilla\/files\/2021\/04\/6-1-1536x1154.jpg 1536w, https:\/\/blogsaverroes.juntadeandalucia.es\/ceiptiernogalvansevilla\/files\/2021\/04\/6-1.jpg 1600w\" sizes=\"(max-width: 1024px) 100vw, 1024px\" \/><\/a>\n\t\t\t<\/dt><\/dl><dl class='gallery-item'>\n\t\t\t<dt class='gallery-icon landscape'>\n\t\t\t\t<a href='https:\/\/blogsaverroes.juntadeandalucia.es\/ceiptiernogalvansevilla\/2021\/04\/29\/programa-impulsa-2020-2021\/7-3\/'><img loading=\"lazy\" decoding=\"async\" width=\"1024\" height=\"769\" src=\"https:\/\/blogsaverroes.juntadeandalucia.es\/ceiptiernogalvansevilla\/files\/2021\/04\/7-1-1024x769.jpg\" class=\"attachment-large size-large\" alt=\"\" srcset=\"https:\/\/blogsaverroes.juntadeandalucia.es\/ceiptiernogalvansevilla\/files\/2021\/04\/7-1-1024x769.jpg 1024w, https:\/\/blogsaverroes.juntadeandalucia.es\/ceiptiernogalvansevilla\/files\/2021\/04\/7-1-300x225.jpg 300w, https:\/\/blogsaverroes.juntadeandalucia.es\/ceiptiernogalvansevilla\/files\/2021\/04\/7-1-768x577.jpg 768w, https:\/\/blogsaverroes.juntadeandalucia.es\/ceiptiernogalvansevilla\/files\/2021\/04\/7-1-1536x1154.jpg 1536w, https:\/\/blogsaverroes.juntadeandalucia.es\/ceiptiernogalvansevilla\/files\/2021\/04\/7-1.jpg 1600w\" sizes=\"(max-width: 1024px) 100vw, 1024px\" \/><\/a>\n\t\t\t<\/dt><\/dl><dl class='gallery-item'>\n\t\t\t<dt class='gallery-icon landscape'>\n\t\t\t\t<a href='https:\/\/blogsaverroes.juntadeandalucia.es\/ceiptiernogalvansevilla\/2021\/04\/29\/programa-impulsa-2020-2021\/8-3\/'><img loading=\"lazy\" decoding=\"async\" width=\"1024\" height=\"768\" src=\"https:\/\/blogsaverroes.juntadeandalucia.es\/ceiptiernogalvansevilla\/files\/2021\/04\/8-1-1024x768.jpg\" class=\"attachment-large size-large\" alt=\"\" srcset=\"https:\/\/blogsaverroes.juntadeandalucia.es\/ceiptiernogalvansevilla\/files\/2021\/04\/8-1-1024x768.jpg 1024w, https:\/\/blogsaverroes.juntadeandalucia.es\/ceiptiernogalvansevilla\/files\/2021\/04\/8-1-300x225.jpg 300w, https:\/\/blogsaverroes.juntadeandalucia.es\/ceiptiernogalvansevilla\/files\/2021\/04\/8-1-768x576.jpg 768w, https:\/\/blogsaverroes.juntadeandalucia.es\/ceiptiernogalvansevilla\/files\/2021\/04\/8-1-1536x1152.jpg 1536w, https:\/\/blogsaverroes.juntadeandalucia.es\/ceiptiernogalvansevilla\/files\/2021\/04\/8-1.jpg 1600w\" sizes=\"(max-width: 1024px) 100vw, 1024px\" \/><\/a>\n\t\t\t<\/dt><\/dl><br style=\"clear: both\" \/><dl class='gallery-item'>\n\t\t\t<dt class='gallery-icon landscape'>\n\t\t\t\t<a href='https:\/\/blogsaverroes.juntadeandalucia.es\/ceiptiernogalvansevilla\/2021\/04\/29\/programa-impulsa-2020-2021\/9-3\/'><img loading=\"lazy\" decoding=\"async\" width=\"1024\" height=\"768\" src=\"https:\/\/blogsaverroes.juntadeandalucia.es\/ceiptiernogalvansevilla\/files\/2021\/04\/9-1-1024x768.jpg\" class=\"attachment-large size-large\" alt=\"\" srcset=\"https:\/\/blogsaverroes.juntadeandalucia.es\/ceiptiernogalvansevilla\/files\/2021\/04\/9-1-1024x768.jpg 1024w, https:\/\/blogsaverroes.juntadeandalucia.es\/ceiptiernogalvansevilla\/files\/2021\/04\/9-1-300x225.jpg 300w, https:\/\/blogsaverroes.juntadeandalucia.es\/ceiptiernogalvansevilla\/files\/2021\/04\/9-1-768x576.jpg 768w, https:\/\/blogsaverroes.juntadeandalucia.es\/ceiptiernogalvansevilla\/files\/2021\/04\/9-1-1536x1152.jpg 1536w, https:\/\/blogsaverroes.juntadeandalucia.es\/ceiptiernogalvansevilla\/files\/2021\/04\/9-1.jpg 1600w\" sizes=\"(max-width: 1024px) 100vw, 1024px\" \/><\/a>\n\t\t\t<\/dt><\/dl><dl class='gallery-item'>\n\t\t\t<dt class='gallery-icon landscape'>\n\t\t\t\t<a href='https:\/\/blogsaverroes.juntadeandalucia.es\/ceiptiernogalvansevilla\/2021\/04\/29\/programa-impulsa-2020-2021\/10-2\/'><img loading=\"lazy\" decoding=\"async\" width=\"1024\" height=\"768\" src=\"https:\/\/blogsaverroes.juntadeandalucia.es\/ceiptiernogalvansevilla\/files\/2021\/04\/10-1-1024x768.jpg\" class=\"attachment-large size-large\" alt=\"\" srcset=\"https:\/\/blogsaverroes.juntadeandalucia.es\/ceiptiernogalvansevilla\/files\/2021\/04\/10-1-1024x768.jpg 1024w, https:\/\/blogsaverroes.juntadeandalucia.es\/ceiptiernogalvansevilla\/files\/2021\/04\/10-1-300x225.jpg 300w, https:\/\/blogsaverroes.juntadeandalucia.es\/ceiptiernogalvansevilla\/files\/2021\/04\/10-1-768x576.jpg 768w, https:\/\/blogsaverroes.juntadeandalucia.es\/ceiptiernogalvansevilla\/files\/2021\/04\/10-1-1536x1152.jpg 1536w, https:\/\/blogsaverroes.juntadeandalucia.es\/ceiptiernogalvansevilla\/files\/2021\/04\/10-1.jpg 1600w\" sizes=\"(max-width: 1024px) 100vw, 1024px\" \/><\/a>\n\t\t\t<\/dt><\/dl><dl class='gallery-item'>\n\t\t\t<dt class='gallery-icon landscape'>\n\t\t\t\t<a href='https:\/\/blogsaverroes.juntadeandalucia.es\/ceiptiernogalvansevilla\/2021\/04\/29\/programa-impulsa-2020-2021\/11-2\/'><img loading=\"lazy\" decoding=\"async\" width=\"1024\" height=\"768\" src=\"https:\/\/blogsaverroes.juntadeandalucia.es\/ceiptiernogalvansevilla\/files\/2021\/04\/11-1-1024x768.jpg\" class=\"attachment-large size-large\" alt=\"\" srcset=\"https:\/\/blogsaverroes.juntadeandalucia.es\/ceiptiernogalvansevilla\/files\/2021\/04\/11-1-1024x768.jpg 1024w, https:\/\/blogsaverroes.juntadeandalucia.es\/ceiptiernogalvansevilla\/files\/2021\/04\/11-1-300x225.jpg 300w, https:\/\/blogsaverroes.juntadeandalucia.es\/ceiptiernogalvansevilla\/files\/2021\/04\/11-1-768x576.jpg 768w, https:\/\/blogsaverroes.juntadeandalucia.es\/ceiptiernogalvansevilla\/files\/2021\/04\/11-1-1536x1152.jpg 1536w, https:\/\/blogsaverroes.juntadeandalucia.es\/ceiptiernogalvansevilla\/files\/2021\/04\/11-1.jpg 1600w\" sizes=\"(max-width: 1024px) 100vw, 1024px\" \/><\/a>\n\t\t\t<\/dt><\/dl><br style=\"clear: both\" \/><dl class='gallery-item'>\n\t\t\t<dt class='gallery-icon landscape'>\n\t\t\t\t<a href='https:\/\/blogsaverroes.juntadeandalucia.es\/ceiptiernogalvansevilla\/2021\/04\/29\/programa-impulsa-2020-2021\/12-2\/'><img loading=\"lazy\" decoding=\"async\" width=\"1024\" height=\"768\" src=\"https:\/\/blogsaverroes.juntadeandalucia.es\/ceiptiernogalvansevilla\/files\/2021\/04\/12-1-1024x768.jpg\" class=\"attachment-large size-large\" alt=\"\" srcset=\"https:\/\/blogsaverroes.juntadeandalucia.es\/ceiptiernogalvansevilla\/files\/2021\/04\/12-1-1024x768.jpg 1024w, https:\/\/blogsaverroes.juntadeandalucia.es\/ceiptiernogalvansevilla\/files\/2021\/04\/12-1-300x225.jpg 300w, https:\/\/blogsaverroes.juntadeandalucia.es\/ceiptiernogalvansevilla\/files\/2021\/04\/12-1-768x576.jpg 768w, https:\/\/blogsaverroes.juntadeandalucia.es\/ceiptiernogalvansevilla\/files\/2021\/04\/12-1-1536x1152.jpg 1536w, https:\/\/blogsaverroes.juntadeandalucia.es\/ceiptiernogalvansevilla\/files\/2021\/04\/12-1.jpg 1600w\" sizes=\"(max-width: 1024px) 100vw, 1024px\" \/><\/a>\n\t\t\t<\/dt><\/dl>\n\t\t\t<br style='clear: both' \/>\n\t\t<\/div>\n\n<p>&nbsp;<\/p>\n<p style=\"text-align: center\"><span style=\"color: #ff6600\"><strong>TALLER DE INTELIGENCIA EMOCIONAL<\/strong><\/span><\/p>\n\n\t\t<style>\n\t\t\t#gallery-3 {\n\t\t\t\tmargin: auto;\n\t\t\t}\n\t\t\t#gallery-3 .gallery-item {\n\t\t\t\tfloat: left;\n\t\t\t\tmargin-top: 10px;\n\t\t\t\ttext-align: center;\n\t\t\t\twidth: 33%;\n\t\t\t}\n\t\t\t#gallery-3 img {\n\t\t\t\tborder: 2px solid #cfcfcf;\n\t\t\t}\n\t\t\t#gallery-3 .gallery-caption {\n\t\t\t\tmargin-left: 0;\n\t\t\t}\n\t\t\t\/* see gallery_shortcode() in wp-includes\/media.php *\/\n\t\t<\/style>\n\t\t<div id='gallery-3' class='gallery galleryid-3929 gallery-columns-3 gallery-size-large'><dl class='gallery-item'>\n\t\t\t<dt class='gallery-icon portrait'>\n\t\t\t\t<a href='https:\/\/blogsaverroes.juntadeandalucia.es\/ceiptiernogalvansevilla\/2021\/04\/29\/programa-impulsa-2020-2021\/4-4\/'><img loading=\"lazy\" decoding=\"async\" width=\"765\" height=\"1024\" src=\"https:\/\/blogsaverroes.juntadeandalucia.es\/ceiptiernogalvansevilla\/files\/2021\/04\/4-2-765x1024.jpg\" class=\"attachment-large size-large\" alt=\"\" srcset=\"https:\/\/blogsaverroes.juntadeandalucia.es\/ceiptiernogalvansevilla\/files\/2021\/04\/4-2-765x1024.jpg 765w, https:\/\/blogsaverroes.juntadeandalucia.es\/ceiptiernogalvansevilla\/files\/2021\/04\/4-2-224x300.jpg 224w, https:\/\/blogsaverroes.juntadeandalucia.es\/ceiptiernogalvansevilla\/files\/2021\/04\/4-2-768x1027.jpg 768w, https:\/\/blogsaverroes.juntadeandalucia.es\/ceiptiernogalvansevilla\/files\/2021\/04\/4-2-1148x1536.jpg 1148w, https:\/\/blogsaverroes.juntadeandalucia.es\/ceiptiernogalvansevilla\/files\/2021\/04\/4-2.jpg 1196w\" sizes=\"(max-width: 765px) 100vw, 765px\" \/><\/a>\n\t\t\t<\/dt><\/dl><dl class='gallery-item'>\n\t\t\t<dt class='gallery-icon landscape'>\n\t\t\t\t<a href='https:\/\/blogsaverroes.juntadeandalucia.es\/ceiptiernogalvansevilla\/2021\/04\/29\/programa-impulsa-2020-2021\/5-3\/'><img loading=\"lazy\" decoding=\"async\" width=\"1024\" height=\"765\" src=\"https:\/\/blogsaverroes.juntadeandalucia.es\/ceiptiernogalvansevilla\/files\/2021\/04\/5-2-1024x765.jpg\" class=\"attachment-large size-large\" alt=\"\" srcset=\"https:\/\/blogsaverroes.juntadeandalucia.es\/ceiptiernogalvansevilla\/files\/2021\/04\/5-2-1024x765.jpg 1024w, https:\/\/blogsaverroes.juntadeandalucia.es\/ceiptiernogalvansevilla\/files\/2021\/04\/5-2-300x224.jpg 300w, https:\/\/blogsaverroes.juntadeandalucia.es\/ceiptiernogalvansevilla\/files\/2021\/04\/5-2-768x574.jpg 768w, https:\/\/blogsaverroes.juntadeandalucia.es\/ceiptiernogalvansevilla\/files\/2021\/04\/5-2-1536x1148.jpg 1536w, https:\/\/blogsaverroes.juntadeandalucia.es\/ceiptiernogalvansevilla\/files\/2021\/04\/5-2.jpg 1600w\" sizes=\"(max-width: 1024px) 100vw, 1024px\" \/><\/a>\n\t\t\t<\/dt><\/dl><dl class='gallery-item'>\n\t\t\t<dt class='gallery-icon landscape'>\n\t\t\t\t<a href='https:\/\/blogsaverroes.juntadeandalucia.es\/ceiptiernogalvansevilla\/2021\/04\/29\/programa-impulsa-2020-2021\/7-4\/'><img loading=\"lazy\" decoding=\"async\" width=\"1024\" height=\"765\" src=\"https:\/\/blogsaverroes.juntadeandalucia.es\/ceiptiernogalvansevilla\/files\/2021\/04\/7-2-1024x765.jpg\" class=\"attachment-large size-large\" alt=\"\" srcset=\"https:\/\/blogsaverroes.juntadeandalucia.es\/ceiptiernogalvansevilla\/files\/2021\/04\/7-2-1024x765.jpg 1024w, https:\/\/blogsaverroes.juntadeandalucia.es\/ceiptiernogalvansevilla\/files\/2021\/04\/7-2-300x224.jpg 300w, https:\/\/blogsaverroes.juntadeandalucia.es\/ceiptiernogalvansevilla\/files\/2021\/04\/7-2-768x574.jpg 768w, https:\/\/blogsaverroes.juntadeandalucia.es\/ceiptiernogalvansevilla\/files\/2021\/04\/7-2-1536x1148.jpg 1536w, https:\/\/blogsaverroes.juntadeandalucia.es\/ceiptiernogalvansevilla\/files\/2021\/04\/7-2.jpg 1600w\" sizes=\"(max-width: 1024px) 100vw, 1024px\" \/><\/a>\n\t\t\t<\/dt><\/dl><br style=\"clear: both\" \/><dl class='gallery-item'>\n\t\t\t<dt class='gallery-icon landscape'>\n\t\t\t\t<a href='https:\/\/blogsaverroes.juntadeandalucia.es\/ceiptiernogalvansevilla\/2021\/04\/29\/programa-impulsa-2020-2021\/8-4\/'><img loading=\"lazy\" decoding=\"async\" width=\"1024\" height=\"765\" src=\"https:\/\/blogsaverroes.juntadeandalucia.es\/ceiptiernogalvansevilla\/files\/2021\/04\/8-2-1024x765.jpg\" class=\"attachment-large size-large\" alt=\"\" srcset=\"https:\/\/blogsaverroes.juntadeandalucia.es\/ceiptiernogalvansevilla\/files\/2021\/04\/8-2-1024x765.jpg 1024w, https:\/\/blogsaverroes.juntadeandalucia.es\/ceiptiernogalvansevilla\/files\/2021\/04\/8-2-300x224.jpg 300w, https:\/\/blogsaverroes.juntadeandalucia.es\/ceiptiernogalvansevilla\/files\/2021\/04\/8-2-768x574.jpg 768w, https:\/\/blogsaverroes.juntadeandalucia.es\/ceiptiernogalvansevilla\/files\/2021\/04\/8-2-1536x1148.jpg 1536w, https:\/\/blogsaverroes.juntadeandalucia.es\/ceiptiernogalvansevilla\/files\/2021\/04\/8-2.jpg 1600w\" sizes=\"(max-width: 1024px) 100vw, 1024px\" \/><\/a>\n\t\t\t<\/dt><\/dl><dl class='gallery-item'>\n\t\t\t<dt class='gallery-icon landscape'>\n\t\t\t\t<a href='https:\/\/blogsaverroes.juntadeandalucia.es\/ceiptiernogalvansevilla\/2021\/04\/29\/programa-impulsa-2020-2021\/9-4\/'><img loading=\"lazy\" decoding=\"async\" width=\"1024\" height=\"765\" src=\"https:\/\/blogsaverroes.juntadeandalucia.es\/ceiptiernogalvansevilla\/files\/2021\/04\/9-2-1024x765.jpg\" class=\"attachment-large size-large\" alt=\"\" srcset=\"https:\/\/blogsaverroes.juntadeandalucia.es\/ceiptiernogalvansevilla\/files\/2021\/04\/9-2-1024x765.jpg 1024w, https:\/\/blogsaverroes.juntadeandalucia.es\/ceiptiernogalvansevilla\/files\/2021\/04\/9-2-300x224.jpg 300w, https:\/\/blogsaverroes.juntadeandalucia.es\/ceiptiernogalvansevilla\/files\/2021\/04\/9-2-768x574.jpg 768w, https:\/\/blogsaverroes.juntadeandalucia.es\/ceiptiernogalvansevilla\/files\/2021\/04\/9-2-1536x1148.jpg 1536w, https:\/\/blogsaverroes.juntadeandalucia.es\/ceiptiernogalvansevilla\/files\/2021\/04\/9-2.jpg 1600w\" sizes=\"(max-width: 1024px) 100vw, 1024px\" \/><\/a>\n\t\t\t<\/dt><\/dl><dl class='gallery-item'>\n\t\t\t<dt class='gallery-icon landscape'>\n\t\t\t\t<a href='https:\/\/blogsaverroes.juntadeandalucia.es\/ceiptiernogalvansevilla\/2021\/04\/29\/programa-impulsa-2020-2021\/10-3\/'><img loading=\"lazy\" decoding=\"async\" width=\"1024\" height=\"765\" src=\"https:\/\/blogsaverroes.juntadeandalucia.es\/ceiptiernogalvansevilla\/files\/2021\/04\/10-2-1024x765.jpg\" class=\"attachment-large size-large\" alt=\"\" srcset=\"https:\/\/blogsaverroes.juntadeandalucia.es\/ceiptiernogalvansevilla\/files\/2021\/04\/10-2-1024x765.jpg 1024w, https:\/\/blogsaverroes.juntadeandalucia.es\/ceiptiernogalvansevilla\/files\/2021\/04\/10-2-300x224.jpg 300w, https:\/\/blogsaverroes.juntadeandalucia.es\/ceiptiernogalvansevilla\/files\/2021\/04\/10-2-768x574.jpg 768w, https:\/\/blogsaverroes.juntadeandalucia.es\/ceiptiernogalvansevilla\/files\/2021\/04\/10-2-1536x1148.jpg 1536w, https:\/\/blogsaverroes.juntadeandalucia.es\/ceiptiernogalvansevilla\/files\/2021\/04\/10-2.jpg 1600w\" sizes=\"(max-width: 1024px) 100vw, 1024px\" \/><\/a>\n\t\t\t<\/dt><\/dl><br style=\"clear: both\" \/><dl class='gallery-item'>\n\t\t\t<dt class='gallery-icon landscape'>\n\t\t\t\t<a href='https:\/\/blogsaverroes.juntadeandalucia.es\/ceiptiernogalvansevilla\/2021\/04\/29\/programa-impulsa-2020-2021\/1-4\/'><img loading=\"lazy\" decoding=\"async\" width=\"1024\" height=\"768\" src=\"https:\/\/blogsaverroes.juntadeandalucia.es\/ceiptiernogalvansevilla\/files\/2021\/04\/1-2-1024x768.jpg\" class=\"attachment-large size-large\" alt=\"\" srcset=\"https:\/\/blogsaverroes.juntadeandalucia.es\/ceiptiernogalvansevilla\/files\/2021\/04\/1-2-1024x768.jpg 1024w, https:\/\/blogsaverroes.juntadeandalucia.es\/ceiptiernogalvansevilla\/files\/2021\/04\/1-2-300x225.jpg 300w, https:\/\/blogsaverroes.juntadeandalucia.es\/ceiptiernogalvansevilla\/files\/2021\/04\/1-2-768x576.jpg 768w, https:\/\/blogsaverroes.juntadeandalucia.es\/ceiptiernogalvansevilla\/files\/2021\/04\/1-2-1536x1152.jpg 1536w, https:\/\/blogsaverroes.juntadeandalucia.es\/ceiptiernogalvansevilla\/files\/2021\/04\/1-2.jpg 1600w\" sizes=\"(max-width: 1024px) 100vw, 1024px\" \/><\/a>\n\t\t\t<\/dt><\/dl><dl class='gallery-item'>\n\t\t\t<dt class='gallery-icon landscape'>\n\t\t\t\t<a href='https:\/\/blogsaverroes.juntadeandalucia.es\/ceiptiernogalvansevilla\/2021\/04\/29\/programa-impulsa-2020-2021\/2-4\/'><img loading=\"lazy\" decoding=\"async\" width=\"1024\" height=\"765\" src=\"https:\/\/blogsaverroes.juntadeandalucia.es\/ceiptiernogalvansevilla\/files\/2021\/04\/2-2-1024x765.jpg\" class=\"attachment-large size-large\" alt=\"\" srcset=\"https:\/\/blogsaverroes.juntadeandalucia.es\/ceiptiernogalvansevilla\/files\/2021\/04\/2-2-1024x765.jpg 1024w, https:\/\/blogsaverroes.juntadeandalucia.es\/ceiptiernogalvansevilla\/files\/2021\/04\/2-2-300x224.jpg 300w, https:\/\/blogsaverroes.juntadeandalucia.es\/ceiptiernogalvansevilla\/files\/2021\/04\/2-2-768x574.jpg 768w, https:\/\/blogsaverroes.juntadeandalucia.es\/ceiptiernogalvansevilla\/files\/2021\/04\/2-2-1536x1148.jpg 1536w, https:\/\/blogsaverroes.juntadeandalucia.es\/ceiptiernogalvansevilla\/files\/2021\/04\/2-2.jpg 1600w\" sizes=\"(max-width: 1024px) 100vw, 1024px\" \/><\/a>\n\t\t\t<\/dt><\/dl><dl class='gallery-item'>\n\t\t\t<dt class='gallery-icon landscape'>\n\t\t\t\t<a href='https:\/\/blogsaverroes.juntadeandalucia.es\/ceiptiernogalvansevilla\/2021\/04\/29\/programa-impulsa-2020-2021\/3-4\/'><img loading=\"lazy\" decoding=\"async\" width=\"1024\" height=\"765\" src=\"https:\/\/blogsaverroes.juntadeandalucia.es\/ceiptiernogalvansevilla\/files\/2021\/04\/3-2-1024x765.jpg\" class=\"attachment-large size-large\" alt=\"\" srcset=\"https:\/\/blogsaverroes.juntadeandalucia.es\/ceiptiernogalvansevilla\/files\/2021\/04\/3-2-1024x765.jpg 1024w, https:\/\/blogsaverroes.juntadeandalucia.es\/ceiptiernogalvansevilla\/files\/2021\/04\/3-2-300x224.jpg 300w, https:\/\/blogsaverroes.juntadeandalucia.es\/ceiptiernogalvansevilla\/files\/2021\/04\/3-2-768x574.jpg 768w, https:\/\/blogsaverroes.juntadeandalucia.es\/ceiptiernogalvansevilla\/files\/2021\/04\/3-2-1536x1148.jpg 1536w, https:\/\/blogsaverroes.juntadeandalucia.es\/ceiptiernogalvansevilla\/files\/2021\/04\/3-2.jpg 1600w\" sizes=\"(max-width: 1024px) 100vw, 1024px\" \/><\/a>\n\t\t\t<\/dt><\/dl><br style=\"clear: both\" \/>\n\t\t<\/div>\n\n<p>&nbsp;<\/p>\n<p style=\"text-align: center\"><span style=\"color: #0000ff\"><strong>TALLER DE PREVENCI\u00d3N Y CUIDADO CON LAS NUEVAS TECNOLOG\u00cdAS<\/strong><\/span><\/p>\n\n\t\t<style>\n\t\t\t#gallery-4 {\n\t\t\t\tmargin: auto;\n\t\t\t}\n\t\t\t#gallery-4 .gallery-item {\n\t\t\t\tfloat: left;\n\t\t\t\tmargin-top: 10px;\n\t\t\t\ttext-align: center;\n\t\t\t\twidth: 33%;\n\t\t\t}\n\t\t\t#gallery-4 img {\n\t\t\t\tborder: 2px solid #cfcfcf;\n\t\t\t}\n\t\t\t#gallery-4 .gallery-caption {\n\t\t\t\tmargin-left: 0;\n\t\t\t}\n\t\t\t\/* see gallery_shortcode() in wp-includes\/media.php *\/\n\t\t<\/style>\n\t\t<div id='gallery-4' class='gallery galleryid-3929 gallery-columns-3 gallery-size-large'><dl class='gallery-item'>\n\t\t\t<dt class='gallery-icon landscape'>\n\t\t\t\t<a href='https:\/\/blogsaverroes.juntadeandalucia.es\/ceiptiernogalvansevilla\/2021\/04\/29\/programa-impulsa-2020-2021\/1-5\/'><img loading=\"lazy\" decoding=\"async\" width=\"1024\" height=\"768\" src=\"https:\/\/blogsaverroes.juntadeandalucia.es\/ceiptiernogalvansevilla\/files\/2021\/04\/1-3-1024x768.jpg\" class=\"attachment-large size-large\" alt=\"\" srcset=\"https:\/\/blogsaverroes.juntadeandalucia.es\/ceiptiernogalvansevilla\/files\/2021\/04\/1-3-1024x768.jpg 1024w, https:\/\/blogsaverroes.juntadeandalucia.es\/ceiptiernogalvansevilla\/files\/2021\/04\/1-3-300x225.jpg 300w, https:\/\/blogsaverroes.juntadeandalucia.es\/ceiptiernogalvansevilla\/files\/2021\/04\/1-3-768x576.jpg 768w, https:\/\/blogsaverroes.juntadeandalucia.es\/ceiptiernogalvansevilla\/files\/2021\/04\/1-3-1536x1152.jpg 1536w, https:\/\/blogsaverroes.juntadeandalucia.es\/ceiptiernogalvansevilla\/files\/2021\/04\/1-3.jpg 1600w\" sizes=\"(max-width: 1024px) 100vw, 1024px\" \/><\/a>\n\t\t\t<\/dt><\/dl><dl class='gallery-item'>\n\t\t\t<dt class='gallery-icon landscape'>\n\t\t\t\t<a href='https:\/\/blogsaverroes.juntadeandalucia.es\/ceiptiernogalvansevilla\/2021\/04\/29\/programa-impulsa-2020-2021\/2-5\/'><img loading=\"lazy\" decoding=\"async\" width=\"1024\" height=\"768\" src=\"https:\/\/blogsaverroes.juntadeandalucia.es\/ceiptiernogalvansevilla\/files\/2021\/04\/2-3-1024x768.jpg\" class=\"attachment-large size-large\" alt=\"\" srcset=\"https:\/\/blogsaverroes.juntadeandalucia.es\/ceiptiernogalvansevilla\/files\/2021\/04\/2-3-1024x768.jpg 1024w, https:\/\/blogsaverroes.juntadeandalucia.es\/ceiptiernogalvansevilla\/files\/2021\/04\/2-3-300x225.jpg 300w, https:\/\/blogsaverroes.juntadeandalucia.es\/ceiptiernogalvansevilla\/files\/2021\/04\/2-3-768x576.jpg 768w, https:\/\/blogsaverroes.juntadeandalucia.es\/ceiptiernogalvansevilla\/files\/2021\/04\/2-3-1536x1152.jpg 1536w, https:\/\/blogsaverroes.juntadeandalucia.es\/ceiptiernogalvansevilla\/files\/2021\/04\/2-3.jpg 1600w\" sizes=\"(max-width: 1024px) 100vw, 1024px\" \/><\/a>\n\t\t\t<\/dt><\/dl><dl class='gallery-item'>\n\t\t\t<dt class='gallery-icon landscape'>\n\t\t\t\t<a href='https:\/\/blogsaverroes.juntadeandalucia.es\/ceiptiernogalvansevilla\/2021\/04\/29\/programa-impulsa-2020-2021\/3-5\/'><img loading=\"lazy\" decoding=\"async\" width=\"1024\" height=\"768\" src=\"https:\/\/blogsaverroes.juntadeandalucia.es\/ceiptiernogalvansevilla\/files\/2021\/04\/3-3-1024x768.jpg\" class=\"attachment-large size-large\" alt=\"\" srcset=\"https:\/\/blogsaverroes.juntadeandalucia.es\/ceiptiernogalvansevilla\/files\/2021\/04\/3-3-1024x768.jpg 1024w, https:\/\/blogsaverroes.juntadeandalucia.es\/ceiptiernogalvansevilla\/files\/2021\/04\/3-3-300x225.jpg 300w, https:\/\/blogsaverroes.juntadeandalucia.es\/ceiptiernogalvansevilla\/files\/2021\/04\/3-3-768x576.jpg 768w, https:\/\/blogsaverroes.juntadeandalucia.es\/ceiptiernogalvansevilla\/files\/2021\/04\/3-3-1536x1152.jpg 1536w, https:\/\/blogsaverroes.juntadeandalucia.es\/ceiptiernogalvansevilla\/files\/2021\/04\/3-3.jpg 1600w\" sizes=\"(max-width: 1024px) 100vw, 1024px\" \/><\/a>\n\t\t\t<\/dt><\/dl><br style=\"clear: both\" \/>\n\t\t<\/div>\n\n<p>&nbsp;<\/p>\n<p style=\"text-align: center\"><span style=\"color: #ff00ff\"><strong>GRABACI\u00d3N CON INSTALACIONES CHROMA<\/strong><\/span><\/p>\n\n\t\t<style>\n\t\t\t#gallery-5 {\n\t\t\t\tmargin: auto;\n\t\t\t}\n\t\t\t#gallery-5 .gallery-item {\n\t\t\t\tfloat: left;\n\t\t\t\tmargin-top: 10px;\n\t\t\t\ttext-align: center;\n\t\t\t\twidth: 33%;\n\t\t\t}\n\t\t\t#gallery-5 img {\n\t\t\t\tborder: 2px solid #cfcfcf;\n\t\t\t}\n\t\t\t#gallery-5 .gallery-caption {\n\t\t\t\tmargin-left: 0;\n\t\t\t}\n\t\t\t\/* see gallery_shortcode() in wp-includes\/media.php *\/\n\t\t<\/style>\n\t\t<div id='gallery-5' class='gallery galleryid-3929 gallery-columns-3 gallery-size-large'><dl class='gallery-item'>\n\t\t\t<dt class='gallery-icon landscape'>\n\t\t\t\t<a href='https:\/\/blogsaverroes.juntadeandalucia.es\/ceiptiernogalvansevilla\/2021\/04\/29\/programa-impulsa-2020-2021\/1-6\/'><img loading=\"lazy\" decoding=\"async\" width=\"1024\" height=\"768\" src=\"https:\/\/blogsaverroes.juntadeandalucia.es\/ceiptiernogalvansevilla\/files\/2021\/04\/1-4-1024x768.jpg\" class=\"attachment-large size-large\" alt=\"\" srcset=\"https:\/\/blogsaverroes.juntadeandalucia.es\/ceiptiernogalvansevilla\/files\/2021\/04\/1-4-1024x768.jpg 1024w, https:\/\/blogsaverroes.juntadeandalucia.es\/ceiptiernogalvansevilla\/files\/2021\/04\/1-4-300x225.jpg 300w, https:\/\/blogsaverroes.juntadeandalucia.es\/ceiptiernogalvansevilla\/files\/2021\/04\/1-4-768x576.jpg 768w, https:\/\/blogsaverroes.juntadeandalucia.es\/ceiptiernogalvansevilla\/files\/2021\/04\/1-4-1536x1152.jpg 1536w, https:\/\/blogsaverroes.juntadeandalucia.es\/ceiptiernogalvansevilla\/files\/2021\/04\/1-4.jpg 1600w\" sizes=\"(max-width: 1024px) 100vw, 1024px\" \/><\/a>\n\t\t\t<\/dt><\/dl><dl class='gallery-item'>\n\t\t\t<dt class='gallery-icon landscape'>\n\t\t\t\t<a href='https:\/\/blogsaverroes.juntadeandalucia.es\/ceiptiernogalvansevilla\/2021\/04\/29\/programa-impulsa-2020-2021\/2-6\/'><img loading=\"lazy\" decoding=\"async\" width=\"1024\" height=\"768\" src=\"https:\/\/blogsaverroes.juntadeandalucia.es\/ceiptiernogalvansevilla\/files\/2021\/04\/2-4-1024x768.jpg\" class=\"attachment-large size-large\" alt=\"\" srcset=\"https:\/\/blogsaverroes.juntadeandalucia.es\/ceiptiernogalvansevilla\/files\/2021\/04\/2-4-1024x768.jpg 1024w, https:\/\/blogsaverroes.juntadeandalucia.es\/ceiptiernogalvansevilla\/files\/2021\/04\/2-4-300x225.jpg 300w, https:\/\/blogsaverroes.juntadeandalucia.es\/ceiptiernogalvansevilla\/files\/2021\/04\/2-4-768x576.jpg 768w, https:\/\/blogsaverroes.juntadeandalucia.es\/ceiptiernogalvansevilla\/files\/2021\/04\/2-4-1536x1152.jpg 1536w, https:\/\/blogsaverroes.juntadeandalucia.es\/ceiptiernogalvansevilla\/files\/2021\/04\/2-4.jpg 1600w\" sizes=\"(max-width: 1024px) 100vw, 1024px\" \/><\/a>\n\t\t\t<\/dt><\/dl><dl class='gallery-item'>\n\t\t\t<dt class='gallery-icon landscape'>\n\t\t\t\t<a href='https:\/\/blogsaverroes.juntadeandalucia.es\/ceiptiernogalvansevilla\/2021\/04\/29\/programa-impulsa-2020-2021\/3-6\/'><img loading=\"lazy\" decoding=\"async\" width=\"1024\" height=\"768\" src=\"https:\/\/blogsaverroes.juntadeandalucia.es\/ceiptiernogalvansevilla\/files\/2021\/04\/3-4-1024x768.jpg\" class=\"attachment-large size-large\" alt=\"\" srcset=\"https:\/\/blogsaverroes.juntadeandalucia.es\/ceiptiernogalvansevilla\/files\/2021\/04\/3-4-1024x768.jpg 1024w, https:\/\/blogsaverroes.juntadeandalucia.es\/ceiptiernogalvansevilla\/files\/2021\/04\/3-4-300x225.jpg 300w, https:\/\/blogsaverroes.juntadeandalucia.es\/ceiptiernogalvansevilla\/files\/2021\/04\/3-4-768x576.jpg 768w, https:\/\/blogsaverroes.juntadeandalucia.es\/ceiptiernogalvansevilla\/files\/2021\/04\/3-4-1536x1152.jpg 1536w, https:\/\/blogsaverroes.juntadeandalucia.es\/ceiptiernogalvansevilla\/files\/2021\/04\/3-4.jpg 1600w\" sizes=\"(max-width: 1024px) 100vw, 1024px\" \/><\/a>\n\t\t\t<\/dt><\/dl><br style=\"clear: both\" \/>\n\t\t<\/div>\n\n","protected":false},"excerpt":{"rendered":"<p>Al igual que el a\u00f1o pasado, el alumnado de Tercer Ciclo del colegio (5\u00ba y 6\u00ba de Educaci\u00f3n Primaria) est\u00e1 disfrutando y aprendiendo much\u00edsimo con los talleres organizados por el Programa Impulsa.&nbsp; Estos son&#46;&#46;&#46;<\/p>\n","protected":false},"author":6788,"featured_media":0,"comment_status":"open","ping_status":"open","sticky":false,"template":"","format":"standard","meta":{"ngg_post_thumbnail":0,"footnotes":""},"categories":[5991,25496],"tags":[],"aioseo_notices":[],"_links":{"self":[{"href":"https:\/\/blogsaverroes.juntadeandalucia.es\/ceiptiernogalvansevilla\/wp-json\/wp\/v2\/posts\/3929"}],"collection":[{"href":"https:\/\/blogsaverroes.juntadeandalucia.es\/ceiptiernogalvansevilla\/wp-json\/wp\/v2\/posts"}],"about":[{"href":"https:\/\/blogsaverroes.juntadeandalucia.es\/ceiptiernogalvansevilla\/wp-json\/wp\/v2\/types\/post"}],"author":[{"embeddable":true,"href":"https:\/\/blogsaverroes.juntadeandalucia.es\/ceiptiernogalvansevilla\/wp-json\/wp\/v2\/users\/6788"}],"replies":[{"embeddable":true,"href":"https:\/\/blogsaverroes.juntadeandalucia.es\/ceiptiernogalvansevilla\/wp-json\/wp\/v2\/comments?post=3929"}],"version-history":[{"count":3,"href":"https:\/\/blogsaverroes.juntadeandalucia.es\/ceiptiernogalvansevilla\/wp-json\/wp\/v2\/posts\/3929\/revisions"}],"predecessor-version":[{"id":3979,"href":"https:\/\/blogsaverroes.juntadeandalucia.es\/ceiptiernogalvansevilla\/wp-json\/wp\/v2\/posts\/3929\/revisions\/3979"}],"wp:attachment":[{"href":"https:\/\/blogsaverroes.juntadeandalucia.es\/ceiptiernogalvansevilla\/wp-json\/wp\/v2\/media?parent=3929"}],"wp:term":[{"taxonomy":"category","embeddable":true,"href":"https:\/\/blogsaverroes.juntadeandalucia.es\/ceiptiernogalvansevilla\/wp-json\/wp\/v2\/categories?post=3929"},{"taxonomy":"post_tag","embeddable":true,"href":"https:\/\/blogsaverroes.juntadeandalucia.es\/ceiptiernogalvansevilla\/wp-json\/wp\/v2\/tags?post=3929"}],"curies":[{"name":"wp","href":"https:\/\/api.w.org\/{rel}","templated":true}]}}