{"id":4510,"date":"2021-11-10T12:35:58","date_gmt":"2021-11-10T12:35:58","guid":{"rendered":"https:\/\/blogsaverroes.juntadeandalucia.es\/ceiptiernogalvansevilla\/?p=4510"},"modified":"2021-11-11T18:34:16","modified_gmt":"2021-11-11T18:34:16","slug":"el-mural-avanza","status":"publish","type":"post","link":"https:\/\/blogsaverroes.juntadeandalucia.es\/ceiptiernogalvansevilla\/2021\/11\/10\/el-mural-avanza\/","title":{"rendered":"EL MURAL AVANZA&#8230;"},"content":{"rendered":"<h1 style=\"text-align: center\"><strong>EL <span style=\"color: #3366ff\">MURAL<\/span> PARA LA CELEBRACI\u00d3N DEL <span style=\"color: #ff9900\">D\u00cdA DEL FLAMENCO Y DE LA TOLERANCIA<\/span> VA AVANZANDO CON LA AYUDA Y LA PARTICIPACI\u00d3N DE TODOS:<\/strong><\/h1>\n<p style=\"text-align: center\"><a href=\"https:\/\/blogsaverroes.juntadeandalucia.es\/ceiptiernogalvansevilla\/files\/2021\/11\/20211111_151630-scaled.jpg\"><img fetchpriority=\"high\" decoding=\"async\" class=\"aligncenter size-full wp-image-4513\" src=\"https:\/\/blogsaverroes.juntadeandalucia.es\/ceiptiernogalvansevilla\/files\/2021\/11\/20211111_151630-scaled.jpg\" alt=\"\" width=\"1600\" height=\"509\" srcset=\"https:\/\/blogsaverroes.juntadeandalucia.es\/ceiptiernogalvansevilla\/files\/2021\/11\/20211111_151630-scaled.jpg 1600w, https:\/\/blogsaverroes.juntadeandalucia.es\/ceiptiernogalvansevilla\/files\/2021\/11\/20211111_151630-300x95.jpg 300w, https:\/\/blogsaverroes.juntadeandalucia.es\/ceiptiernogalvansevilla\/files\/2021\/11\/20211111_151630-1024x326.jpg 1024w, https:\/\/blogsaverroes.juntadeandalucia.es\/ceiptiernogalvansevilla\/files\/2021\/11\/20211111_151630-768x244.jpg 768w, https:\/\/blogsaverroes.juntadeandalucia.es\/ceiptiernogalvansevilla\/files\/2021\/11\/20211111_151630-1536x489.jpg 1536w, https:\/\/blogsaverroes.juntadeandalucia.es\/ceiptiernogalvansevilla\/files\/2021\/11\/20211111_151630-2048x652.jpg 2048w\" sizes=\"(max-width: 1600px) 100vw, 1600px\" \/><\/a><\/p>\n<h1 style=\"text-align: center\"><span style=\"color: #99cc00\"><strong>\u00a1EN LOS PR\u00d3XIMOS D\u00cdAS, OS COMPARTIREMOS EL RESULTADO FINAL!<\/strong><\/span><\/h1>\n","protected":false},"excerpt":{"rendered":"<p>EL MURAL PARA LA CELEBRACI\u00d3N DEL D\u00cdA DEL FLAMENCO Y DE LA TOLERANCIA VA AVANZANDO CON LA AYUDA Y LA PARTICIPACI\u00d3N DE TODOS: \u00a1EN LOS PR\u00d3XIMOS D\u00cdAS, OS COMPARTIREMOS EL RESULTADO FINAL!<\/p>\n","protected":false},"author":6788,"featured_media":0,"comment_status":"open","ping_status":"open","sticky":false,"template":"","format":"standard","meta":{"ngg_post_thumbnail":0,"footnotes":""},"categories":[11909],"tags":[],"aioseo_notices":[],"_links":{"self":[{"href":"https:\/\/blogsaverroes.juntadeandalucia.es\/ceiptiernogalvansevilla\/wp-json\/wp\/v2\/posts\/4510"}],"collection":[{"href":"https:\/\/blogsaverroes.juntadeandalucia.es\/ceiptiernogalvansevilla\/wp-json\/wp\/v2\/posts"}],"about":[{"href":"https:\/\/blogsaverroes.juntadeandalucia.es\/ceiptiernogalvansevilla\/wp-json\/wp\/v2\/types\/post"}],"author":[{"embeddable":true,"href":"https:\/\/blogsaverroes.juntadeandalucia.es\/ceiptiernogalvansevilla\/wp-json\/wp\/v2\/users\/6788"}],"replies":[{"embeddable":true,"href":"https:\/\/blogsaverroes.juntadeandalucia.es\/ceiptiernogalvansevilla\/wp-json\/wp\/v2\/comments?post=4510"}],"version-history":[{"count":2,"href":"https:\/\/blogsaverroes.juntadeandalucia.es\/ceiptiernogalvansevilla\/wp-json\/wp\/v2\/posts\/4510\/revisions"}],"predecessor-version":[{"id":4514,"href":"https:\/\/blogsaverroes.juntadeandalucia.es\/ceiptiernogalvansevilla\/wp-json\/wp\/v2\/posts\/4510\/revisions\/4514"}],"wp:attachment":[{"href":"https:\/\/blogsaverroes.juntadeandalucia.es\/ceiptiernogalvansevilla\/wp-json\/wp\/v2\/media?parent=4510"}],"wp:term":[{"taxonomy":"category","embeddable":true,"href":"https:\/\/blogsaverroes.juntadeandalucia.es\/ceiptiernogalvansevilla\/wp-json\/wp\/v2\/categories?post=4510"},{"taxonomy":"post_tag","embeddable":true,"href":"https:\/\/blogsaverroes.juntadeandalucia.es\/ceiptiernogalvansevilla\/wp-json\/wp\/v2\/tags?post=4510"}],"curies":[{"name":"wp","href":"https:\/\/api.w.org\/{rel}","templated":true}]}}