{"id":4924,"date":"2022-01-24T16:23:37","date_gmt":"2022-01-24T16:23:37","guid":{"rendered":"https:\/\/blogsaverroes.juntadeandalucia.es\/ceiptiernogalvansevilla\/?p=4924"},"modified":"2022-01-26T09:17:34","modified_gmt":"2022-01-26T09:17:34","slug":"exposicion-centro-civico","status":"publish","type":"post","link":"https:\/\/blogsaverroes.juntadeandalucia.es\/ceiptiernogalvansevilla\/2022\/01\/24\/exposicion-centro-civico\/","title":{"rendered":"EXPOSICI\u00d3N CENTRO C\u00cdVICO \u00abD\u00cdA DE LA PAZ\u00bb"},"content":{"rendered":"<h1 style=\"text-align: center\"><span style=\"color: #000000\"><strong>YA PUEDE VISITARSE LA <span style=\"color: #0000ff\">EXPOSICI\u00d3N<\/span> PARA EL <span style=\"color: #0000ff\">D\u00cdA DE LA PAZ<\/span> EN EL <span style=\"color: #ff6600\">CENTRO C\u00cdVICO<\/span> DE LA BARRIADA EN EL QUE HA PARTICIPADO TODO NUESTRO ALUMNADO DEL CENTRO:<\/strong><\/span><\/h1>\n<p style=\"text-align: center\"><img fetchpriority=\"high\" decoding=\"async\" class=\"aligncenter wp-image-4925\" src=\"https:\/\/blogsaverroes.juntadeandalucia.es\/ceiptiernogalvansevilla\/files\/2022\/01\/20220124_155031-1.jpg\" alt=\"\" width=\"832\" height=\"614\" srcset=\"https:\/\/blogsaverroes.juntadeandalucia.es\/ceiptiernogalvansevilla\/files\/2022\/01\/20220124_155031-1.jpg 1527w, https:\/\/blogsaverroes.juntadeandalucia.es\/ceiptiernogalvansevilla\/files\/2022\/01\/20220124_155031-1-300x222.jpg 300w, https:\/\/blogsaverroes.juntadeandalucia.es\/ceiptiernogalvansevilla\/files\/2022\/01\/20220124_155031-1-1024x756.jpg 1024w, https:\/\/blogsaverroes.juntadeandalucia.es\/ceiptiernogalvansevilla\/files\/2022\/01\/20220124_155031-1-768x567.jpg 768w\" sizes=\"(max-width: 832px) 100vw, 832px\" \/><\/p>\n<p style=\"text-align: center\"><a href=\"https:\/\/blogsaverroes.juntadeandalucia.es\/ceiptiernogalvansevilla\/files\/2022\/01\/20220124_155051-1.jpg\"><img decoding=\"async\" class=\"aligncenter wp-image-4926\" src=\"https:\/\/blogsaverroes.juntadeandalucia.es\/ceiptiernogalvansevilla\/files\/2022\/01\/20220124_155051-1.jpg\" alt=\"\" width=\"829\" height=\"708\" srcset=\"https:\/\/blogsaverroes.juntadeandalucia.es\/ceiptiernogalvansevilla\/files\/2022\/01\/20220124_155051-1.jpg 1304w, https:\/\/blogsaverroes.juntadeandalucia.es\/ceiptiernogalvansevilla\/files\/2022\/01\/20220124_155051-1-300x257.jpg 300w, https:\/\/blogsaverroes.juntadeandalucia.es\/ceiptiernogalvansevilla\/files\/2022\/01\/20220124_155051-1-1024x876.jpg 1024w, https:\/\/blogsaverroes.juntadeandalucia.es\/ceiptiernogalvansevilla\/files\/2022\/01\/20220124_155051-1-768x657.jpg 768w\" sizes=\"(max-width: 829px) 100vw, 829px\" \/><\/a><\/p>\n<p style=\"text-align: center\"><a href=\"https:\/\/blogsaverroes.juntadeandalucia.es\/ceiptiernogalvansevilla\/files\/2022\/01\/20220126_095951.jpg\"><img decoding=\"async\" class=\"aligncenter  wp-image-4957\" src=\"https:\/\/blogsaverroes.juntadeandalucia.es\/ceiptiernogalvansevilla\/files\/2022\/01\/20220126_095951.jpg\" alt=\"\" width=\"1080\" height=\"829\" srcset=\"https:\/\/blogsaverroes.juntadeandalucia.es\/ceiptiernogalvansevilla\/files\/2022\/01\/20220126_095951.jpg 1563w, https:\/\/blogsaverroes.juntadeandalucia.es\/ceiptiernogalvansevilla\/files\/2022\/01\/20220126_095951-300x230.jpg 300w, https:\/\/blogsaverroes.juntadeandalucia.es\/ceiptiernogalvansevilla\/files\/2022\/01\/20220126_095951-1024x786.jpg 1024w, https:\/\/blogsaverroes.juntadeandalucia.es\/ceiptiernogalvansevilla\/files\/2022\/01\/20220126_095951-768x590.jpg 768w, https:\/\/blogsaverroes.juntadeandalucia.es\/ceiptiernogalvansevilla\/files\/2022\/01\/20220126_095951-1536x1179.jpg 1536w\" sizes=\"(max-width: 1080px) 100vw, 1080px\" \/><\/a><\/p>\n<p style=\"text-align: center\"><a href=\"https:\/\/blogsaverroes.juntadeandalucia.es\/ceiptiernogalvansevilla\/files\/2022\/01\/20220126_095941.jpg\"><img loading=\"lazy\" decoding=\"async\" class=\"aligncenter  wp-image-4958\" src=\"https:\/\/blogsaverroes.juntadeandalucia.es\/ceiptiernogalvansevilla\/files\/2022\/01\/20220126_095941.jpg\" alt=\"\" width=\"584\" height=\"472\" srcset=\"https:\/\/blogsaverroes.juntadeandalucia.es\/ceiptiernogalvansevilla\/files\/2022\/01\/20220126_095941.jpg 1410w, https:\/\/blogsaverroes.juntadeandalucia.es\/ceiptiernogalvansevilla\/files\/2022\/01\/20220126_095941-300x242.jpg 300w, https:\/\/blogsaverroes.juntadeandalucia.es\/ceiptiernogalvansevilla\/files\/2022\/01\/20220126_095941-1024x826.jpg 1024w, https:\/\/blogsaverroes.juntadeandalucia.es\/ceiptiernogalvansevilla\/files\/2022\/01\/20220126_095941-768x620.jpg 768w\" sizes=\"(max-width: 584px) 100vw, 584px\" \/><\/a><\/p>\n","protected":false},"excerpt":{"rendered":"<p>YA PUEDE VISITARSE LA EXPOSICI\u00d3N PARA EL D\u00cdA DE LA PAZ EN EL CENTRO C\u00cdVICO DE LA BARRIADA EN EL QUE HA PARTICIPADO TODO NUESTRO ALUMNADO DEL CENTRO:<\/p>\n","protected":false},"author":6788,"featured_media":0,"comment_status":"open","ping_status":"open","sticky":false,"template":"","format":"standard","meta":{"ngg_post_thumbnail":0,"footnotes":""},"categories":[11909],"tags":[],"aioseo_notices":[],"_links":{"self":[{"href":"https:\/\/blogsaverroes.juntadeandalucia.es\/ceiptiernogalvansevilla\/wp-json\/wp\/v2\/posts\/4924"}],"collection":[{"href":"https:\/\/blogsaverroes.juntadeandalucia.es\/ceiptiernogalvansevilla\/wp-json\/wp\/v2\/posts"}],"about":[{"href":"https:\/\/blogsaverroes.juntadeandalucia.es\/ceiptiernogalvansevilla\/wp-json\/wp\/v2\/types\/post"}],"author":[{"embeddable":true,"href":"https:\/\/blogsaverroes.juntadeandalucia.es\/ceiptiernogalvansevilla\/wp-json\/wp\/v2\/users\/6788"}],"replies":[{"embeddable":true,"href":"https:\/\/blogsaverroes.juntadeandalucia.es\/ceiptiernogalvansevilla\/wp-json\/wp\/v2\/comments?post=4924"}],"version-history":[{"count":4,"href":"https:\/\/blogsaverroes.juntadeandalucia.es\/ceiptiernogalvansevilla\/wp-json\/wp\/v2\/posts\/4924\/revisions"}],"predecessor-version":[{"id":4959,"href":"https:\/\/blogsaverroes.juntadeandalucia.es\/ceiptiernogalvansevilla\/wp-json\/wp\/v2\/posts\/4924\/revisions\/4959"}],"wp:attachment":[{"href":"https:\/\/blogsaverroes.juntadeandalucia.es\/ceiptiernogalvansevilla\/wp-json\/wp\/v2\/media?parent=4924"}],"wp:term":[{"taxonomy":"category","embeddable":true,"href":"https:\/\/blogsaverroes.juntadeandalucia.es\/ceiptiernogalvansevilla\/wp-json\/wp\/v2\/categories?post=4924"},{"taxonomy":"post_tag","embeddable":true,"href":"https:\/\/blogsaverroes.juntadeandalucia.es\/ceiptiernogalvansevilla\/wp-json\/wp\/v2\/tags?post=4924"}],"curies":[{"name":"wp","href":"https:\/\/api.w.org\/{rel}","templated":true}]}}