{"id":5420,"date":"2022-03-25T19:26:55","date_gmt":"2022-03-25T19:26:55","guid":{"rendered":"https:\/\/blogsaverroes.juntadeandalucia.es\/ceiptiernogalvansevilla\/?p=5420"},"modified":"2022-03-25T19:26:55","modified_gmt":"2022-03-25T19:26:55","slug":"premios-del-concurso-de-mandalas","status":"publish","type":"post","link":"https:\/\/blogsaverroes.juntadeandalucia.es\/ceiptiernogalvansevilla\/2022\/03\/25\/premios-del-concurso-de-mandalas\/","title":{"rendered":"PREMIOS DEL CONCURSO DE MANDALAS"},"content":{"rendered":"<h1 style=\"text-align: center\"><span style=\"color: #000000\"><strong>ESTA MA\u00d1ANA, HEMOS RECIBIDO LOS PREMIOS DEL PASADO \u00abCONCURSO DE MANDALAS\u00bb ORGANIZADO POR EL DISTRITO ESTE-ALCOSA-TORREBLANCA. COMO YA INFORMAMOS, LA ALUMNA SOF\u00cdA M\u00c1RQUEZ GONZ\u00c1LEZ DE LA TUTOR\u00cdA DE 4\u00ba DE EDUCACI\u00d3N PRIMARIA, OBTUVO EL 2\u00ba PREMIO.&nbsp;<\/strong><\/span><\/h1>\n<p>&nbsp;<\/p>\n<h2 style=\"text-align: center\"><span style=\"color: #000000\"><em>CLIKA EN EL SIGUIENTE ENLACE DE COLOR ROJO PARA VER EL MOMENTO DE LA ENTREGA:<\/em><\/span><\/h2>\n<h1 style=\"text-align: center\"><span style=\"color: #ff0000\"><strong><a style=\"color: #ff0000\" href=\"https:\/\/www.youtube.com\/watch?v=9i0ALupgC2Y\">https:\/\/www.youtube.com\/watch?v=9i0ALupgC2Y<\/a><\/strong><\/span><\/h1>\n<p>&nbsp;<\/p>\n","protected":false},"excerpt":{"rendered":"<p>ESTA MA\u00d1ANA, HEMOS RECIBIDO LOS PREMIOS DEL PASADO \u00abCONCURSO DE MANDALAS\u00bb ORGANIZADO POR EL DISTRITO ESTE-ALCOSA-TORREBLANCA. COMO YA INFORMAMOS, LA ALUMNA SOF\u00cdA M\u00c1RQUEZ GONZ\u00c1LEZ DE LA TUTOR\u00cdA DE 4\u00ba DE EDUCACI\u00d3N PRIMARIA, OBTUVO EL&#46;&#46;&#46;<\/p>\n","protected":false},"author":6788,"featured_media":0,"comment_status":"open","ping_status":"open","sticky":false,"template":"","format":"standard","meta":{"ngg_post_thumbnail":0,"footnotes":""},"categories":[11909],"tags":[],"aioseo_notices":[],"_links":{"self":[{"href":"https:\/\/blogsaverroes.juntadeandalucia.es\/ceiptiernogalvansevilla\/wp-json\/wp\/v2\/posts\/5420"}],"collection":[{"href":"https:\/\/blogsaverroes.juntadeandalucia.es\/ceiptiernogalvansevilla\/wp-json\/wp\/v2\/posts"}],"about":[{"href":"https:\/\/blogsaverroes.juntadeandalucia.es\/ceiptiernogalvansevilla\/wp-json\/wp\/v2\/types\/post"}],"author":[{"embeddable":true,"href":"https:\/\/blogsaverroes.juntadeandalucia.es\/ceiptiernogalvansevilla\/wp-json\/wp\/v2\/users\/6788"}],"replies":[{"embeddable":true,"href":"https:\/\/blogsaverroes.juntadeandalucia.es\/ceiptiernogalvansevilla\/wp-json\/wp\/v2\/comments?post=5420"}],"version-history":[{"count":1,"href":"https:\/\/blogsaverroes.juntadeandalucia.es\/ceiptiernogalvansevilla\/wp-json\/wp\/v2\/posts\/5420\/revisions"}],"predecessor-version":[{"id":5421,"href":"https:\/\/blogsaverroes.juntadeandalucia.es\/ceiptiernogalvansevilla\/wp-json\/wp\/v2\/posts\/5420\/revisions\/5421"}],"wp:attachment":[{"href":"https:\/\/blogsaverroes.juntadeandalucia.es\/ceiptiernogalvansevilla\/wp-json\/wp\/v2\/media?parent=5420"}],"wp:term":[{"taxonomy":"category","embeddable":true,"href":"https:\/\/blogsaverroes.juntadeandalucia.es\/ceiptiernogalvansevilla\/wp-json\/wp\/v2\/categories?post=5420"},{"taxonomy":"post_tag","embeddable":true,"href":"https:\/\/blogsaverroes.juntadeandalucia.es\/ceiptiernogalvansevilla\/wp-json\/wp\/v2\/tags?post=5420"}],"curies":[{"name":"wp","href":"https:\/\/api.w.org\/{rel}","templated":true}]}}