{"id":7181,"date":"2023-10-09T11:09:08","date_gmt":"2023-10-09T11:09:08","guid":{"rendered":"https:\/\/blogsaverroes.juntadeandalucia.es\/ceiptiernogalvansevilla\/?p=7181"},"modified":"2023-10-25T07:25:51","modified_gmt":"2023-10-25T07:25:51","slug":"cancion-de-bienvenida","status":"publish","type":"post","link":"https:\/\/blogsaverroes.juntadeandalucia.es\/ceiptiernogalvansevilla\/2023\/10\/09\/cancion-de-bienvenida\/","title":{"rendered":"CANCI\u00d3N DE BIENVENIDA"},"content":{"rendered":"<h3 style=\"text-align: center\"><span style=\"color: #000000\"><strong>LA TUTOR\u00cdA DE <span style=\"color: #008000\">1\u00ba DE EDUCACI\u00d3N PRIMARIA<\/span> INTERPRETANDO LA \u00ab<span style=\"color: #ff6600\">CANCION DE BIENVENIDA<\/span>\u00bb APRENDIDA CON LA MAESTRA ELISA:<\/strong><\/span><\/h3>\n<div style=\"width: 848px;\" class=\"wp-video\"><!--[if lt IE 9]><script>document.createElement('video');<\/script><![endif]-->\n<video class=\"wp-video-shortcode\" id=\"video-7181-1\" width=\"848\" height=\"480\" preload=\"metadata\" controls=\"controls\"><source type=\"video\/mp4\" src=\"https:\/\/blogsaverroes.juntadeandalucia.es\/ceiptiernogalvansevilla\/files\/2023\/10\/VID-20231009-WA0013.mp4?_=1\" \/><a href=\"https:\/\/blogsaverroes.juntadeandalucia.es\/ceiptiernogalvansevilla\/files\/2023\/10\/VID-20231009-WA0013.mp4\">https:\/\/blogsaverroes.juntadeandalucia.es\/ceiptiernogalvansevilla\/files\/2023\/10\/VID-20231009-WA0013.mp4<\/a><\/video><\/div>\n<h3 style=\"text-align: center\"><span style=\"color: #000000\"><strong>ADEM\u00c1S, TAMBI\u00c9N APRENDEN OTRAS DE FORMA L\u00daDICA:<\/strong><\/span><\/h3>\n<div style=\"width: 848px;\" class=\"wp-video\"><video class=\"wp-video-shortcode\" id=\"video-7181-2\" width=\"848\" height=\"480\" preload=\"metadata\" controls=\"controls\"><source type=\"video\/mp4\" src=\"https:\/\/blogsaverroes.juntadeandalucia.es\/ceiptiernogalvansevilla\/files\/2023\/10\/VID-20231009-WA0014.mp4?_=2\" \/><a href=\"https:\/\/blogsaverroes.juntadeandalucia.es\/ceiptiernogalvansevilla\/files\/2023\/10\/VID-20231009-WA0014.mp4\">https:\/\/blogsaverroes.juntadeandalucia.es\/ceiptiernogalvansevilla\/files\/2023\/10\/VID-20231009-WA0014.mp4<\/a><\/video><\/div>\n","protected":false},"excerpt":{"rendered":"<p>LA TUTOR\u00cdA DE 1\u00ba DE EDUCACI\u00d3N PRIMARIA INTERPRETANDO LA \u00abCANCION DE BIENVENIDA\u00bb APRENDIDA CON LA MAESTRA ELISA: ADEM\u00c1S, TAMBI\u00c9N APRENDEN OTRAS DE FORMA L\u00daDICA:<\/p>\n","protected":false},"author":6788,"featured_media":7260,"comment_status":"open","ping_status":"open","sticky":false,"template":"","format":"standard","meta":{"ngg_post_thumbnail":0,"footnotes":""},"categories":[11909],"tags":[],"aioseo_notices":[],"_links":{"self":[{"href":"https:\/\/blogsaverroes.juntadeandalucia.es\/ceiptiernogalvansevilla\/wp-json\/wp\/v2\/posts\/7181"}],"collection":[{"href":"https:\/\/blogsaverroes.juntadeandalucia.es\/ceiptiernogalvansevilla\/wp-json\/wp\/v2\/posts"}],"about":[{"href":"https:\/\/blogsaverroes.juntadeandalucia.es\/ceiptiernogalvansevilla\/wp-json\/wp\/v2\/types\/post"}],"author":[{"embeddable":true,"href":"https:\/\/blogsaverroes.juntadeandalucia.es\/ceiptiernogalvansevilla\/wp-json\/wp\/v2\/users\/6788"}],"replies":[{"embeddable":true,"href":"https:\/\/blogsaverroes.juntadeandalucia.es\/ceiptiernogalvansevilla\/wp-json\/wp\/v2\/comments?post=7181"}],"version-history":[{"count":3,"href":"https:\/\/blogsaverroes.juntadeandalucia.es\/ceiptiernogalvansevilla\/wp-json\/wp\/v2\/posts\/7181\/revisions"}],"predecessor-version":[{"id":7188,"href":"https:\/\/blogsaverroes.juntadeandalucia.es\/ceiptiernogalvansevilla\/wp-json\/wp\/v2\/posts\/7181\/revisions\/7188"}],"wp:featuredmedia":[{"embeddable":true,"href":"https:\/\/blogsaverroes.juntadeandalucia.es\/ceiptiernogalvansevilla\/wp-json\/wp\/v2\/media\/7260"}],"wp:attachment":[{"href":"https:\/\/blogsaverroes.juntadeandalucia.es\/ceiptiernogalvansevilla\/wp-json\/wp\/v2\/media?parent=7181"}],"wp:term":[{"taxonomy":"category","embeddable":true,"href":"https:\/\/blogsaverroes.juntadeandalucia.es\/ceiptiernogalvansevilla\/wp-json\/wp\/v2\/categories?post=7181"},{"taxonomy":"post_tag","embeddable":true,"href":"https:\/\/blogsaverroes.juntadeandalucia.es\/ceiptiernogalvansevilla\/wp-json\/wp\/v2\/tags?post=7181"}],"curies":[{"name":"wp","href":"https:\/\/api.w.org\/{rel}","templated":true}]}}