{"id":2462,"date":"2020-02-06T19:11:06","date_gmt":"2020-02-06T18:11:06","guid":{"rendered":"https:\/\/blogsaverroes.juntadeandalucia.es\/ceiptirsodemolina\/?p=2462"},"modified":"2020-02-06T19:11:06","modified_gmt":"2020-02-06T18:11:06","slug":"el-ceip-tirso-de-molina-uno-de-los-10-centros-seleccionados-para-participar-en-la-actividad-descubre-medina-azahara","status":"publish","type":"post","link":"https:\/\/blogsaverroes.juntadeandalucia.es\/ceiptirsodemolina\/2020\/02\/06\/el-ceip-tirso-de-molina-uno-de-los-10-centros-seleccionados-para-participar-en-la-actividad-descubre-medina-azahara\/","title":{"rendered":"El CEIP Tirso de Molina uno de los 10 centros seleccionados para participar en la actividad \u201cDescubre Medina Azahara\u201d"},"content":{"rendered":"<p style=\"text-align: justify\">Los alumnos de 5\u00ba y 6\u00ba de EPO han podido disfrutar de dos jornadas de acercamiento al conocimiento de este conjunto arqueol\u00f3gico Patrimonio de la Humanidad. La primera de ellas ha consistido en una charla en nuestro centro a cargo de una arque\u00f3loga, con la presentaci\u00f3n de un Cuaderno Did\u00e1ctico de Medina Azahara, que luego l@s alumn@s han utilizado durante la visita a Medina Azahara realizada en la segunda jornada de esta actividad, visita tambi\u00e9n guiada por arque\u00f3logos y t\u00e9cnicos.<\/p>\n<p>Aqu\u00ed os dejamos el enlace a la noticia en prensa:<\/p>\n<p><a href=\"https:\/\/m.europapress.es\/andalucia\/educacion-00651\/noticia-junta-pone-marcha-actividad-descubre-medina-azahara-destinada-centros-educativos-cordoba-20200204183401.html\">https:\/\/m.europapress.es\/andalucia\/educacion-00651\/noticia-junta-pone-marcha-actividad-descubre-medina-azahara-destinada-centros-educativos-cordoba-20200204183401.html<\/a><\/p>\n<p>&nbsp;<\/p>\n","protected":false},"excerpt":{"rendered":"<p>Los alumnos de 5\u00ba y 6\u00ba de EPO han podido disfrutar de dos jornadas de acercamiento al conocimiento de este conjunto arqueol\u00f3gico Patrimonio de la Humanidad. La primera de ellas ha consistido en una charla en nuestro centro a cargo de una arque\u00f3loga, con la presentaci\u00f3n de un Cuaderno Did\u00e1ctico de Medina Azahara, que luego &hellip; <\/p>\n<p><a class=\"more-link btn\" href=\"https:\/\/blogsaverroes.juntadeandalucia.es\/ceiptirsodemolina\/2020\/02\/06\/el-ceip-tirso-de-molina-uno-de-los-10-centros-seleccionados-para-participar-en-la-actividad-descubre-medina-azahara\/\">Seguir leyendo<\/a><\/p>\n","protected":false},"author":7653,"featured_media":2463,"comment_status":"closed","ping_status":"closed","sticky":false,"template":"","format":"standard","meta":{"ngg_post_thumbnail":0,"footnotes":""},"categories":[11909],"tags":[],"aioseo_notices":[],"_links":{"self":[{"href":"https:\/\/blogsaverroes.juntadeandalucia.es\/ceiptirsodemolina\/wp-json\/wp\/v2\/posts\/2462"}],"collection":[{"href":"https:\/\/blogsaverroes.juntadeandalucia.es\/ceiptirsodemolina\/wp-json\/wp\/v2\/posts"}],"about":[{"href":"https:\/\/blogsaverroes.juntadeandalucia.es\/ceiptirsodemolina\/wp-json\/wp\/v2\/types\/post"}],"author":[{"embeddable":true,"href":"https:\/\/blogsaverroes.juntadeandalucia.es\/ceiptirsodemolina\/wp-json\/wp\/v2\/users\/7653"}],"replies":[{"embeddable":true,"href":"https:\/\/blogsaverroes.juntadeandalucia.es\/ceiptirsodemolina\/wp-json\/wp\/v2\/comments?post=2462"}],"version-history":[{"count":1,"href":"https:\/\/blogsaverroes.juntadeandalucia.es\/ceiptirsodemolina\/wp-json\/wp\/v2\/posts\/2462\/revisions"}],"predecessor-version":[{"id":2464,"href":"https:\/\/blogsaverroes.juntadeandalucia.es\/ceiptirsodemolina\/wp-json\/wp\/v2\/posts\/2462\/revisions\/2464"}],"wp:featuredmedia":[{"embeddable":true,"href":"https:\/\/blogsaverroes.juntadeandalucia.es\/ceiptirsodemolina\/wp-json\/wp\/v2\/media\/2463"}],"wp:attachment":[{"href":"https:\/\/blogsaverroes.juntadeandalucia.es\/ceiptirsodemolina\/wp-json\/wp\/v2\/media?parent=2462"}],"wp:term":[{"taxonomy":"category","embeddable":true,"href":"https:\/\/blogsaverroes.juntadeandalucia.es\/ceiptirsodemolina\/wp-json\/wp\/v2\/categories?post=2462"},{"taxonomy":"post_tag","embeddable":true,"href":"https:\/\/blogsaverroes.juntadeandalucia.es\/ceiptirsodemolina\/wp-json\/wp\/v2\/tags?post=2462"}],"curies":[{"name":"wp","href":"https:\/\/api.w.org\/{rel}","templated":true}]}}