{"id":2784,"date":"2020-12-21T11:30:20","date_gmt":"2020-12-21T10:30:20","guid":{"rendered":"https:\/\/blogsaverroes.juntadeandalucia.es\/ceiptirsodemolina\/?p=2784"},"modified":"2021-03-02T10:50:37","modified_gmt":"2021-03-02T09:50:37","slug":"navidad-2020","status":"publish","type":"post","link":"https:\/\/blogsaverroes.juntadeandalucia.es\/ceiptirsodemolina\/2020\/12\/21\/navidad-2020\/","title":{"rendered":"Navidad 2020"},"content":{"rendered":"<p>Desde el CEIP \u00abTirso de Molina\u00bb os deseamos unas <strong>\u00a1FELICES FIESTAS!&nbsp;<\/strong><\/p>\n<p>A continuaci\u00f3n podr\u00e1s disfrutar de los villancicos que se han preparado desde diferentes \u00e1reas, as\u00ed como nuestra felicitaci\u00f3n navide\u00f1a.<\/p>\n<p>Adem\u00e1s podr\u00e1s ver el precioso y emocionante v\u00eddeo, de la visita de los Reyes Magos, que nuestro AMPA Avicena ha realizado como regalo tanto para alumnos\/as como para maestras\/os.<\/p>\n<p style=\"text-align: center\"><span style=\"color: #ff00ff\"><em><strong>\u00a1Esperamos que os gusten!<\/strong><\/em><\/span><\/p>\n<p><em><strong>NUESTRA FELICITACI\u00d3N NAVIDE\u00d1A<\/strong><\/em><\/p>\n<table style=\"border-collapse: collapse;width: 100%\">\n<tbody>\n<tr>\n<td style=\"width: 100%\"><iframe src=\"https:\/\/view.genial.ly\/5fdf1e5160e6a00cfc74e596\" width=\"340\" height=\"328\" frameborder=\"0\" scrolling=\"yes\"><\/iframe><\/td>\n<\/tr>\n<\/tbody>\n<\/table>\n<p><em><strong>VISITA DE LOS REYES MAGOS (AMPA AVICENA)<\/strong><\/em><\/p>\n<table style=\"border-collapse: collapse;width: 100%\">\n<tbody>\n<tr>\n<td style=\"width: 100%\"><iframe src=\"\/\/www.youtube.com\/embed\/lJAYTf4dKNE\" width=\"450\" height=\"253\" frameborder=\"0\"><\/iframe><\/td>\n<\/tr>\n<\/tbody>\n<\/table>\n<p><em><strong>NAVIDAD EN INFANTIL<\/strong><\/em><\/p>\n<table style=\"border-collapse: collapse;width: 100%\">\n<tbody>\n<tr>\n<td style=\"width: 100%\"><iframe src=\"\/\/www.youtube.com\/embed\/cwfvM5fG-5A\" width=\"450\" height=\"253\" frameborder=\"0\"><\/iframe><\/td>\n<\/tr>\n<\/tbody>\n<\/table>\n<p><em><strong><br \/>\nVILLANCICO EN INGL\u00c9S \u00ab12 DAYS OF CHRISTMAS\u00bb<\/strong><\/em><\/p>\n<table style=\"border-collapse: collapse;width: 100%\">\n<tbody>\n<tr>\n<td style=\"width: 100%\"><iframe src=\"\/\/www.youtube.com\/embed\/mwAPB592QJ4\" width=\"450\" height=\"315\" frameborder=\"0\"><\/iframe><\/td>\n<\/tr>\n<\/tbody>\n<\/table>\n<p>&nbsp;<\/p>\n<p><em><strong>VILLANCICO AULA ESPEC\u00cdFICA<\/strong><\/em><\/p>\n<table style=\"border-collapse: collapse;width: 100%\">\n<tbody>\n<tr>\n<td style=\"width: 100%\"><iframe src=\"\/\/www.youtube.com\/embed\/8Xe2nosRtGw\" width=\"450\" height=\"253\" frameborder=\"0\"><\/iframe><\/td>\n<\/tr>\n<\/tbody>\n<\/table>\n<p>&nbsp;<\/p>\n<p><em><strong>VILLANCICOS TRABAJADOS DESDE EL \u00c1REA DE M\u00daSICA<\/strong><\/em><\/p>\n<p><iframe src=\"\/\/www.youtube.com\/embed\/btuolbEHIRI\" width=\"250\" height=\"200\" frameborder=\"0\"><\/iframe><\/p>\n<p><iframe src=\"\/\/www.youtube.com\/embed\/5bTmtDYsB9k\" width=\"250\" height=\"200\" frameborder=\"0\"><\/iframe><\/p>\n<p><iframe src=\"\/\/www.youtube.com\/embed\/2ei2AGmMTM4\" width=\"250\" height=\"200\" frameborder=\"0\"><\/iframe><\/p>\n<p><iframe src=\"\/\/www.youtube.com\/embed\/kxKUXtTUugs\" width=\"250\" height=\"200\" frameborder=\"0\"><\/iframe><\/p>\n<p><iframe src=\"\/\/www.youtube.com\/embed\/dOLgcBbo0FA\" width=\"250\" height=\"200\" frameborder=\"0\"><\/iframe><\/p>\n<p><iframe src=\"\/\/www.youtube.com\/embed\/8Edbjva3f8Y\" width=\"250\" height=\"200\" frameborder=\"0\"><\/iframe><\/p>\n<p><iframe src=\"\/\/www.youtube.com\/embed\/EPyYRNXbGI4\" width=\"250\" height=\"200\" frameborder=\"0\"><\/iframe><\/p>\n","protected":false},"excerpt":{"rendered":"<p>Desde el CEIP \u00abTirso de Molina\u00bb os deseamos unas \u00a1FELICES FIESTAS!&nbsp; A continuaci\u00f3n podr\u00e1s disfrutar de los villancicos que se han preparado desde diferentes \u00e1reas, as\u00ed como nuestra felicitaci\u00f3n navide\u00f1a. Adem\u00e1s podr\u00e1s ver el precioso y emocionante v\u00eddeo, de la visita de los Reyes Magos, que nuestro AMPA Avicena ha realizado como regalo tanto para &hellip; <\/p>\n<p><a class=\"more-link btn\" href=\"https:\/\/blogsaverroes.juntadeandalucia.es\/ceiptirsodemolina\/2020\/12\/21\/navidad-2020\/\">Seguir leyendo<\/a><\/p>\n","protected":false},"author":7653,"featured_media":2801,"comment_status":"closed","ping_status":"closed","sticky":false,"template":"","format":"standard","meta":{"ngg_post_thumbnail":0,"footnotes":""},"categories":[5991,526],"tags":[],"aioseo_notices":[],"_links":{"self":[{"href":"https:\/\/blogsaverroes.juntadeandalucia.es\/ceiptirsodemolina\/wp-json\/wp\/v2\/posts\/2784"}],"collection":[{"href":"https:\/\/blogsaverroes.juntadeandalucia.es\/ceiptirsodemolina\/wp-json\/wp\/v2\/posts"}],"about":[{"href":"https:\/\/blogsaverroes.juntadeandalucia.es\/ceiptirsodemolina\/wp-json\/wp\/v2\/types\/post"}],"author":[{"embeddable":true,"href":"https:\/\/blogsaverroes.juntadeandalucia.es\/ceiptirsodemolina\/wp-json\/wp\/v2\/users\/7653"}],"replies":[{"embeddable":true,"href":"https:\/\/blogsaverroes.juntadeandalucia.es\/ceiptirsodemolina\/wp-json\/wp\/v2\/comments?post=2784"}],"version-history":[{"count":40,"href":"https:\/\/blogsaverroes.juntadeandalucia.es\/ceiptirsodemolina\/wp-json\/wp\/v2\/posts\/2784\/revisions"}],"predecessor-version":[{"id":2826,"href":"https:\/\/blogsaverroes.juntadeandalucia.es\/ceiptirsodemolina\/wp-json\/wp\/v2\/posts\/2784\/revisions\/2826"}],"wp:featuredmedia":[{"embeddable":true,"href":"https:\/\/blogsaverroes.juntadeandalucia.es\/ceiptirsodemolina\/wp-json\/wp\/v2\/media\/2801"}],"wp:attachment":[{"href":"https:\/\/blogsaverroes.juntadeandalucia.es\/ceiptirsodemolina\/wp-json\/wp\/v2\/media?parent=2784"}],"wp:term":[{"taxonomy":"category","embeddable":true,"href":"https:\/\/blogsaverroes.juntadeandalucia.es\/ceiptirsodemolina\/wp-json\/wp\/v2\/categories?post=2784"},{"taxonomy":"post_tag","embeddable":true,"href":"https:\/\/blogsaverroes.juntadeandalucia.es\/ceiptirsodemolina\/wp-json\/wp\/v2\/tags?post=2784"}],"curies":[{"name":"wp","href":"https:\/\/api.w.org\/{rel}","templated":true}]}}